{"id":50121,"date":"2021-10-03T01:30:18","date_gmt":"2021-10-02T21:30:18","guid":{"rendered":"https:\/\/fedai.az\/?p=50121"},"modified":"2021-10-03T01:30:23","modified_gmt":"2021-10-02T21:30:23","slug":"caliber-az%c9%99rbaycan-yenid%c9%99n-at%c9%99s-altindadir-video","status":"publish","type":"post","link":"https:\/\/fedai.az\/?p=50121","title":{"rendered":"Caliber: Az\u0259rbaycan yenid\u0259n at\u0259\u015f alt\u0131ndad\u0131r? \u2013 V\u0130DEO"},"content":{"rendered":"\n<p><strong>\u201c\u00d6t\u0259n ilin sonu-bu ilin \u0259vv\u0259lind\u0259 C\u0259nubi Qafqazda m\u00fcharib\u0259 sonras\u0131 g\u00fcc balans\u0131n\u0131n konfiqurasiyas\u0131 daha konkret \u015f\u0259kild\u0259 formala\u015fma\u011fa ba\u015flayanda, biz\u0259 eyni vaxtda iki Avropa \u00f6lk\u0259sind\u0259 Az\u0259rbaycana qar\u015f\u0131 sinxron v\u0259 uzunm\u00fcdd\u0259tli media kampaniyas\u0131 planla\u015fd\u0131r\u0131lmas\u0131 bar\u0259d\u0259 \u0259vv\u0259lc\u0259 dolay\u0131, sonra is\u0259 birba\u015fa siqnallar g\u0259lm\u0259y\u0259 ba\u015flad\u0131\u201d.<\/strong><\/p>\n\n\n\n<p><strong>NOCOMMENT.az<\/strong>\u00a0x\u0259b\u0259r verir ki, bu bar\u0259d\u0259 \u201cCaliber\u201din n\u00f6vb\u0259ti geni\u015f t\u0259hlilind\u0259 qeyd olunur.<\/p>\n\n\n\n<p>Layih\u0259 m\u00fc\u0259llifl\u0259ri qeyd edir ki, \u0259vv\u0259lc\u0259 bu m\u0259s\u0259l\u0259y\u0259 o q\u0259d\u0259r d\u0259 ciddi yana\u015f\u0131lmay\u0131b, \u00e7\u00fcnki Q\u0259rbd\u0259ki t\u0259r\u0259fda\u015flar\u0131n m\u00fcharib\u0259 v\u0259 onun yekunlar\u0131 fonunda davran\u0131\u015flar\u0131 bel\u0259 bir hadis\u0259nin ba\u015f verm\u0259si ehtimal\u0131n\u0131 m\u00fcmk\u00fcn edib.<\/p>\n\n\n\n<p>\u00dcst\u0259lik, Az\u0259rbaycandan olan m\u00fcxalif \u201cbloqerl\u0259r\u201d v\u0259 \u201cjurnalistl\u0259r\u201d kimi q\u0259l\u0259m\u0259 veril\u0259n agentl\u0259r vasit\u0259si il\u0259 Az\u0259rbaycan\u0131n informasiya m\u0259kan\u0131na eyni vaxtda d\u00f6rd Avropa telekanal\u0131nda v\u0259 h\u0259tta \u201cNetflix\u201dd\u0259 Az\u0259rbaycan\u0131n \u0259leyhin\u0259 s\u0259n\u0259dli filml\u0259rin yay\u0131mlanaca\u011f\u0131 anons edildi. Burada se\u00e7ilmi\u015f vaxt da maraq do\u011furur: V\u0259t\u0259n M\u00fcharib\u0259sinin ild\u00f6n\u00fcm\u00fc\u2026<\/p>\n\n\n\n<p>Bu v\u0259 dig\u0259r maraql\u0131 m\u0259qamlar \u0259trafl\u0131 \u015f\u0259kild\u0259 \u201cCaliber\u201din n\u00f6vb\u0259ti videosunda:<\/p>\n\n\n\n<figure class=\"wp-block-embed is-type-video is-provider-youtube wp-block-embed-youtube wp-embed-aspect-16-9 wp-has-aspect-ratio\"><div class=\"wp-block-embed__wrapper\">\n<iframe loading=\"lazy\" title=\"\u0418\u043d\u0444\u043e\u0432\u043e\u0439\u043d\u044b: \u0410\u0437\u0435\u0440\u0431\u0430\u0439\u0434\u0436\u0430\u043d \u0432\u043d\u043e\u0432\u044c \u043f\u043e\u0434 \u043e\u0433\u043d\u0435\u043c?\" width=\"715\" height=\"402\" src=\"https:\/\/www.youtube.com\/embed\/GvznMm0JU24?feature=oembed\" frameborder=\"0\" allow=\"accelerometer; autoplay; clipboard-write; encrypted-media; gyroscope; picture-in-picture\" allowfullscreen><\/iframe>\n<\/div><\/figure>\n","protected":false},"excerpt":{"rendered":"<p>\u201c\u00d6t\u0259n ilin sonu-bu ilin \u0259vv\u0259lind\u0259 C\u0259nubi Qafqazda m\u00fcharib\u0259 sonras\u0131 g\u00fcc balans\u0131n\u0131n konfiqurasiyas\u0131 daha konkret \u015f\u0259kild\u0259 formala\u015fma\u011fa ba\u015flayanda, biz\u0259 eyni vaxtda iki Avropa \u00f6lk\u0259sind\u0259 Az\u0259rbaycana<\/p>\n","protected":false},"author":2,"featured_media":50122,"comment_status":"closed","ping_status":"closed","sticky":false,"template":"","format":"standard","meta":{"footnotes":""},"categories":[6],"tags":[],"class_list":["post-50121","post","type-post","status-publish","format-standard","has-post-thumbnail","hentry","category-arasdirma"],"aioseo_notices":[],"_links":{"self":[{"href":"https:\/\/fedai.az\/index.php?rest_route=\/wp\/v2\/posts\/50121","targetHints":{"allow":["GET"]}}],"collection":[{"href":"https:\/\/fedai.az\/index.php?rest_route=\/wp\/v2\/posts"}],"about":[{"href":"https:\/\/fedai.az\/index.php?rest_route=\/wp\/v2\/types\/post"}],"author":[{"embeddable":true,"href":"https:\/\/fedai.az\/index.php?rest_route=\/wp\/v2\/users\/2"}],"replies":[{"embeddable":true,"href":"https:\/\/fedai.az\/index.php?rest_route=%2Fwp%2Fv2%2Fcomments&post=50121"}],"version-history":[{"count":1,"href":"https:\/\/fedai.az\/index.php?rest_route=\/wp\/v2\/posts\/50121\/revisions"}],"predecessor-version":[{"id":50123,"href":"https:\/\/fedai.az\/index.php?rest_route=\/wp\/v2\/posts\/50121\/revisions\/50123"}],"wp:featuredmedia":[{"embeddable":true,"href":"https:\/\/fedai.az\/index.php?rest_route=\/wp\/v2\/media\/50122"}],"wp:attachment":[{"href":"https:\/\/fedai.az\/index.php?rest_route=%2Fwp%2Fv2%2Fmedia&parent=50121"}],"wp:term":[{"taxonomy":"category","embeddable":true,"href":"https:\/\/fedai.az\/index.php?rest_route=%2Fwp%2Fv2%2Fcategories&post=50121"},{"taxonomy":"post_tag","embeddable":true,"href":"https:\/\/fedai.az\/index.php?rest_route=%2Fwp%2Fv2%2Ftags&post=50121"}],"curies":[{"name":"wp","href":"https:\/\/api.w.org\/{rel}","templated":true}]}}