{"id":50124,"date":"2021-10-03T01:39:22","date_gmt":"2021-10-02T21:39:22","guid":{"rendered":"https:\/\/fedai.az\/?p=50124"},"modified":"2021-10-03T01:39:25","modified_gmt":"2021-10-02T21:39:25","slug":"vladimir-putinin-r%c9%99c%c9%99b-tayyib-%c9%99rdoganla-gorusu-basa-catsa-da-muzakir%c9%99l%c9%99r-davam-edir","status":"publish","type":"post","link":"https:\/\/fedai.az\/?p=50124","title":{"rendered":"Vladimir Putinin R\u0259c\u0259b Tayyib \u018frdo\u011fanla g\u00f6r\u00fc\u015f\u00fc ba\u015fa \u00e7atsa da m\u00fczakir\u0259l\u0259r davam edir"},"content":{"rendered":"\n<p><strong>Rusiya Prezidenti Vladimir Putinin t\u00fcrkiy\u0259li h\u0259mkar\u0131 R\u0259c\u0259b Tayyib \u018frdo\u011fanla g\u00f6r\u00fc\u015f\u00fc bar\u0259d\u0259 m\u00fcxt\u0259lif fikirl\u0259r m\u00f6vcuddur.<\/strong><\/p>\n\n\n\n<p><br>Anti T\u00fcrkiy\u0259 m\u00f6vqeyi il\u0259 se\u00e7il\u0259n Rusiya K\u0130V-l\u0259ri v\u0259 erm\u0259nip\u0259r\u0259st dair\u0259l\u0259r v\u0259chl\u0259 bu g\u00f6r\u00fc\u015f bar\u0259d\u0259 yanl\u0131\u015f m\u0259lumatlar yayma\u011fa \u00e7al\u0131\u015f\u0131rlar.<br>R\u0259smi olaraq h\u0259r iki t\u0259r\u0259fin \u0259ld\u0259 olunmu\u015f raz\u0131la\u015fmalardan s\u00f6z a\u00e7\u0131lsa da, Ura.ru yaz\u0131r ki, So\u00e7id\u0259 ke\u00e7iril\u0259n g\u00f6r\u00fc\u015fd\u0259 Rusiya Prezidenti Vladimir Putin t\u00fcrkiy\u0259li h\u0259mkar\u0131 R\u0259c\u0259b Tayyib \u018frdo\u011fana Ankaran\u0131n Suriya v\u0259 Qafqazdak\u0131 h\u0259r\u0259k\u0259tl\u0259ri il\u0259 ba\u011fl\u0131 ultimatum verib.<\/p>\n\n\n\n<p><br>Rusiya Federasiyas\u0131n\u0131n lideri y\u00fcks\u0259k s\u0259viyy\u0259li qona\u011fa d\u00f6vl\u0259tl\u0259rimiz aras\u0131ndak\u0131 m\u00fcnasib\u0259tl\u0259rin \u0259n h\u0259ssas n\u00f6qt\u0259sinin T\u00fcrkiy\u0259 iqtisadiyyat\u0131 oldu\u011funu bildirib.<\/p>\n\n\n\n<figure class=\"wp-block-image size-large\"><img loading=\"lazy\" decoding=\"async\" width=\"968\" height=\"544\" src=\"https:\/\/fedai.az\/wp-content\/uploads\/2021\/10\/983819_02.jpg\" alt=\"\" class=\"wp-image-50125\" srcset=\"https:\/\/fedai.az\/wp-content\/uploads\/2021\/10\/983819_02.jpg 968w, https:\/\/fedai.az\/wp-content\/uploads\/2021\/10\/983819_02-300x169.jpg 300w, https:\/\/fedai.az\/wp-content\/uploads\/2021\/10\/983819_02-150x84.jpg 150w, https:\/\/fedai.az\/wp-content\/uploads\/2021\/10\/983819_02-768x432.jpg 768w\" sizes=\"auto, (max-width: 968px) 100vw, 968px\" \/><\/figure>\n\n\n\n<p><br>Onlar\u0131n fikrinc\u0259, Moskva il\u0259 Ankara aras\u0131ndak\u0131 dialoqdak\u0131 iqtisadi arqument geosiyasi m\u00f6vzularda \u0259sas m\u00fczakir\u0259 m\u00f6vzusu olub.<\/p>\n\n\n\n<p><br>\u018frdo\u011fan Suriyan\u0131n \u0130dlib \u0259yal\u0259tind\u0259 T\u00fcrkiy\u0259nin varl\u0131\u011f\u0131n\u0131 g\u00fccl\u0259ndirm\u0259y\u0259 v\u0259 Zaqafqaziyada Rusiyan\u0131n i\u015fl\u0259rin\u0259 qar\u0131\u015fma\u011fa davam ed\u0259rs\u0259, Rusiya onun \u0259n z\u0259if yerin\u0259 &#8212; T\u00fcrkiy\u0259nin biznesin\u0259 z\u0259rb\u0259 vura bil\u0259r. Bunun \u00fc\u00e7\u00fcn Rusiyan\u0131n b\u00fct\u00fcn r\u0131\u00e7aqlar\u0131 var.<\/p>\n\n\n\n<p>&#171;\u0420\u0423\u0414\u041d Strateji Ara\u015fd\u0131rmalar v\u0259 Proqnozlar \u0130nstitutunun direktor m\u00fcavini, Rusiya Federasiyas\u0131 \u0130ctimai Palatas\u0131n\u0131n \u00fczv\u00fc Nikita Danyuk bildirib ki, bu ziddiyy\u0259tl\u0259r yax\u0131n g\u0259l\u0259c\u0259kd\u0259 h\u0259ll olunmasa, b\u0259zi iqtisadi layih\u0259l\u0259rin m\u0259hdudla\u015fd\u0131r\u0131laca\u011f\u0131n\u0131, turizm v\u0259 k\u0259nd t\u0259s\u0259rr\u00fcfat\u0131 idxal\u0131n\u0131n z\u0259r\u0259r \u00e7\u0259k\u0259c\u0259yini istisna etmir\u0259m&#187;.<\/p>\n\n\n\n<p><br>M\u00fcst\u0259qil Strateji Qiym\u0259tl\u0259ndirm\u0259 \u0130nstitutunun direktoru Sergey Oznobi\u015fev is\u0259 deyir ki, Putinl\u0259 \u018frdo\u011fan aras\u0131ndak\u0131 g\u00f6r\u00fc\u015f\u00fcn xeyirxah tonuna baxmayaraq, \u0259slind\u0259 Rusiya T\u00fcrkiy\u0259ni etibarl\u0131 t\u0259r\u0259fda\u015f olaraq g\u00f6rm\u00fcr.<\/p>\n\n\n\n<p>Politoloq, &#171;Siqnal T\u00fcrkiy\u0259y\u0259 g\u00f6nd\u0259rildi. N\u00f6vb\u0259ti turist ax\u0131n\u0131n\u0131n m\u0259hdudla\u015fd\u0131r\u0131lmas\u0131 \u015f\u0259klind\u0259 bir siqnal olacaq. V\u0259 bunun b\u0259han\u0259si \u0259lind\u0259dir &#8212; b\u00fct\u00fcn d\u00fcnyan\u0131 b\u00fcr\u00fcm\u00fc\u015f bir pandemiya&#187; &#8212; dey\u0259 m\u00f6vqe bildirib.<\/p>\n\n\n\n<p><br>Xat\u0131rladaq ki, 29 sentyabr, \u00e7\u0259r\u015f\u0259nb\u0259 g\u00fcn\u00fc Putinl\u0259 \u018frdo\u011fan aras\u0131nda dan\u0131\u015f\u0131qlar t\u0259xmin\u0259n \u00fc\u00e7 saat davam edib.<\/p>\n\n\n\n<p><br>&#171;Rusiya Prezidenti Vladimir Putinl\u0259 g\u00f6r\u00fc\u015f\u00fcm\u00fcz\u00fcn \u0259sas m\u00f6vzusu regional m\u0259s\u0259l\u0259l\u0259r oldu. G\u00f6r\u00fc\u015fd\u0259 &#171;Qaraba\u011f m\u0259s\u0259l\u0259sini da geni\u015f \u015f\u0259kild\u0259 m\u00fczakir\u0259 etdik. Birg\u0259 at\u0131lmas\u0131 m\u00fcmk\u00fcn olan add\u0131mlar bar\u0259d\u0259 s\u0259mimi fikir m\u00fcbadil\u0259si apard\u0131q&#187;.<\/p>\n\n\n\n<p><br>Bu fikirl\u0259ri T\u00fcrkiy\u0259 Prezidenti R\u0259c\u0259b Tayyib \u018frdo\u011fan bildirib. &#171;Z\u0259ng\u0259zur d\u0259hlizi b\u00fct\u00fcn b\u00f6lg\u0259 \u00fc\u00e7\u00fcn vacib imkan yaradacaq. Orada \u00e7\u0259kil\u0259c\u0259k avtomobil v\u0259 d\u0259mir yol x\u0259tti b\u00fct\u00fcn b\u00f6lg\u0259 \u00f6lk\u0259l\u0259ri \u00fc\u00e7\u00fcn iqtisadi-ticari imkanlar a\u00e7acaq. Az\u0259rbaycan bu d\u0259hliz \u00fc\u00e7\u00fcn \u00e7ox geni\u015f i\u015fl\u0259r g\u00f6r\u00fcr. T\u0259bii ki, Erm\u0259nistan t\u0259r\u0259finin bu d\u0259hlizl\u0259 ba\u011fl\u0131 \u00fcz\u0259rin\u0259 d\u00fc\u015f\u0259n \u00f6hd\u0259likl\u0259ri yerin\u0259 yetirm\u0259lidir\u201d, \u2013 R.T.\u018frdo\u011fan jurnalistl\u0259r\u0259 a\u00e7\u0131qlamas\u0131nda vur\u011fulay\u0131b.<\/p>\n\n\n\n<p><br>Z\u0259ng\u0259zur d\u0259hlizi b\u00fct\u00fcn b\u00f6lg\u0259 \u00fc\u00e7\u00fcn \u00f6n\u0259mli bir imkan olacaq.<\/p>\n\n\n\n<p>Bunu T\u00fcrkiy\u0259 Prezidenti R\u0259c\u0259b Tayyib \u018frdo\u011fan deyib.<\/p>\n\n\n\n<figure class=\"wp-block-image size-large\"><img loading=\"lazy\" decoding=\"async\" width=\"1024\" height=\"577\" src=\"https:\/\/fedai.az\/wp-content\/uploads\/2021\/10\/photo_38010237-1024x577.jpeg\" alt=\"\" class=\"wp-image-50126\" srcset=\"https:\/\/fedai.az\/wp-content\/uploads\/2021\/10\/photo_38010237-1024x577.jpeg 1024w, https:\/\/fedai.az\/wp-content\/uploads\/2021\/10\/photo_38010237-300x169.jpeg 300w, https:\/\/fedai.az\/wp-content\/uploads\/2021\/10\/photo_38010237-150x84.jpeg 150w, https:\/\/fedai.az\/wp-content\/uploads\/2021\/10\/photo_38010237-768x433.jpeg 768w, https:\/\/fedai.az\/wp-content\/uploads\/2021\/10\/photo_38010237.jpeg 1280w\" sizes=\"auto, (max-width: 1024px) 100vw, 1024px\" \/><\/figure>\n\n\n\n<p><br>\u201cBurada realla\u015facaq quru v\u0259 d\u0259mir yolu x\u0259tl\u0259ri b\u00fct\u00fcn b\u00f6lg\u0259 \u00f6lk\u0259l\u0259ri \u00fc\u00e7\u00fcn ticar\u0259t v\u0259 iqtisadiyyat f\u00fcrs\u0259tl\u0259ri g\u0259tir\u0259c\u0259k. Az\u0259rbaycan bu d\u0259hliz \u00fc\u00e7\u00fcn geni\u015fmiqyasl\u0131 i\u015fl\u0259r apar\u0131r. T\u0259bii ki, Erm\u0259nistan t\u0259r\u0259finin \u00f6hd\u0259likl\u0259rini icra etm\u0259si laz\u0131md\u0131r\u201d, \u2013 dey\u0259 o bildirib.<\/p>\n\n\n\n<p>Rusiya prezidenti T\u00fcrkiy\u0259nin Qaraba\u011f m\u0259s\u0259l\u0259sind\u0259ki rolunu bir daha qeyd edib:<\/p>\n\n\n\n<p><br>\u201cKreml sahibi anlay\u0131r ki, Rusiya ke\u00e7mi\u015f ill\u0259rd\u0259n f\u0259rqli olaraq, b\u00f6lg\u0259d\u0259 T\u00fcrkiy\u0259nin maraqlar\u0131n\u0131 n\u0259z\u0259r\u0259 almadan h\u0259r\u0259k\u0259t ed\u0259 bilm\u0259y\u0259c\u0259k. Ancaq Putin eyni zamanda T\u00fcrkiy\u0259nin d\u0259 Rusiyan\u0131n C\u0259nubi Qafqazdak\u0131 maraqlar\u0131yla hesabla\u015fmas\u0131n\u0131 ist\u0259yir.<\/p>\n\n\n\n<p><br>Ayd\u0131nd\u0131r ki, Kreml Az\u0259rbaycan\u0131n v\u0259 T\u00fcrkiy\u0259nin maraqlar\u0131n\u0131 tam \u015f\u0259kild\u0259 n\u0259z\u0259r\u0259 almayacaq v\u0259 bir g\u00f6r\u00fc\u015fl\u0259 b\u00fct\u00fcn suallara cavab verm\u0259k m\u00fcmk\u00fcn deyil. Buna baxmayaraq, So\u00e7id\u0259 T\u00fcrkiy\u0259 v\u0259 Rusiya prezidentl\u0259rinin n\u00f6vb\u0259ti g\u00f6r\u00fc\u015f\u00fc Az\u0259rbaycan\u0131n maraqlar\u0131na cavab verir. Bu g\u00f6r\u00fc\u015fl\u0259rin m\u00fct\u0259madi ke\u00e7irilm\u0259si v\u0259 liderl\u0259r aras\u0131nda telefon dan\u0131\u015f\u0131qlar\u0131 t\u0259r\u0259fl\u0259rin bir-birind\u0259n as\u0131l\u0131l\u0131\u011f\u0131n\u0131 art\u0131r\u0131r. \u018flb\u0259tt\u0259, h\u0259r iki d\u00f6vl\u0259tin liderinin bax\u0131\u015flar\u0131nda f\u0259rql\u0259r d\u0259 var, ancaq \u00f6n\u0259mli olan dialoqun davam etm\u0259si v\u0259 ortaq n\u00f6qt\u0259l\u0259rin tap\u0131lmas\u0131d\u0131r\u201d.<\/p>\n\n\n\n<p>Bu g\u00f6r\u00fc\u015fl\u0259 ba\u011fl\u0131 Az\u0259rbaycan Respublikas\u0131n\u0131n Prezidenti \u0130lham \u018fliyev \u0130spaniyan\u0131n EFE informasiya agentliyin\u0259 m\u00fcsahib\u0259sind\u0259 deyib:<\/p>\n\n\n\n<p><br>&#171;Y\u0259qin bilirsiniz, bu yax\u0131nlarda iki \u00f6lk\u0259 prezidentl\u0259rinin g\u00f6r\u00fc\u015f\u00fc oldu. Dig\u0259r m\u0259s\u0259l\u0259l\u0259rl\u0259 yana\u015f\u0131, onlar Erm\u0259nistanla Az\u0259rbaycan aras\u0131nda v\u0259ziyy\u0259ti m\u00fczakir\u0259 etdil\u0259r. Biz h\u0259r iki \u00f6lk\u0259nin rolunu \u00e7ox m\u00fcsb\u0259t, sabitl\u0259\u015fdirici rol kimi d\u0259y\u0259rl\u0259ndiririk. Fikrimc\u0259, bu, yeni regional \u0259m\u0259kda\u015fl\u0131q d\u00fcsturunun \u00f6z\u0259yini t\u0259\u015fkil edir&#187;.<\/p>\n\n\n\n<p><br>R\u0259smi olaraq, T\u00fcrkiy\u0259nin Prezident Administrasiyas\u0131n\u0131n s\u00f6z\u00e7\u00fcs\u00fc \u0130brahim Kal\u0131n \u201cHaber Global\u201da m\u00fcsahib\u0259sind\u0259 bel\u0259 deyib. O bildirib:<br>\u201c\u0130\u015f\u011faldan azad olunan Qaraba\u011f torpa\u011f\u0131nda b\u0259rpa i\u015fl\u0259ri s\u00fcr\u0259tl\u0259 davam etdirilir. Bir ild\u0259 \u0259ld\u0259 edil\u0259n n\u0259tic\u0259ni g\u00f6rs\u0259niz, q\u00fcrur duyars\u0131n\u0131z. F\u00fczuli aeroportunun in\u015fas\u0131 bitm\u0259k \u00fczr\u0259dir. Yax\u0131n vaxtlarda hava liman\u0131n\u0131n a\u00e7\u0131l\u0131\u015f\u0131 olacaq. T\u00fcrkiy\u0259 Prezidenti R\u0259c\u0259b Tayyib \u018frdo\u011fan da a\u00e7\u0131l\u0131\u015f m\u0259rasimin\u0259 qat\u0131lacaq\u201d.<\/p>\n\n\n\n<p><br>New York Times: &#171;AB\u015e &#171;Patriot\u201d kompleksl\u0259rini satsayd\u0131, T\u00fcrkiy\u0259 Rusiyadan S-400 hava m\u00fcdafi\u0259 sisteml\u0259rini almazd\u0131\u201d.<br>Bu s\u00f6zl\u0259ri T\u00fcrkiy\u0259 Prezidenti R\u0259c\u0259b Tayyib \u018frdo\u011fan deyib.<br><\/p>\n\n\n\n<p>T\u00fcrkiy\u0259 lideri h\u0259m\u00e7inin Rusiyan\u0131n hava h\u00fccumundan m\u00fcdafi\u0259 sisteml\u0259rinin al\u0131nmas\u0131n\u0131n AB\u015e-la m\u00fcnasib\u0259tl\u0259rin\u0259 t\u0259sirl\u0259rind\u0259n d\u0259 dan\u0131\u015f\u0131b.<\/p>\n\n\n\n<p><br>&#171;D\u00fc\u015f\u00fcn\u00fcr\u0259m ki, buna d\u0259y\u0259rdi&#8230; \u0130st\u0259diyimiz kimi m\u00fcdafi\u0259mizi g\u00fccl\u0259ndirm\u0259k haqq\u0131m\u0131z var\u201d, &#8212; dey\u0259 \u018frdo\u011fan vur\u011fulay\u0131b.<\/p>\n\n\n\n<p>Kremld\u0259n Putin-\u018frdo\u011fan g\u00f6r\u00fc\u015f\u00fc il\u0259 ba\u011fl\u0131 Rusiyan\u0131n r\u0259smi a\u00e7\u0131qlamas\u0131nda deyilir:<\/p>\n\n\n\n<p><br>&#171;So\u00e7i g\u00f6r\u00fc\u015f\u00fcnd\u0259 T\u00fcrkiy\u0259 v\u0259 Rusiya prezidentl\u0259ri Suriya, \u018ffqan\u0131stan, Liviya v\u0259 Qaraba\u011f m\u0259s\u0259l\u0259sini m\u00fczakir\u0259 edibl\u0259r.<\/p>\n\n\n\n<p>Bunu Kremlin m\u0259tbuat katibi Dimitri Peskov Rusiya Prezidenti Vladimir Putin t\u00fcrkiy\u0259li h\u0259mkar\u0131 R\u0259c\u0259b Tayyib \u018frdo\u011fan\u0131n So\u00e7i g\u00f6r\u00fc\u015f\u00fc bar\u0259d\u0259 dey\u0259rk\u0259n s\u00f6yl\u0259yib. \u201cRusiya t\u0259r\u0259fl\u0259rin s\u0259rh\u0259dl\u0259rinin m\u00fc\u0259yy\u0259nl\u0259\u015fdirilm\u0259si v\u0259 n\u0259qliyyat infrastrukturunun inki\u015faf\u0131 m\u0259s\u0259l\u0259sind\u0259 kompromisli h\u0259ll\u0259r axtarma\u011f\u0131n vacibliyini vur\u011fulay\u0131b\u201d \u2013 Peskov bildirib.<\/p>\n\n\n\n<p><br>Kreml s\u00f6z\u00e7\u00fcs\u00fc t\u0259r\u0259fl\u0259rin h\u0259rbi-texniki \u0259m\u0259kda\u015fl\u0131\u011f\u0131n davam etdirilm\u0259si v\u0259 S-400 raket m\u00fcdafi\u0259 sisteml\u0259ri il\u0259 ba\u011fl\u0131 t\u0259maslar\u0131n geni\u015fl\u0259ndisilm\u0259si m\u00f6vzusunda da m\u00fczakir\u0259l\u0259r apard\u0131\u011f\u0131n\u0131 deyib.Peskov \u0259lav\u0259 edib kji, S-400-\u00fcn b\u0259zi hiss\u0259l\u0259rinin T\u00fcrkiy\u0259d\u0259 istehsal edilm\u0259si ehtimal\u0131 var.<\/p>\n\n\n\n<p>So\u00e7i g\u00f6r\u00fc\u015f\u00fcnd\u0259 d\u00f6vl\u0259t ba\u015f\u00e7\u0131lar\u0131n\u0131n h\u0259rbi aviasiya \u0259m\u0259kda\u015fl\u0131\u011f\u0131n\u0131 da g\u00fcnd\u0259m\u0259 g\u0259tirdiyi qeyd edilib:<\/p>\n\n\n\n<p><br>\u201cPutin v\u0259 \u018frdo\u011fan iki \u00f6lk\u0259nin g\u00fcnd\u0259mind\u0259 olan b\u00f6y\u00fck layih\u0259l\u0259ri d\u0259 m\u00fczakir\u0259 etdil\u0259r. \u0130lk n\u00f6vb\u0259d\u0259, Akkuyu Atom Elektrik Stansiyas\u0131n\u0131n ilk qur\u011fusunun in\u015fas\u0131n\u0131n davam etdirilm\u0259si v\u0259 sona \u00e7atd\u0131r\u0131lmas\u0131ndan dan\u0131\u015f\u0131l\u0131b. Yeni qur\u011fular\u0131n in\u015fas\u0131 v\u0259 T\u00fcrkiy\u0259d\u0259 inki\u015faf etm\u0259kd\u0259 olan dinc atom enerjisi sektorunda \u0259m\u0259kda\u015fl\u0131\u011f\u0131m\u0131z bax\u0131m\u0131ndan g\u00f6r\u00fclm\u0259li olan i\u015fl\u0259rd\u0259n b\u0259hs edilib\u201d.<\/p>\n\n\n\n<figure class=\"wp-block-image size-large is-resized\"><img loading=\"lazy\" decoding=\"async\" src=\"https:\/\/fedai.az\/wp-content\/uploads\/2021\/10\/1633172748_modern.az-02.10.2021-1633171723.jpg\" alt=\"\" class=\"wp-image-50128\" width=\"925\" height=\"580\" srcset=\"https:\/\/fedai.az\/wp-content\/uploads\/2021\/10\/1633172748_modern.az-02.10.2021-1633171723.jpg 670w, https:\/\/fedai.az\/wp-content\/uploads\/2021\/10\/1633172748_modern.az-02.10.2021-1633171723-300x188.jpg 300w, https:\/\/fedai.az\/wp-content\/uploads\/2021\/10\/1633172748_modern.az-02.10.2021-1633171723-150x94.jpg 150w, https:\/\/fedai.az\/wp-content\/uploads\/2021\/10\/1633172748_modern.az-02.10.2021-1633171723-115x73.jpg 115w\" sizes=\"auto, (max-width: 925px) 100vw, 925px\" \/><\/figure>\n\n\n\n<p><br>Rusiyan\u0131n BMT-d\u0259ki daimi n\u00fcmay\u0259nd\u0259si Vasili Nebenzya jurnalistl\u0259r\u0259 a\u00e7\u0131qlama verib.<\/p>\n\n\n\n<p><br>O, Az\u0259rbaycana qar\u015f\u0131 Erm\u0259nistan\u0131 d\u0259st\u0259kl\u0259m\u0259dikl\u0259rini \u0259lav\u0259 edib.<\/p>\n\n\n\n<p>\u201cB\u0259li, T\u00fcrkiy\u0259 Az\u0259rbaycan\u0131 birm\u0259nal\u0131 \u015f\u0259kild\u0259 d\u0259st\u0259kl\u0259yir. Biz bunu bilirik. Amma bu o dem\u0259k deyil ki, biz dig\u0259\u00f6r t\u0259r\u0259fd\u0259yik, Erm\u0259nistan\u0131 Az\u0259rbaycana qar\u015f\u0131 d\u0259st\u0259kl\u0259yirik. Bu bel\u0259 deyil. M\u00fcnaqi\u015f\u0259nin \u0259dal\u0259tli yolla h\u0259llini d\u0259st\u0259kl\u0259yirik, at\u0259\u015fin dayand\u0131r\u0131lmas\u0131n\u0131 d\u0259st\u0259kl\u0259yirik, h\u0259rbi \u0259m\u0259liyyatlar\u0131n dayand\u0131r\u0131lmas\u0131n\u0131 d\u0259st\u0259kl\u0259yirik\u201d- dey\u0259 Nebenzya s\u00f6yl\u0259yib.<\/p>\n\n\n\n<p><br>Y\u00fcks\u0259k v\u0259zif\u0259li rusiyal\u0131 diplomat\u0131n bu a\u00e7\u0131qlamas\u0131 Erm\u0259nistanda ciddi narahatl\u0131q do\u011furub.<\/p>\n\n\n\n<p>Qeyd ed\u0259k ki, So\u00e7id\u0259 Rusiya v\u0259 T\u00fcrkiy\u0259 prezidentl\u0259rinin g\u00f6r\u00fc\u015f\u00fc bar\u0259d\u0259 m\u00fcxt\u0259lif r\u0259yl\u0259r v\u0259 fikirl\u0259r m\u00f6vcuddur. Xarici m\u0259tbuatda da g\u00f6r\u00fc\u015f\u00fcn n\u0259tic\u0259l\u0259ri haqq\u0131nda yetkin r\u0259y yoxdur. Bu g\u00f6r\u00fc\u015f\u00fcn n\u0259tic\u0259l\u0259rini real siyasi v\u0259 h\u0259rbi strateji prosesl\u0259rin gedi\u015fat\u0131nda izl\u0259m\u0259li olaca\u011f\u0131q.<\/p>\n\n\n\n<p><br><strong>Elnur S\u0259lim<\/strong><\/p>\n","protected":false},"excerpt":{"rendered":"<p>Rusiya Prezidenti Vladimir Putinin t\u00fcrkiy\u0259li h\u0259mkar\u0131 R\u0259c\u0259b Tayyib \u018frdo\u011fanla g\u00f6r\u00fc\u015f\u00fc bar\u0259d\u0259 m\u00fcxt\u0259lif fikirl\u0259r m\u00f6vcuddur. Anti T\u00fcrkiy\u0259 m\u00f6vqeyi il\u0259 se\u00e7il\u0259n Rusiya K\u0130V-l\u0259ri v\u0259 erm\u0259nip\u0259r\u0259st dair\u0259l\u0259r<\/p>\n","protected":false},"author":2,"featured_media":50127,"comment_status":"closed","ping_status":"closed","sticky":false,"template":"","format":"standard","meta":{"footnotes":""},"categories":[1],"tags":[],"class_list":["post-50124","post","type-post","status-publish","format-standard","has-post-thumbnail","hentry","category-siyast"],"aioseo_notices":[],"_links":{"self":[{"href":"https:\/\/fedai.az\/index.php?rest_route=\/wp\/v2\/posts\/50124","targetHints":{"allow":["GET"]}}],"collection":[{"href":"https:\/\/fedai.az\/index.php?rest_route=\/wp\/v2\/posts"}],"about":[{"href":"https:\/\/fedai.az\/index.php?rest_route=\/wp\/v2\/types\/post"}],"author":[{"embeddable":true,"href":"https:\/\/fedai.az\/index.php?rest_route=\/wp\/v2\/users\/2"}],"replies":[{"embeddable":true,"href":"https:\/\/fedai.az\/index.php?rest_route=%2Fwp%2Fv2%2Fcomments&post=50124"}],"version-history":[{"count":1,"href":"https:\/\/fedai.az\/index.php?rest_route=\/wp\/v2\/posts\/50124\/revisions"}],"predecessor-version":[{"id":50129,"href":"https:\/\/fedai.az\/index.php?rest_route=\/wp\/v2\/posts\/50124\/revisions\/50129"}],"wp:featuredmedia":[{"embeddable":true,"href":"https:\/\/fedai.az\/index.php?rest_route=\/wp\/v2\/media\/50127"}],"wp:attachment":[{"href":"https:\/\/fedai.az\/index.php?rest_route=%2Fwp%2Fv2%2Fmedia&parent=50124"}],"wp:term":[{"taxonomy":"category","embeddable":true,"href":"https:\/\/fedai.az\/index.php?rest_route=%2Fwp%2Fv2%2Fcategories&post=50124"},{"taxonomy":"post_tag","embeddable":true,"href":"https:\/\/fedai.az\/index.php?rest_route=%2Fwp%2Fv2%2Ftags&post=50124"}],"curies":[{"name":"wp","href":"https:\/\/api.w.org\/{rel}","templated":true}]}}