{"id":50130,"date":"2021-10-03T01:44:11","date_gmt":"2021-10-02T21:44:11","guid":{"rendered":"https:\/\/fedai.az\/?p=50130"},"modified":"2021-10-03T01:44:16","modified_gmt":"2021-10-02T21:44:16","slug":"z%c9%99ncanda-az%c9%99rbaycanli-f%c9%99allar-iranin-qarsisinda-az%c9%99rbaycana-d%c9%99st%c9%99k-numayis-etdil%c9%99r","status":"publish","type":"post","link":"https:\/\/fedai.az\/?p=50130","title":{"rendered":"Z\u0259ncanda az\u0259rbaycanl\u0131 f\u0259allar Iran\u0131n qar\u015f\u0131s\u0131nda Az\u0259rbaycana d\u0259st\u0259k n\u00fcmayi\u015f etdil\u0259r"},"content":{"rendered":"\n<p><strong>GADTB-nin M\u0259tbuat M\u0259rk\u0259zin\u0259 daxil olan m\u0259lumata g\u00f6r\u0259, \u0130ran rejiminin Az\u0259rbaycana d\u00fc\u015fm\u0259n\u00e7iliyi v\u0259 i\u015f\u011fal\u00e7\u0131 erm\u0259nil\u0259r\u0259 d\u0259st\u0259k verdiyi bir vaxtda Z\u0259ncanda az\u0259rbaycanl\u0131 f\u0259allar Az\u0259rbaycan Respublikas\u0131nas d\u0259st\u0259k n\u00fcmayi\u015f etdil\u0259r.<\/strong><\/p>\n\n\n\n<p>Bu m\u0259qs\u0259dl\u0259 Z\u0259ncan \u015f\u0259h\u0259rind\u0259 az\u0259rbaycanl\u0131 f\u0259allar \u201cV\u0259t\u0259n, x\u0259rit\u0259l\u0259rin h\u00fcdudlar\u0131ndan geni\u015fdir\u201d yaz\u0131lm\u0131\u015f adl\u0131 plakat qald\u0131raraq, \u0130ran rejimin\u0259 Az\u0259rbaycana d\u00fc\u015fm\u0259n\u00e7iliyi il\u0259 ba\u011fl\u0131 x\u0259b\u0259rdarl\u0131q edibl\u0259r. Onlar bununla \u0130ran\u0131n bir s\u0131ra h\u0259rbi, siyasi v\u0259 dini r\u0259smil\u0259rinin Az\u0259rbaycana qar\u015f\u0131 t\u0259hdidl\u0259rin\u0259 etirazlar\u0131n\u0131 bildiribl\u0259r.<\/p>\n\n\n\n<p>Z\u0259ncanl\u0131 f\u0259allar h\u0259m\u00e7inin a\u00e7d\u0131qlar\u0131 plakatlarda habel\u0259 Qaraba\u011fla ba\u011fl\u0131 \u015f\u00fcarlar yazmaqla yana\u015f\u0131, \u201c#biz Az\u0259rbaycan\u0131n \u00f6z\u00fcy\u00fck\u201d \u015f\u00fcar\u0131n\u0131 da yaz\u0131b v\u0259 \u0130ran\u0131 rejimini uyar\u0131blar.<\/p>\n","protected":false},"excerpt":{"rendered":"<p>GADTB-nin M\u0259tbuat M\u0259rk\u0259zin\u0259 daxil olan m\u0259lumata g\u00f6r\u0259, \u0130ran rejiminin Az\u0259rbaycana d\u00fc\u015fm\u0259n\u00e7iliyi v\u0259 i\u015f\u011fal\u00e7\u0131 erm\u0259nil\u0259r\u0259 d\u0259st\u0259k verdiyi bir vaxtda Z\u0259ncanda az\u0259rbaycanl\u0131 f\u0259allar Az\u0259rbaycan Respublikas\u0131nas d\u0259st\u0259k<\/p>\n","protected":false},"author":2,"featured_media":50131,"comment_status":"closed","ping_status":"closed","sticky":false,"template":"","format":"standard","meta":{"footnotes":""},"categories":[3],"tags":[],"class_list":["post-50130","post","type-post","status-publish","format-standard","has-post-thumbnail","hentry","category-gundm"],"aioseo_notices":[],"_links":{"self":[{"href":"https:\/\/fedai.az\/index.php?rest_route=\/wp\/v2\/posts\/50130","targetHints":{"allow":["GET"]}}],"collection":[{"href":"https:\/\/fedai.az\/index.php?rest_route=\/wp\/v2\/posts"}],"about":[{"href":"https:\/\/fedai.az\/index.php?rest_route=\/wp\/v2\/types\/post"}],"author":[{"embeddable":true,"href":"https:\/\/fedai.az\/index.php?rest_route=\/wp\/v2\/users\/2"}],"replies":[{"embeddable":true,"href":"https:\/\/fedai.az\/index.php?rest_route=%2Fwp%2Fv2%2Fcomments&post=50130"}],"version-history":[{"count":1,"href":"https:\/\/fedai.az\/index.php?rest_route=\/wp\/v2\/posts\/50130\/revisions"}],"predecessor-version":[{"id":50132,"href":"https:\/\/fedai.az\/index.php?rest_route=\/wp\/v2\/posts\/50130\/revisions\/50132"}],"wp:featuredmedia":[{"embeddable":true,"href":"https:\/\/fedai.az\/index.php?rest_route=\/wp\/v2\/media\/50131"}],"wp:attachment":[{"href":"https:\/\/fedai.az\/index.php?rest_route=%2Fwp%2Fv2%2Fmedia&parent=50130"}],"wp:term":[{"taxonomy":"category","embeddable":true,"href":"https:\/\/fedai.az\/index.php?rest_route=%2Fwp%2Fv2%2Fcategories&post=50130"},{"taxonomy":"post_tag","embeddable":true,"href":"https:\/\/fedai.az\/index.php?rest_route=%2Fwp%2Fv2%2Ftags&post=50130"}],"curies":[{"name":"wp","href":"https:\/\/api.w.org\/{rel}","templated":true}]}}