{"id":50141,"date":"2021-10-03T02:43:38","date_gmt":"2021-10-02T22:43:38","guid":{"rendered":"https:\/\/fedai.az\/?p=50141"},"modified":"2021-10-03T02:43:48","modified_gmt":"2021-10-02T22:43:48","slug":"erm%c9%99ni-bloqer-usyan-etdi-putin-d%c9%99f%c9%99l%c9%99rl%c9%99-vurgulayib-ki-qarabag-az%c9%99rbaycanindir","status":"publish","type":"post","link":"https:\/\/fedai.az\/?p=50141","title":{"rendered":"Erm\u0259ni bloqer \u00dcSYAN ETD\u0130: \u201cPutin d\u0259f\u0259l\u0259rl\u0259 vur\u011fulay\u0131b ki, Qaraba\u011f Az\u0259rbaycan\u0131nd\u0131r\u201d"},"content":{"rendered":"\n<h4 class=\"wp-block-heading\"><strong>Erm\u0259nistan\u0131n tan\u0131nm\u0131\u015f blogeri \u0130\u015fxan Verdiyan Erm\u0259nistan r\u0259hb\u0259rliyin\u0259 m\u00fcraci\u0259t edib.<\/strong><\/h4>\n\n\n\n<h5 class=\"wp-block-heading\">Erm\u0259ni medias\u0131 x\u0259b\u0259r verir ki, bloger narahatl\u0131\u011f\u0131n\u0131 gizl\u0259tm\u0259y\u0259r\u0259k h\u0259y\u0259canla Az\u0259rbaycanla n\u00f6vb\u0259ti m\u00fcharib\u0259nin onlar\u0131n sonu olaca\u011f\u0131n\u0131 vur\u011fulay\u0131b.<\/h5>\n\n\n\n<p>\u201cYeni bir m\u00fcharib\u0259d\u0259 n\u0259inki Qaraba\u011f\u0131, h\u0259m d\u0259 Z\u0259ng\u0259zuru itir\u0259c\u0259yik. Biz h\u0259yat\u0131m\u0131z\u0131 qorumal\u0131y\u0131q. M\u0259n&nbsp; erm\u0259nil\u0259rl\u0259 Yerevanda sor\u011fu ke\u00e7irmi\u015f\u0259m. He\u00e7 kim Qaraba\u011f\u0131 ist\u0259mir. Nikol Pa\u015finyan, s\u0259nin se\u00e7icil\u0259rinin he\u00e7 birin\u0259 Qaraba\u011f laz\u0131m deyil\u201d, \u2013 dey\u0259 bildirib.<\/p>\n\n\n\n<p>O, Erm\u0259nistan h\u00f6kum\u0259tini tez bir zamanda Az\u0259rbaycan\u0131n \u0259razi b\u00fct\u00f6vl\u00fcy\u00fcn\u00fc tan\u0131ma\u011fa v\u0259 delimitasiya-demarkasiya m\u0259s\u0259l\u0259sini tamamlama\u011fa \u00e7a\u011f\u0131r\u0131b.<\/p>\n\n\n\n<p>\u201cRusiyada kim ki deyir ki, Qaraba\u011f Erm\u0259nistan\u0131nd\u0131r, o, \u00f6z prezidentin\u0259 qar\u015f\u0131 \u00e7\u0131x\u0131r, \u00e7\u00fcnki\u00a0Putin d\u0259f\u0259l\u0259rl\u0259 vur\u011fulay\u0131b ki, Qaraba\u011f Az\u0259rbaycan\u0131nd\u0131r. M\u0259n h\u0259mi\u015f\u0259 demi\u015f\u0259m ki, Qaraba\u011f Az\u0259rbaycan\u0131nd\u0131r. N\u0259 q\u0259d\u0259r adam q\u0131rmal\u0131s\u0131n\u0131z ki, tan\u0131yas\u0131n\u0131z Az\u0259rbaycan\u0131n \u0259razi b\u00fct\u00f6vl\u00fcy\u00fcn\u00fc? B\u00fct\u00fcn d\u00fcnya tan\u0131y\u0131r, siz d\u0259 bilirsiniz, niy\u0259 tan\u0131m\u0131rs\u0131n\u0131z? Tan\u0131y\u0131n, qurtar\u0131n bu m\u00fcharib\u0259 s\u00f6hb\u0259tini, q\u0131rmay\u0131n bu cavanlar\u0131! Qaraba\u011f Erm\u0259nistan\u0131n deyil, Qaraba\u011f Az\u0259rbaycan\u0131nd\u0131r!\u201d- dey\u0259 qeyd edib. <\/p>\n\n\n\n<p>M\u0259nb\u0259: Konkret.az<\/p>\n","protected":false},"excerpt":{"rendered":"<p>Erm\u0259nistan\u0131n tan\u0131nm\u0131\u015f blogeri \u0130\u015fxan Verdiyan Erm\u0259nistan r\u0259hb\u0259rliyin\u0259 m\u00fcraci\u0259t edib. Erm\u0259ni medias\u0131 x\u0259b\u0259r verir ki, bloger narahatl\u0131\u011f\u0131n\u0131 gizl\u0259tm\u0259y\u0259r\u0259k h\u0259y\u0259canla Az\u0259rbaycanla n\u00f6vb\u0259ti m\u00fcharib\u0259nin onlar\u0131n sonu olaca\u011f\u0131n\u0131<\/p>\n","protected":false},"author":2,"featured_media":50142,"comment_status":"closed","ping_status":"closed","sticky":false,"template":"","format":"standard","meta":{"footnotes":""},"categories":[15],"tags":[],"class_list":["post-50141","post","type-post","status-publish","format-standard","has-post-thumbnail","hentry","category-atmaca"],"aioseo_notices":[],"_links":{"self":[{"href":"https:\/\/fedai.az\/index.php?rest_route=\/wp\/v2\/posts\/50141","targetHints":{"allow":["GET"]}}],"collection":[{"href":"https:\/\/fedai.az\/index.php?rest_route=\/wp\/v2\/posts"}],"about":[{"href":"https:\/\/fedai.az\/index.php?rest_route=\/wp\/v2\/types\/post"}],"author":[{"embeddable":true,"href":"https:\/\/fedai.az\/index.php?rest_route=\/wp\/v2\/users\/2"}],"replies":[{"embeddable":true,"href":"https:\/\/fedai.az\/index.php?rest_route=%2Fwp%2Fv2%2Fcomments&post=50141"}],"version-history":[{"count":1,"href":"https:\/\/fedai.az\/index.php?rest_route=\/wp\/v2\/posts\/50141\/revisions"}],"predecessor-version":[{"id":50143,"href":"https:\/\/fedai.az\/index.php?rest_route=\/wp\/v2\/posts\/50141\/revisions\/50143"}],"wp:featuredmedia":[{"embeddable":true,"href":"https:\/\/fedai.az\/index.php?rest_route=\/wp\/v2\/media\/50142"}],"wp:attachment":[{"href":"https:\/\/fedai.az\/index.php?rest_route=%2Fwp%2Fv2%2Fmedia&parent=50141"}],"wp:term":[{"taxonomy":"category","embeddable":true,"href":"https:\/\/fedai.az\/index.php?rest_route=%2Fwp%2Fv2%2Fcategories&post=50141"},{"taxonomy":"post_tag","embeddable":true,"href":"https:\/\/fedai.az\/index.php?rest_route=%2Fwp%2Fv2%2Ftags&post=50141"}],"curies":[{"name":"wp","href":"https:\/\/api.w.org\/{rel}","templated":true}]}}