{"id":50152,"date":"2021-10-03T03:38:02","date_gmt":"2021-10-02T23:38:02","guid":{"rendered":"https:\/\/fedai.az\/?p=50152"},"modified":"2021-10-03T03:38:55","modified_gmt":"2021-10-02T23:38:55","slug":"az%c9%99rbaycanin-guneyi-quzeyi-yoxdur-biz-az%c9%99rbaycanin-ozuyuk","status":"publish","type":"post","link":"https:\/\/fedai.az\/?p=50152","title":{"rendered":"Az\u0259rbaycan\u0131n g\u00fcneyi q\u00fczeyi yoxdur &#8212; \u201cBiz Az\u0259rbaycan\u0131n \u00d6z\u00fcy\u00fck\u201d"},"content":{"rendered":"\n<p><strong>\u0130ran da b\u00fct\u00fcn diktator hakimiyy\u0259tl\u0259r kimi propaqanda v\u0259 media sava\u015f\u0131n\u0131 son d\u0259r\u0259c\u0259 \u00f6n\u0259ms\u0259yir. Demokratik olmayan \u00f6lk\u0259l\u0259r kimi mill\u0259tin\u0259 \u0259dal\u0259t v\u0259 huquq \u0259sas\u0131nda yox, qorxuyla h\u00f6km etm\u0259y\u0259 \u00e7al\u0131\u015f\u0131r. Misal \u00fc\u00e7\u00fcn \u0130ran \u0130slam Cumhuriyy\u0259ti qurulu\u015fundan etibar\u0259n \u0130srail\u0259 qar\u015f\u0131 nifr\u0259t b\u0259sl\u0259yib d\u00fc\u015fm\u0259nlik edir.<\/strong><\/p>\n\n\n\n<p><br>\u018fli Xamneyi h\u0259r f\u00fcrs\u0259td\u0259 \u0130sraili m\u0259hv ed\u0259c\u0259yini deyir v\u0259 ill\u0259rdir \u0259traf \u00f6lk\u0259l\u0259rd\u0259 silahl\u0131 \u00f6rg\u00fctl\u0259ri bu amac \u00fc\u00e7\u00fcn milyonlar dolar pul ay\u0131r\u0131r. Ancaq he\u00e7 bir zaman \u00f6z\u00fcn\u00fc \u0130sraild\u0259n qoruya bilm\u0259yib.<\/p>\n\n\n\n<p>Ke\u00e7diyimiz aylarda M\u00fcdafi\u0259 v\u0259zirinin m\u00fcavini F\u0259xrizad\u0259 Tehranda vuruldu, ondan \u00f6nc\u0259 d\u0259 bir \u00e7ox \u00f6n\u0259mli atom enerjisi uzman\u0131 b\u0259nz\u0259r \u015f\u0259kild\u0259 \u00f6ld\u00fcr\u00fclm\u00fc\u015fd\u00fc. Habel\u0259 \u0130srail tonlarla \u00f6n\u0259mli s\u0259n\u0259di \u0130ran\u0131n \u0259n g\u00fcv\u0259nli yerl\u0259rind\u0259n \u00e7\u0131xartd\u0131. \u0130ran bunlar\u0131n he\u00e7 birinin qar\u015f\u0131s\u0131n\u0131 ala bilm\u0259di v\u0259 tamam\u0259n \u0130srail qar\u015f\u0131s\u0131nda aciz qald\u0131. \u0130\u015f o yer\u0259 \u00e7atd\u0131 ki, \u0130ttilaat v\u0259ziri Mossad\u0131n \u0130ran\u0131n \u00f6n\u0259mli yerl\u0259rind\u0259 n\u00fcfuza sahib oldu\u011funa etiraf etm\u0259k zorunda qald\u0131. Bundan ba\u015fqa sah\u0259l\u0259rd\u0259 d\u0259 \u0130ran son d\u0259r\u0259c\u0259 ba\u015far\u0131s\u0131z bir d\u00f6vl\u0259t\u00e7iliy\u0259 sahibdir.<\/p>\n\n\n\n<p><br>\u00d6rn\u0259k \u00fc\u00e7\u00fcn koronavirus qar\u015f\u0131s\u0131nda tam bir r\u0259zillik ortaya \u00e7\u0131xd\u0131 v\u0259 on minl\u0259rl\u0259 insan h\u0259yat\u0131n\u0131 itirdi. \u0130ran bu q\u0259d\u0259r iddiayla \u0259n sad\u0259 sorunlar qar\u015f\u0131s\u0131nda da aciz qal\u0131b. Ancaq i\u015f propaqandaya g\u0259linc\u0259 h\u0259r zaman iddial\u0131d\u0131r. B\u00f6hran i\u00e7ind\u0259 olan \u0130ran, art\u0131q ne\u00e7\u0259 g\u00fcnd\u00fcr ki, Az\u0259rbaycana qar\u015f\u0131 h\u00fccuma ke\u00e7ib. 44 g\u00fcnl\u00fck Qaraba\u011f sava\u015f\u0131nda Erm\u0259nistan\u0131n yan\u0131nda yer alan Tehran hakimiyy\u0259ti sava\u015f\u0131n sonucundan son d\u0259r\u0259c\u0259 rahats\u0131zd\u0131. Uzmanlara g\u00f6r\u0259, h\u0259tta bu sava\u015f\u0131n birinci uduzan\u0131 Erm\u0259nistan yox, b\u0259lk\u0259 d\u0259 el\u0259 \u0130rand\u0131r. Buna g\u00f6r\u0259 d\u0259, h\u0259r f\u00fcrs\u0259td\u0259 Az\u0259rbaycana qar\u015f\u0131 h\u0259r\u0259k\u0259t etm\u0259y\u0259 \u00e7al\u0131\u015f\u0131r.<\/p>\n\n\n\n<p><br>\u0130ran t\u0131rlar\u0131 qanunsuzca Az\u0259rbaycan toparqlar\u0131na girib, Erm\u0259nistana y\u00fck da\u015f\u0131y\u0131rd\u0131lar. Ancaq bu d\u0259f\u0259 Az\u0259rbaycan d\u00f6vl\u0259ti \u0130ran\u0131n qar\u015f\u0131s\u0131nda durub, ciddi bir \u015f\u0259kild\u0259 \u0259razi b\u00fct\u00f6vl\u00fcy\u00fcn\u00fc qorudu. Bu m\u0259s\u0259l\u0259 d\u0259 \u0130ran\u0131n yenid\u0259n Az\u0259rbaycana qar\u015f\u0131 h\u00fccuma ke\u00e7m\u0259sin\u0259 s\u0259b\u0259b oldu.<\/p>\n\n\n\n<p><br>\u018fsas b\u0259han\u0259 d\u0259 h\u0259r zaman oldu\u011fu kimi Az\u0259rbaycan v\u0259 \u0130srail ilgil\u0259ridir. G\u00fcnl\u0259rdir Araz q\u0131ra\u011f\u0131nda v\u0259 s\u0131n\u0131rda \u0130ran q\u00fcvv\u0259l\u0259ri Az\u0259rbaycana h\u0259d\u0259-qorxu g\u0259lm\u0259k \u00fc\u00e7\u00fcn nizami t\u0259lim\u0259 ba\u015flay\u0131b.<\/p>\n\n\n\n<p><br>Ancaq bunun yan\u0131nda G\u00fcney Az\u0259rbaycan\u0131 Az\u0259rbaycan C\u00fcmhuriyy\u0259tinin d\u00fc\u015fm\u0259ni g\u00f6st\u0259rm\u0259k \u00fc\u00e7\u00fcn ciddi bir propaqandaya ba\u015flay\u0131b. 44 g\u00fcnl\u00fck Qaraba\u011f sava\u015f\u0131nda G\u00fcney Az\u0259rbaycan\u0131n etiraz\u0131 il\u0259 qar\u015f\u0131la\u015fan \u0130ran, bu d\u0259f\u0259 \u0130ran T\u00fcrkl\u0259rini \u00f6z d\u0259st\u0259kcisi kimi g\u00f6st\u0259rm\u0259y\u0259 \u00e7al\u0131\u015f\u0131r.<\/p>\n\n\n\n<p><br>Ancaq g\u00fcnl\u0259rdir G\u00fcney Az\u0259rbaycan mill\u0259ti sava\u015f g\u00fcnl\u0259rind\u0259 oldu\u011fu kimi yen\u0259 Az\u0259rbaycana d\u0259st\u0259k verirl\u0259r. Sosial mediada \u201cBiz Az\u0259rbaycan\u0131n \u00d6z\u00fcy\u00fck\u201d h\u0259\u015ft\u0259giyl\u0259 etiraz\u0131n\u0131 bildir\u0259n g\u00fcneylil\u0259r Tehran hakimiyy\u0259tinin T\u00fcrk d\u00fc\u015fm\u0259nliyin\u0259 etiraz edirl\u0259r. H\u0259r zaman oldu\u011fu kimi bu d\u0259f\u0259 d\u0259 Fars Milliyy\u0259t\u00e7il\u0259ri v\u0259 \u0130ran\u015f\u0259hri f\u0259allar\u0131, Az\u0259rbaycan, T\u00fcrkiy\u0259 v\u0259 G\u00fcney Az\u0259rbaycana qar\u015f\u0131 h\u00fccum edirl\u0259r. Ke\u00e7mi\u015fd\u0259 oldu\u011fu kimi mill\u0259tin daha \u00e7ox ayd\u0131nlanmas\u0131na yol a\u00e7\u0131rlar. Y\u0259ni \u0130ran Qaraba\u011f sava\u015f\u0131nda uduzdu\u011fu kimi bu g\u00fcn d\u0259 propaqanda sava\u015f\u0131nda uduzur v\u0259 Az\u0259rbaycan bayra\u011f\u0131 daha da ucal\u0131r.<\/p>\n\n\n\n<p><strong><span class=\"has-inline-color has-vivid-red-color\">P.S. \u0130ran T\u00fcrkl\u0259rin m\u00fclk\u00fcd\u00fcr. G\u00fcneyli qarda\u015flar\u0131m\u0131za salam olsun! Sizin s\u0259siniz, bizim s\u0259simizdir!<\/span><br>M\u0259nb\u0259: An.T Live<\/strong><\/p>\n","protected":false},"excerpt":{"rendered":"<p>\u0130ran da b\u00fct\u00fcn diktator hakimiyy\u0259tl\u0259r kimi propaqanda v\u0259 media sava\u015f\u0131n\u0131 son d\u0259r\u0259c\u0259 \u00f6n\u0259ms\u0259yir. Demokratik olmayan \u00f6lk\u0259l\u0259r kimi mill\u0259tin\u0259 \u0259dal\u0259t v\u0259 huquq \u0259sas\u0131nda yox, qorxuyla<\/p>\n","protected":false},"author":2,"featured_media":50153,"comment_status":"closed","ping_status":"closed","sticky":false,"template":"","format":"standard","meta":{"footnotes":""},"categories":[4],"tags":[],"class_list":["post-50152","post","type-post","status-publish","format-standard","has-post-thumbnail","hentry","category-qarabag"],"aioseo_notices":[],"_links":{"self":[{"href":"https:\/\/fedai.az\/index.php?rest_route=\/wp\/v2\/posts\/50152","targetHints":{"allow":["GET"]}}],"collection":[{"href":"https:\/\/fedai.az\/index.php?rest_route=\/wp\/v2\/posts"}],"about":[{"href":"https:\/\/fedai.az\/index.php?rest_route=\/wp\/v2\/types\/post"}],"author":[{"embeddable":true,"href":"https:\/\/fedai.az\/index.php?rest_route=\/wp\/v2\/users\/2"}],"replies":[{"embeddable":true,"href":"https:\/\/fedai.az\/index.php?rest_route=%2Fwp%2Fv2%2Fcomments&post=50152"}],"version-history":[{"count":2,"href":"https:\/\/fedai.az\/index.php?rest_route=\/wp\/v2\/posts\/50152\/revisions"}],"predecessor-version":[{"id":50155,"href":"https:\/\/fedai.az\/index.php?rest_route=\/wp\/v2\/posts\/50152\/revisions\/50155"}],"wp:featuredmedia":[{"embeddable":true,"href":"https:\/\/fedai.az\/index.php?rest_route=\/wp\/v2\/media\/50153"}],"wp:attachment":[{"href":"https:\/\/fedai.az\/index.php?rest_route=%2Fwp%2Fv2%2Fmedia&parent=50152"}],"wp:term":[{"taxonomy":"category","embeddable":true,"href":"https:\/\/fedai.az\/index.php?rest_route=%2Fwp%2Fv2%2Fcategories&post=50152"},{"taxonomy":"post_tag","embeddable":true,"href":"https:\/\/fedai.az\/index.php?rest_route=%2Fwp%2Fv2%2Ftags&post=50152"}],"curies":[{"name":"wp","href":"https:\/\/api.w.org\/{rel}","templated":true}]}}