{"id":50161,"date":"2021-10-03T14:59:02","date_gmt":"2021-10-03T10:59:02","guid":{"rendered":"https:\/\/fedai.az\/?p=50161"},"modified":"2021-10-03T15:04:18","modified_gmt":"2021-10-03T11:04:18","slug":"gurcustanda-keciril%c9%99n-seckil%c9%99rin-ilkin-n%c9%99tic%c9%99l%c9%99rini-aciqlanib","status":"publish","type":"post","link":"https:\/\/fedai.az\/?p=50161","title":{"rendered":"G\u00fcrc\u00fcstanda ke\u00e7iril\u0259n se\u00e7kil\u0259rin ilkin n\u0259tic\u0259l\u0259rini a\u00e7\u0131qlan\u0131b"},"content":{"rendered":"\n<p>G\u00fcrc\u00fcstanda yerli \u00f6z\u00fcn\u00fcidar\u0259etm\u0259 orqanlar\u0131na ke\u00e7iril\u0259n se\u00e7kil\u0259rin ilkin n\u0259tic\u0259l\u0259rini a\u00e7\u0131qlan\u0131b.<\/p>\n\n\n\n<p><br>&#171;Qafqazinfo\u201dnun m\u0259lumat\u0131na g\u00f6r\u0259, bu bar\u0259d\u0259 G\u00fcrc\u00fcstan M\u0259rk\u0259zi Sek\u00e7i Komissiyas\u0131 m\u0259lumat yay\u0131b.<\/p>\n\n\n\n<p><br>Bildirilib ki, n\u0259tic\u0259l\u0259r\u0259 \u0259sas\u0259n, &#171;G\u00fcrc\u00fc Arzusu\u201d partiyas\u0131 48,56 faiz, eks-prezident Mixail Saaka\u015fvilinin &#171;Vahid Milli H\u0259r\u0259kat Partiyas\u0131\u201d is\u0259 31,23 faiz se\u00e7ici etimad\u0131 qazan\u0131b.<\/p>\n\n\n\n<p><br>Eks Ba\u015f nazir Georgi Qaxariyan\u0131n &#171;G\u00fcrc\u00fcstan namin\u0259\u201d partiyas\u0131 6,87 faiz s\u0259sl\u0259 \u00fc\u00e7\u00fcnc\u00fcd\u00fcr.<\/p>\n\n\n\n<p><br>Qeyd ed\u0259k ki,&nbsp;s\u0259kkiz ild\u0259n sonra G\u00fcrc\u00fcstana qay\u0131dan Mixail Saaka\u015fvili saxlan\u0131l\u0131b v\u0259 Tbilisi yax\u0131nl\u0131\u011f\u0131ndak\u0131 Rustavi h\u0259bsxanas\u0131nda saxlan\u0131ld\u0131\u011f\u0131 bildirilir. Saaka\u015fvili parlamentin deputat\u0131 Valeri Gela\u015fvilinin d\u00f6y\u00fclm\u0259si v\u0259 &#171;G\u00fcrc\u00fcstan Birl\u0259\u015fmi\u015f Bank\u0131n\u0131n\u201d \u0259m\u0259kda\u015f\u0131 Sandro Girqvlianinin \u00f6ld\u00fcr\u00fclm\u0259si i\u015fi \u00fczr\u0259 m\u0259hk\u0259m\u0259nin \u00fc\u00e7 instansiyas\u0131 t\u0259r\u0259find\u0259n t\u0259qsirli bilinir.<\/p>\n","protected":false},"excerpt":{"rendered":"<p>G\u00fcrc\u00fcstanda yerli \u00f6z\u00fcn\u00fcidar\u0259etm\u0259 orqanlar\u0131na ke\u00e7iril\u0259n se\u00e7kil\u0259rin ilkin n\u0259tic\u0259l\u0259rini a\u00e7\u0131qlan\u0131b. &#171;Qafqazinfo\u201dnun m\u0259lumat\u0131na g\u00f6r\u0259, bu bar\u0259d\u0259 G\u00fcrc\u00fcstan M\u0259rk\u0259zi Sek\u00e7i Komissiyas\u0131 m\u0259lumat yay\u0131b. Bildirilib ki, n\u0259tic\u0259l\u0259r\u0259 \u0259sas\u0259n,<\/p>\n","protected":false},"author":2,"featured_media":50163,"comment_status":"closed","ping_status":"closed","sticky":false,"template":"","format":"standard","meta":{"footnotes":""},"categories":[13],"tags":[],"class_list":["post-50161","post","type-post","status-publish","format-standard","has-post-thumbnail","hentry","category-xarici"],"aioseo_notices":[],"_links":{"self":[{"href":"https:\/\/fedai.az\/index.php?rest_route=\/wp\/v2\/posts\/50161","targetHints":{"allow":["GET"]}}],"collection":[{"href":"https:\/\/fedai.az\/index.php?rest_route=\/wp\/v2\/posts"}],"about":[{"href":"https:\/\/fedai.az\/index.php?rest_route=\/wp\/v2\/types\/post"}],"author":[{"embeddable":true,"href":"https:\/\/fedai.az\/index.php?rest_route=\/wp\/v2\/users\/2"}],"replies":[{"embeddable":true,"href":"https:\/\/fedai.az\/index.php?rest_route=%2Fwp%2Fv2%2Fcomments&post=50161"}],"version-history":[{"count":2,"href":"https:\/\/fedai.az\/index.php?rest_route=\/wp\/v2\/posts\/50161\/revisions"}],"predecessor-version":[{"id":50164,"href":"https:\/\/fedai.az\/index.php?rest_route=\/wp\/v2\/posts\/50161\/revisions\/50164"}],"wp:featuredmedia":[{"embeddable":true,"href":"https:\/\/fedai.az\/index.php?rest_route=\/wp\/v2\/media\/50163"}],"wp:attachment":[{"href":"https:\/\/fedai.az\/index.php?rest_route=%2Fwp%2Fv2%2Fmedia&parent=50161"}],"wp:term":[{"taxonomy":"category","embeddable":true,"href":"https:\/\/fedai.az\/index.php?rest_route=%2Fwp%2Fv2%2Fcategories&post=50161"},{"taxonomy":"post_tag","embeddable":true,"href":"https:\/\/fedai.az\/index.php?rest_route=%2Fwp%2Fv2%2Ftags&post=50161"}],"curies":[{"name":"wp","href":"https:\/\/api.w.org\/{rel}","templated":true}]}}