{"id":50165,"date":"2021-10-03T21:36:57","date_gmt":"2021-10-03T17:36:57","guid":{"rendered":"https:\/\/fedai.az\/?p=50165"},"modified":"2021-10-03T21:37:01","modified_gmt":"2021-10-03T17:37:01","slug":"ilham-%c9%99liyev-t%c9%99rt%c9%99r-v%c9%99-b%c9%99rd%c9%99d%c9%99-s%c9%99f%c9%99rd%c9%99-oldu","status":"publish","type":"post","link":"https:\/\/fedai.az\/?p=50165","title":{"rendered":"\u0130lham \u018fliyev T\u0259rt\u0259r v\u0259 B\u0259rd\u0259d\u0259 s\u0259f\u0259rd\u0259 oldu"},"content":{"rendered":"\n<p><strong>Az\u0259rbaycan Respublikas\u0131n\u0131n Prezidenti \u0130lham \u018fliyev oktyabr\u0131n 3-d\u0259 T\u0259rt\u0259r v\u0259 B\u0259rd\u0259 rayonlar\u0131nda s\u0259f\u0259rd\u0259 olub.<\/strong><\/p>\n\n\n\n<p>D\u00f6vl\u0259timizin ba\u015f\u00e7\u0131s\u0131 T\u0259rt\u0259r \u015f\u0259h\u0259rinin m\u0259rk\u0259zind\u0259 ulu \u00f6nd\u0259r Heyd\u0259r \u018fliyevin abid\u0259sini ziyar\u0259t ed\u0259r\u0259k \u00f6n\u00fcn\u0259 g\u00fcl d\u0259st\u0259si qoyub.<\/p>\n\n\n\n<p>D\u00f6vl\u0259timizin ba\u015f\u00e7\u0131s\u0131 T\u0259rt\u0259rin Suqovu\u015fan q\u0259s\u0259b\u0259sin\u0259 v\u0259 Tal\u0131\u015f k\u0259ndin\u0259 ged\u0259n avtomobil yollar\u0131n\u0131n a\u00e7\u0131l\u0131\u015f\u0131n\u0131 edib.<\/p>\n\n\n\n<p>Prezident \u0130lham \u018fliyev Tal\u0131\u015f-Tapqaraqoyunlu-Qa\u015falt\u0131-Naftalan avtomobil yolunun t\u0259m\u0259lini qoyub.<\/p>\n\n\n\n<figure class=\"wp-block-image size-large\"><img loading=\"lazy\" decoding=\"async\" width=\"1024\" height=\"519\" src=\"https:\/\/fedai.az\/wp-content\/uploads\/2021\/10\/DSC_9117-1024x519.jpg\" alt=\"\" class=\"wp-image-50166\" srcset=\"https:\/\/fedai.az\/wp-content\/uploads\/2021\/10\/DSC_9117-1024x519.jpg 1024w, https:\/\/fedai.az\/wp-content\/uploads\/2021\/10\/DSC_9117-300x152.jpg 300w, https:\/\/fedai.az\/wp-content\/uploads\/2021\/10\/DSC_9117-150x76.jpg 150w, https:\/\/fedai.az\/wp-content\/uploads\/2021\/10\/DSC_9117-768x389.jpg 768w, https:\/\/fedai.az\/wp-content\/uploads\/2021\/10\/DSC_9117-1536x778.jpg 1536w, https:\/\/fedai.az\/wp-content\/uploads\/2021\/10\/DSC_9117-2048x1038.jpg 2048w\" sizes=\"auto, (max-width: 1024px) 100vw, 1024px\" \/><\/figure>\n\n\n\n<p>D\u00f6vl\u0259timizin ba\u015f\u00e7\u0131s\u0131 T\u0259rt\u0259r rayonunun Tal\u0131\u015f k\u0259ndind\u0259 v\u0259 Suqovu\u015fan q\u0259s\u0259b\u0259sind\u0259 Az\u0259rbaycan bayra\u011f\u0131n\u0131 ucald\u0131b. Az\u0259rbaycan Prezidenti Tal\u0131\u015f k\u0259ndind\u0259 erm\u0259nil\u0259r t\u0259r\u0259find\u0259n da\u011f\u0131d\u0131lm\u0131\u015f alban-udi v\u0259 provaslav kils\u0259l\u0259rind\u0259 olub.<\/p>\n\n\n\n<p>Prezident \u0130lham \u018fliyev \u201cSuqovu\u015fan-1\u201d v\u0259 \u201cSuqovu\u015fan-2\u201d Ki\u00e7ik Su Elektrik stansiyalar\u0131n\u0131n yenid\u0259nqurmadan sonra a\u00e7\u0131l\u0131\u015f\u0131n\u0131 edib.<\/p>\n\n\n\n<p>Az\u0259rbaycan Prezidenti \u0130lham \u018fliyev V\u0259t\u0259n m\u00fcharib\u0259si zaman\u0131 Erm\u0259nistan silahl\u0131 q\u00fcvv\u0259l\u0259rinin &#171;Smer\u00e7&#187; raketl\u0259ri il\u0259 h\u00fccumu n\u0259tic\u0259sind\u0259 T\u0259rt\u0259r \u015f\u0259h\u0259rinin sakini Sahib \u0130smay\u0131lovun da\u011f\u0131lm\u0131\u015f evin\u0259 bax\u0131b v\u0259 onun yerin\u0259 in\u015fa edil\u0259n yeni evd\u0259 yarad\u0131lan \u015f\u0259raitl\u0259 tan\u0131\u015f olub.<\/p>\n\n\n\n<figure class=\"wp-block-image size-large\"><img loading=\"lazy\" decoding=\"async\" width=\"1024\" height=\"719\" src=\"https:\/\/fedai.az\/wp-content\/uploads\/2021\/10\/dsc_9319-1024x719.jpg\" alt=\"\" class=\"wp-image-50167\" srcset=\"https:\/\/fedai.az\/wp-content\/uploads\/2021\/10\/dsc_9319-1024x719.jpg 1024w, https:\/\/fedai.az\/wp-content\/uploads\/2021\/10\/dsc_9319-300x211.jpg 300w, https:\/\/fedai.az\/wp-content\/uploads\/2021\/10\/dsc_9319-150x105.jpg 150w, https:\/\/fedai.az\/wp-content\/uploads\/2021\/10\/dsc_9319-768x539.jpg 768w, https:\/\/fedai.az\/wp-content\/uploads\/2021\/10\/dsc_9319.jpg 1340w\" sizes=\"auto, (max-width: 1024px) 100vw, 1024px\" \/><\/figure>\n\n\n\n<p>Prezident \u0130lham \u018fliyev rayon m\u0259rk\u0259zind\u0259 Erm\u0259nistan silahl\u0131 birl\u0259\u015fm\u0259l\u0259ri t\u0259r\u0259find\u0259n T\u0259rt\u0259r rayonuna m\u00fcxt\u0259lif tipli reaktiv yayl\u0131m at\u0259\u015fi sisteml\u0259ri v\u0259 artilleriya qur\u011fular\u0131ndan at\u0131lm\u0131\u015f m\u0259rmil\u0259r\u0259 bax\u0131b.<\/p>\n\n\n\n<p>D\u00f6vl\u0259timizin ba\u015f\u00e7\u0131s\u0131 B\u0259rd\u0259 rayonuna g\u0259lib. Prezident \u0130lham \u018fliyev ulu \u00f6nd\u0259r Heyd\u0259r \u018fliyevin B\u0259rd\u0259 \u015f\u0259h\u0259rinin m\u0259rk\u0259zind\u0259 ucald\u0131lm\u0131\u015f abid\u0259sini ziyar\u0259t ed\u0259r\u0259k \u00f6n\u00fcn\u0259 g\u00fcl d\u0259st\u0259si qoyub.<\/p>\n\n\n\n<figure class=\"wp-block-image size-large\"><img loading=\"lazy\" decoding=\"async\" width=\"1024\" height=\"682\" src=\"https:\/\/fedai.az\/wp-content\/uploads\/2021\/10\/eyu_9142-1024x682.jpg\" alt=\"\" class=\"wp-image-50168\" srcset=\"https:\/\/fedai.az\/wp-content\/uploads\/2021\/10\/eyu_9142-1024x682.jpg 1024w, https:\/\/fedai.az\/wp-content\/uploads\/2021\/10\/eyu_9142-300x200.jpg 300w, https:\/\/fedai.az\/wp-content\/uploads\/2021\/10\/eyu_9142-150x100.jpg 150w, https:\/\/fedai.az\/wp-content\/uploads\/2021\/10\/eyu_9142-768x512.jpg 768w, https:\/\/fedai.az\/wp-content\/uploads\/2021\/10\/eyu_9142.jpg 1340w\" sizes=\"auto, (max-width: 1024px) 100vw, 1024px\" \/><\/figure>\n\n\n\n<p>Prezident \u0130lham \u018fliyev B\u0259rd\u0259 Pe\u015f\u0259 Liseyinin a\u00e7\u0131l\u0131\u015f\u0131nda i\u015ftirak edib.<\/p>\n\n\n\n<p>S\u0259f\u0259rd\u0259n geni\u015f reportaj oktyabr\u0131n 4-d\u0259 t\u0259qdim olunacaq.<\/p>\n\n\n\n<figure class=\"wp-block-image size-large\"><img loading=\"lazy\" decoding=\"async\" width=\"1024\" height=\"667\" src=\"https:\/\/fedai.az\/wp-content\/uploads\/2021\/10\/nam_6529-1024x667.jpg\" alt=\"\" class=\"wp-image-50169\" srcset=\"https:\/\/fedai.az\/wp-content\/uploads\/2021\/10\/nam_6529-1024x667.jpg 1024w, https:\/\/fedai.az\/wp-content\/uploads\/2021\/10\/nam_6529-300x195.jpg 300w, https:\/\/fedai.az\/wp-content\/uploads\/2021\/10\/nam_6529-150x98.jpg 150w, https:\/\/fedai.az\/wp-content\/uploads\/2021\/10\/nam_6529-768x500.jpg 768w, https:\/\/fedai.az\/wp-content\/uploads\/2021\/10\/nam_6529.jpg 1340w\" sizes=\"auto, (max-width: 1024px) 100vw, 1024px\" \/><\/figure>\n\n\n\n<figure class=\"wp-block-image size-large\"><img loading=\"lazy\" decoding=\"async\" width=\"1024\" height=\"682\" src=\"https:\/\/fedai.az\/wp-content\/uploads\/2021\/10\/dsc_9375-1024x682.jpg\" alt=\"\" class=\"wp-image-50170\" srcset=\"https:\/\/fedai.az\/wp-content\/uploads\/2021\/10\/dsc_9375-1024x682.jpg 1024w, https:\/\/fedai.az\/wp-content\/uploads\/2021\/10\/dsc_9375-300x200.jpg 300w, https:\/\/fedai.az\/wp-content\/uploads\/2021\/10\/dsc_9375-150x100.jpg 150w, https:\/\/fedai.az\/wp-content\/uploads\/2021\/10\/dsc_9375-768x512.jpg 768w, https:\/\/fedai.az\/wp-content\/uploads\/2021\/10\/dsc_9375.jpg 1340w\" sizes=\"auto, (max-width: 1024px) 100vw, 1024px\" \/><\/figure>\n\n\n\n<figure class=\"wp-block-image size-large\"><img loading=\"lazy\" decoding=\"async\" width=\"717\" height=\"1020\" src=\"https:\/\/fedai.az\/wp-content\/uploads\/2021\/10\/dsc_8497-1.jpg\" alt=\"\" class=\"wp-image-50171\" srcset=\"https:\/\/fedai.az\/wp-content\/uploads\/2021\/10\/dsc_8497-1.jpg 717w, https:\/\/fedai.az\/wp-content\/uploads\/2021\/10\/dsc_8497-1-211x300.jpg 211w, https:\/\/fedai.az\/wp-content\/uploads\/2021\/10\/dsc_8497-1-105x150.jpg 105w\" sizes=\"auto, (max-width: 717px) 100vw, 717px\" \/><\/figure>\n","protected":false},"excerpt":{"rendered":"<p>Az\u0259rbaycan Respublikas\u0131n\u0131n Prezidenti \u0130lham \u018fliyev oktyabr\u0131n 3-d\u0259 T\u0259rt\u0259r v\u0259 B\u0259rd\u0259 rayonlar\u0131nda s\u0259f\u0259rd\u0259 olub. D\u00f6vl\u0259timizin ba\u015f\u00e7\u0131s\u0131 T\u0259rt\u0259r \u015f\u0259h\u0259rinin m\u0259rk\u0259zind\u0259 ulu \u00f6nd\u0259r Heyd\u0259r \u018fliyevin abid\u0259sini ziyar\u0259t<\/p>\n","protected":false},"author":2,"featured_media":50172,"comment_status":"closed","ping_status":"closed","sticky":false,"template":"","format":"standard","meta":{"footnotes":""},"categories":[3],"tags":[],"class_list":["post-50165","post","type-post","status-publish","format-standard","has-post-thumbnail","hentry","category-gundm"],"aioseo_notices":[],"_links":{"self":[{"href":"https:\/\/fedai.az\/index.php?rest_route=\/wp\/v2\/posts\/50165","targetHints":{"allow":["GET"]}}],"collection":[{"href":"https:\/\/fedai.az\/index.php?rest_route=\/wp\/v2\/posts"}],"about":[{"href":"https:\/\/fedai.az\/index.php?rest_route=\/wp\/v2\/types\/post"}],"author":[{"embeddable":true,"href":"https:\/\/fedai.az\/index.php?rest_route=\/wp\/v2\/users\/2"}],"replies":[{"embeddable":true,"href":"https:\/\/fedai.az\/index.php?rest_route=%2Fwp%2Fv2%2Fcomments&post=50165"}],"version-history":[{"count":1,"href":"https:\/\/fedai.az\/index.php?rest_route=\/wp\/v2\/posts\/50165\/revisions"}],"predecessor-version":[{"id":50173,"href":"https:\/\/fedai.az\/index.php?rest_route=\/wp\/v2\/posts\/50165\/revisions\/50173"}],"wp:featuredmedia":[{"embeddable":true,"href":"https:\/\/fedai.az\/index.php?rest_route=\/wp\/v2\/media\/50172"}],"wp:attachment":[{"href":"https:\/\/fedai.az\/index.php?rest_route=%2Fwp%2Fv2%2Fmedia&parent=50165"}],"wp:term":[{"taxonomy":"category","embeddable":true,"href":"https:\/\/fedai.az\/index.php?rest_route=%2Fwp%2Fv2%2Fcategories&post=50165"},{"taxonomy":"post_tag","embeddable":true,"href":"https:\/\/fedai.az\/index.php?rest_route=%2Fwp%2Fv2%2Ftags&post=50165"}],"curies":[{"name":"wp","href":"https:\/\/api.w.org\/{rel}","templated":true}]}}