{"id":50177,"date":"2021-10-04T00:50:38","date_gmt":"2021-10-03T20:50:38","guid":{"rendered":"https:\/\/fedai.az\/?p=50177"},"modified":"2021-10-04T00:50:40","modified_gmt":"2021-10-03T20:50:40","slug":"pasinyan-ilham-%c9%99liyevl%c9%99-gorus%c9%99-hazir-oldugunu-b%c9%99yan-etdi","status":"publish","type":"post","link":"https:\/\/fedai.az\/?p=50177","title":{"rendered":"Pa\u015finyan \u0130lham \u018fliyevl\u0259 g\u00f6r\u00fc\u015f\u0259 haz\u0131r oldu\u011funu B\u018fYAN ETD\u0130"},"content":{"rendered":"\n<p><strong>Erm\u0259nistan\u0131n Ba\u015f naziri Nikol Pa\u015finyan Az\u0259rbaycan Prezidenti \u0130lham \u018fliyevl\u0259 g\u00f6r\u00fc\u015f\u0259 haz\u0131r oldu\u011funu bildirib.<\/strong><\/p>\n\n\n\n<p><strong>Redaktor.az<\/strong>\u00a0\u201cArmenpress\u201d\u0259 istinad\u0259n x\u0259b\u0259r verir ki, Pa\u015finyan bu bar\u0259d\u0259 Viln\u00fcsd\u0259ki erm\u0259ni icmas\u0131n\u0131n n\u00fcmay\u0259nd\u0259l\u0259ri il\u0259 g\u00f6r\u00fc\u015f\u00fcnd\u0259 deyib.<\/p>\n\n\n\n<p>Ba\u015f nazir g\u00f6r\u00fc\u015fd\u0259 mina x\u0259rit\u0259l\u0259ri bar\u0259d\u0259 d\u0259 dan\u0131\u015f\u0131b. O bildirib ki, Qaraba\u011f\u0131 i\u015f\u011falda saxlad\u0131qlar\u0131 m\u00fcdd\u0259td\u0259 basd\u0131rd\u0131qlar\u0131 minalar\u0131n x\u0259rit\u0259l\u0259rini d\u0259 Az\u0259rbaycan Prezidenti il\u0259 g\u00f6r\u00fc\u015f\u0259 aparma\u011fa haz\u0131rd\u0131r.<\/p>\n\n\n\n<p>Pa\u015finyan bunun \u00fc\u00e7\u00fcn iddia edir ki, guya Az\u0259rbaycanda olan erm\u0259ni \u0259sirl\u0259r geri qaytar\u0131lmal\u0131d\u0131r.&nbsp;<\/p>\n\n\n\n<p>Qeyd ed\u0259k ki, bundan \u0259vv\u0259l Prezident \u0130lham \u018fliyev \u0130spaniyan\u0131n EFE agentliyin\u0259 m\u00fcsahib\u0259sind\u0259 Erm\u0259nistan\u0131n ba\u015f naziri Pa\u015finyanla g\u00f6r\u00fc\u015f\u0259 haz\u0131r oldu\u011funu vur\u011fulay\u0131b.<\/p>\n","protected":false},"excerpt":{"rendered":"<p>Erm\u0259nistan\u0131n Ba\u015f naziri Nikol Pa\u015finyan Az\u0259rbaycan Prezidenti \u0130lham \u018fliyevl\u0259 g\u00f6r\u00fc\u015f\u0259 haz\u0131r oldu\u011funu bildirib. Redaktor.az\u00a0\u201cArmenpress\u201d\u0259 istinad\u0259n x\u0259b\u0259r verir ki, Pa\u015finyan bu bar\u0259d\u0259 Viln\u00fcsd\u0259ki erm\u0259ni icmas\u0131n\u0131n<\/p>\n","protected":false},"author":2,"featured_media":50178,"comment_status":"closed","ping_status":"closed","sticky":false,"template":"","format":"standard","meta":{"footnotes":""},"categories":[4],"tags":[],"class_list":["post-50177","post","type-post","status-publish","format-standard","has-post-thumbnail","hentry","category-qarabag"],"aioseo_notices":[],"_links":{"self":[{"href":"https:\/\/fedai.az\/index.php?rest_route=\/wp\/v2\/posts\/50177","targetHints":{"allow":["GET"]}}],"collection":[{"href":"https:\/\/fedai.az\/index.php?rest_route=\/wp\/v2\/posts"}],"about":[{"href":"https:\/\/fedai.az\/index.php?rest_route=\/wp\/v2\/types\/post"}],"author":[{"embeddable":true,"href":"https:\/\/fedai.az\/index.php?rest_route=\/wp\/v2\/users\/2"}],"replies":[{"embeddable":true,"href":"https:\/\/fedai.az\/index.php?rest_route=%2Fwp%2Fv2%2Fcomments&post=50177"}],"version-history":[{"count":1,"href":"https:\/\/fedai.az\/index.php?rest_route=\/wp\/v2\/posts\/50177\/revisions"}],"predecessor-version":[{"id":50179,"href":"https:\/\/fedai.az\/index.php?rest_route=\/wp\/v2\/posts\/50177\/revisions\/50179"}],"wp:featuredmedia":[{"embeddable":true,"href":"https:\/\/fedai.az\/index.php?rest_route=\/wp\/v2\/media\/50178"}],"wp:attachment":[{"href":"https:\/\/fedai.az\/index.php?rest_route=%2Fwp%2Fv2%2Fmedia&parent=50177"}],"wp:term":[{"taxonomy":"category","embeddable":true,"href":"https:\/\/fedai.az\/index.php?rest_route=%2Fwp%2Fv2%2Fcategories&post=50177"},{"taxonomy":"post_tag","embeddable":true,"href":"https:\/\/fedai.az\/index.php?rest_route=%2Fwp%2Fv2%2Ftags&post=50177"}],"curies":[{"name":"wp","href":"https:\/\/api.w.org\/{rel}","templated":true}]}}