{"id":50192,"date":"2021-10-04T01:31:12","date_gmt":"2021-10-03T21:31:12","guid":{"rendered":"https:\/\/fedai.az\/?p=50192"},"modified":"2021-10-04T01:31:14","modified_gmt":"2021-10-03T21:31:14","slug":"%c9%99lc%c9%99zair-hava-m%c9%99kanini-fransa-h%c9%99rbi-t%c9%99yyar%c9%99l%c9%99ri-ucun-bagladi","status":"publish","type":"post","link":"https:\/\/fedai.az\/?p=50192","title":{"rendered":"\u018flc\u0259zair hava m\u0259kan\u0131n\u0131 Fransa h\u0259rbi t\u0259yyar\u0259l\u0259ri \u00fc\u00e7\u00fcn ba\u011flad\u0131"},"content":{"rendered":"\n<p><strong>\u018flc\u0259zair hava m\u0259kan\u0131n\u0131 Afrika sahill\u0259rind\u0259 missiya h\u0259yata ke\u00e7ir\u0259n Fransa h\u0259rbi t\u0259yyar\u0259l\u0259ri \u00fc\u00e7\u00fcn ba\u011flay\u0131b.<\/strong><\/p>\n\n\n\n<p><br>Bu bar\u0259d\u0259 bu g\u00fcn \u201cAl Jazeera\u201d telekanal\u0131 m\u0259lumat yay\u0131b.<\/p>\n\n\n\n<p><br>Qeyd ed\u0259k ki, \u018flc\u0259zair v\u0259 Paris aras\u0131nda \u0259laq\u0259l\u0259r Fransa Prezidenti Emmanuel Makronun ke\u00e7mi\u015f m\u00fcst\u0259ml\u0259k\u0259l\u0259r bar\u0259d\u0259 \u00e7\u0131x\u0131\u015f\u0131ndan sonra k\u0259skinl\u0259\u015fib. E. Makron c\u00fcm\u0259 ax\u015fam\u0131 \u018flc\u0259zaird\u0259 m\u00fcst\u0259qillik u\u011frunda m\u00fcbariz\u0259y\u0259 qar\u015f\u0131 d\u00f6y\u00fc\u015fm\u00fc\u015f frans\u0131zlar\u0131n n\u0259v\u0259l\u0259ri il\u0259 g\u00f6r\u00fc\u015fd\u0259 deyib ki, \u018flc\u0259zairin r\u0259smi tarixi h\u0259qiq\u0259tl\u0259r\u0259 \u0259saslanaraq deyil, Fransaya nifr\u0259t \u00fcz\u0259rind\u0259 yaz\u0131l\u0131b.<\/p>\n\n\n\n<p><br>\u018flc\u0259zair bunu \u00f6lk\u0259nin daxili i\u015fl\u0259rin\u0259 qar\u0131\u015fmaq kimi qiym\u0259tl\u0259ndirib v\u0259 Parisd\u0259ki s\u0259firini m\u0259sl\u0259h\u0259tl\u0259\u015fm\u0259k \u00fc\u00e7\u00fcn geri \u00e7a\u011f\u0131r\u0131b.<\/p>\n\n\n\n<p><br>\u018flc\u0259zair Prezidentinin ofisi d\u00fcn\u0259n Parisin \u00fcnvan\u0131na s\u0259rt b\u0259yanat verib. B\u0259yanatda E. Makronun s\u00f6zl\u0259ri \u018flc\u0259zairin azadl\u0131\u011f\u0131 u\u011frunda can\u0131ndan ke\u00e7mi\u015f 5 630 000 \u015f\u0259hidin ruhuna t\u0259hqir kimi qiym\u0259tl\u0259ndirilib. Qeyd edilib ki, Fransan\u0131n \u018flc\u0259zaird\u0259 m\u00fcst\u0259ml\u0259k\u0259\u00e7ilik cinay\u0259tl\u0259ri says\u0131z-hesabs\u0131zd\u0131r v\u0259 insanl\u0131q \u0259leyhin\u0259 soyq\u0131r\u0131md\u0131r. Vur\u011fulan\u0131b ki, bu cinay\u0259tl\u0259r faktlar\u0131n manipulyasiyas\u0131na v\u0259 yum\u015fald\u0131c\u0131 \u015f\u0259rhl\u0259r\u0259 m\u0259ruz qala bilm\u0259z.<\/p>\n\n\n\n<p>M\u0259nb\u0259: APA<\/p>\n","protected":false},"excerpt":{"rendered":"<p>\u018flc\u0259zair hava m\u0259kan\u0131n\u0131 Afrika sahill\u0259rind\u0259 missiya h\u0259yata ke\u00e7ir\u0259n Fransa h\u0259rbi t\u0259yyar\u0259l\u0259ri \u00fc\u00e7\u00fcn ba\u011flay\u0131b. Bu bar\u0259d\u0259 bu g\u00fcn \u201cAl Jazeera\u201d telekanal\u0131 m\u0259lumat yay\u0131b. Qeyd ed\u0259k<\/p>\n","protected":false},"author":2,"featured_media":50193,"comment_status":"closed","ping_status":"closed","sticky":false,"template":"","format":"standard","meta":{"footnotes":""},"categories":[13],"tags":[],"class_list":["post-50192","post","type-post","status-publish","format-standard","has-post-thumbnail","hentry","category-xarici"],"aioseo_notices":[],"_links":{"self":[{"href":"https:\/\/fedai.az\/index.php?rest_route=\/wp\/v2\/posts\/50192","targetHints":{"allow":["GET"]}}],"collection":[{"href":"https:\/\/fedai.az\/index.php?rest_route=\/wp\/v2\/posts"}],"about":[{"href":"https:\/\/fedai.az\/index.php?rest_route=\/wp\/v2\/types\/post"}],"author":[{"embeddable":true,"href":"https:\/\/fedai.az\/index.php?rest_route=\/wp\/v2\/users\/2"}],"replies":[{"embeddable":true,"href":"https:\/\/fedai.az\/index.php?rest_route=%2Fwp%2Fv2%2Fcomments&post=50192"}],"version-history":[{"count":1,"href":"https:\/\/fedai.az\/index.php?rest_route=\/wp\/v2\/posts\/50192\/revisions"}],"predecessor-version":[{"id":50194,"href":"https:\/\/fedai.az\/index.php?rest_route=\/wp\/v2\/posts\/50192\/revisions\/50194"}],"wp:featuredmedia":[{"embeddable":true,"href":"https:\/\/fedai.az\/index.php?rest_route=\/wp\/v2\/media\/50193"}],"wp:attachment":[{"href":"https:\/\/fedai.az\/index.php?rest_route=%2Fwp%2Fv2%2Fmedia&parent=50192"}],"wp:term":[{"taxonomy":"category","embeddable":true,"href":"https:\/\/fedai.az\/index.php?rest_route=%2Fwp%2Fv2%2Fcategories&post=50192"},{"taxonomy":"post_tag","embeddable":true,"href":"https:\/\/fedai.az\/index.php?rest_route=%2Fwp%2Fv2%2Ftags&post=50192"}],"curies":[{"name":"wp","href":"https:\/\/api.w.org\/{rel}","templated":true}]}}