{"id":50201,"date":"2021-10-04T01:54:42","date_gmt":"2021-10-03T21:54:42","guid":{"rendered":"https:\/\/fedai.az\/?p=50201"},"modified":"2021-10-04T01:54:44","modified_gmt":"2021-10-03T21:54:44","slug":"qarabag-erm%c9%99nil%c9%99rinin-az%c9%99rbaycan-daxilind%c9%99-movcud-ola-bilm%c9%99y%c9%99c%c9%99yin%c9%99-inandirmasaq-serj-sarqsyan","status":"publish","type":"post","link":"https:\/\/fedai.az\/?p=50201","title":{"rendered":"&#171;Qaraba\u011f erm\u0259nil\u0259rinin Az\u0259rbaycan daxilind\u0259 m\u00f6vcud ola bilm\u0259y\u0259c\u0259yin\u0259 inand\u0131rmasaq&#8230;&#187; &#8212; Serj Sarqsyan"},"content":{"rendered":"\n<p><strong>&#171;Minsk qrupu \u00e7\u0259r\u00e7iv\u0259sind\u0259 dan\u0131\u015f\u0131qlar yenid\u0259n ba\u015flayacaq v\u0259 bunun s\u0259b\u0259bi Az\u0259rbaycan r\u0259hb\u0259rliyinin davran\u0131\u015f\u0131nda azalan s\u0259rtlikdir&#187;.<br><\/strong><br><strong>AM\u0130A.AZ<\/strong>\u00a0&#171;news.am&#187;a istinadla x\u0259b\u0259r verir ki, bunu Erm\u0259nistan\u0131n \u00fc\u00e7\u00fcnc\u00fc prezidenti Serj Sarqsyan Tsaqkadzorda partiya yolda\u015flar\u0131 il\u0259 g\u00f6r\u00fc\u015f\u00fc zaman\u0131 deyib.<br><br>&#171;Minsk Qrupuna g\u0259ldikd\u0259, \u0259lb\u0259tt\u0259 ki, h\u0259r\u0259k\u0259t edir, h\u0259r halda, onun l\u0259\u011fvi il\u0259 ba\u011fl\u0131 he\u00e7 bir q\u0259rar olmad\u0131. V\u0259 eyni zamanda \u0259min\u0259m ki, b\u0259li, Minsk Qrupu \u00e7\u0259r\u00e7iv\u0259sind\u0259 dan\u0131\u015f\u0131qlar yenid\u0259n ba\u015flayacaq v\u0259 bunun s\u0259b\u0259bi Az\u0259rbaycan r\u0259hb\u0259rliyinin davran\u0131\u015f\u0131nda azalan s\u0259rtlikdir. Ham\u0131m\u0131z \u018fliyevin h\u0259ms\u0259drl\u0259r\u0259 qar\u015f\u0131 kobud davrand\u0131\u011f\u0131n\u0131, onlar\u0131n g\u0259lib-g\u0259lm\u0259m\u0259sinin maraqlanmad\u0131\u011f\u0131n\u0131 s\u00f6yl\u0259diyini xat\u0131rlay\u0131r\u0131q &#8212; t\u0259xmin\u0259n bu kontekstd\u0259. \u0130ndi d\u0259 g\u00f6r\u00fc\u015fl\u0259r\u0259 haz\u0131r oldu\u011funu b\u0259yan edir. Ancaq bu, h\u0259r\u0259k\u0259tsiz qalsaq, t\u0259l\u0259bl\u0259rimizd\u0259n \u0259l \u00e7\u0259ks\u0259k, insanlar\u0131 bir daha Qaraba\u011f erm\u0259nil\u0259rinin Az\u0259rbaycan daxilind\u0259 m\u00f6vcud ola bilm\u0259y\u0259c\u0259yin\u0259 inand\u0131rmasaq, Minsk qrupunun m\u0259s\u0259l\u0259mizi h\u0259ll ed\u0259c\u0259yin\u0259 z\u0259man\u0259t ola bilm\u0259z&#187;, &#8212; dey\u0259 Sarqsyan bildirib.<\/p>\n","protected":false},"excerpt":{"rendered":"<p>&#171;Minsk qrupu \u00e7\u0259r\u00e7iv\u0259sind\u0259 dan\u0131\u015f\u0131qlar yenid\u0259n ba\u015flayacaq v\u0259 bunun s\u0259b\u0259bi Az\u0259rbaycan r\u0259hb\u0259rliyinin davran\u0131\u015f\u0131nda azalan s\u0259rtlikdir&#187;.AM\u0130A.AZ\u00a0&#171;news.am&#187;a istinadla x\u0259b\u0259r verir ki, bunu Erm\u0259nistan\u0131n \u00fc\u00e7\u00fcnc\u00fc prezidenti Serj Sarqsyan<\/p>\n","protected":false},"author":2,"featured_media":50202,"comment_status":"closed","ping_status":"closed","sticky":false,"template":"","format":"standard","meta":{"footnotes":""},"categories":[4],"tags":[],"class_list":["post-50201","post","type-post","status-publish","format-standard","has-post-thumbnail","hentry","category-qarabag"],"aioseo_notices":[],"_links":{"self":[{"href":"https:\/\/fedai.az\/index.php?rest_route=\/wp\/v2\/posts\/50201","targetHints":{"allow":["GET"]}}],"collection":[{"href":"https:\/\/fedai.az\/index.php?rest_route=\/wp\/v2\/posts"}],"about":[{"href":"https:\/\/fedai.az\/index.php?rest_route=\/wp\/v2\/types\/post"}],"author":[{"embeddable":true,"href":"https:\/\/fedai.az\/index.php?rest_route=\/wp\/v2\/users\/2"}],"replies":[{"embeddable":true,"href":"https:\/\/fedai.az\/index.php?rest_route=%2Fwp%2Fv2%2Fcomments&post=50201"}],"version-history":[{"count":1,"href":"https:\/\/fedai.az\/index.php?rest_route=\/wp\/v2\/posts\/50201\/revisions"}],"predecessor-version":[{"id":50203,"href":"https:\/\/fedai.az\/index.php?rest_route=\/wp\/v2\/posts\/50201\/revisions\/50203"}],"wp:featuredmedia":[{"embeddable":true,"href":"https:\/\/fedai.az\/index.php?rest_route=\/wp\/v2\/media\/50202"}],"wp:attachment":[{"href":"https:\/\/fedai.az\/index.php?rest_route=%2Fwp%2Fv2%2Fmedia&parent=50201"}],"wp:term":[{"taxonomy":"category","embeddable":true,"href":"https:\/\/fedai.az\/index.php?rest_route=%2Fwp%2Fv2%2Fcategories&post=50201"},{"taxonomy":"post_tag","embeddable":true,"href":"https:\/\/fedai.az\/index.php?rest_route=%2Fwp%2Fv2%2Ftags&post=50201"}],"curies":[{"name":"wp","href":"https:\/\/api.w.org\/{rel}","templated":true}]}}