{"id":50204,"date":"2021-10-04T01:58:42","date_gmt":"2021-10-03T21:58:42","guid":{"rendered":"https:\/\/fedai.az\/?p=50204"},"modified":"2021-10-04T01:58:43","modified_gmt":"2021-10-03T21:58:43","slug":"c%c9%99brayilin-isgaldan-azad-olunmasindan-1-il-otur","status":"publish","type":"post","link":"https:\/\/fedai.az\/?p=50204","title":{"rendered":"C\u0259bray\u0131l\u0131n i\u015f\u011faldan azad olunmas\u0131ndan 1 il \u00f6t\u00fcr"},"content":{"rendered":"\n<p><strong>Bu g\u00fcn C\u0259bray\u0131l \u015f\u0259h\u0259ri v\u0259 rayonun bir s\u0131ra k\u0259ndl\u0259rinin i\u015f\u011faldan azad edilm\u0259sind\u0259n 1 il \u00f6t\u00fcr. Sentyabr\u0131n 27-d\u0259 ba\u015flayan Az\u0259rbaycan Ordusunun s\u00fcr\u0259tli \u0259ks-h\u00fccum \u0259m\u0259liyyatlar\u0131 n\u0259tic\u0259sind\u0259 ard\u0131c\u0131l olaraq d\u00fc\u015fm\u0259nin torpaqlar\u0131m\u0131zda qurdu\u011fu m\u00fcdafi\u0259-istehkam x\u0259tl\u0259ri darmada\u011f\u0131n edilib.<\/strong><\/p>\n\n\n\n<p> 4 oktyabr 2020-ci il tarixd\u0259 Prezident \u0130lham \u018fliyev Az\u0259rbaycan Ordusunun C\u0259bray\u0131l \u015f\u0259h\u0259rini v\u0259 rayonunun bir ne\u00e7\u0259 k\u0259ndini i\u015f\u011faldan azad etdiyini a\u00e7\u0131qlay\u0131b. C\u0259bray\u0131l \u015f\u0259h\u0259ri il\u0259 birlikd\u0259 rayonun Karxulu, \u015e\u00fck\u00fcrb\u0259yli, Yuxar\u0131 Maralyan, \u00c7\u0259r\u0259k\u0259n, Da\u015fk\u0259s\u0259n, Horovlu, Decal, Mahmudlu v\u0259 C\u0259f\u0259rabad k\u0259ndl\u0259ri d\u00fc\u015fm\u0259nd\u0259n geri al\u0131n\u0131b. Qeyd ed\u0259k ki, 44 g\u00fcn davam ed\u0259n h\u0259rbi \u0259m\u0259liyyatlar \u00e7\u0259r\u00e7iv\u0259sind\u0259 Az\u0259rbaycan Ordusu Erm\u0259nistan\u0131n 30 il \u0259rzind\u0259 qurdu\u011fu silahl\u0131 q\u00fcvv\u0259l\u0259rini darmada\u011f\u0131n ed\u0259r\u0259k, C\u0259bray\u0131l, Qubadl\u0131, Z\u0259ngilan, F\u00fczuli rayonlar\u0131n\u0131, Xocav\u0259nd rayonunun b\u00f6y\u00fck hiss\u0259sini, La\u00e7\u0131n rayonunun bir s\u0131ra k\u0259ndl\u0259rini i\u015f\u011faldan azad edib. <\/p>\n\n\n\n<figure class=\"wp-block-image size-large is-resized\"><img loading=\"lazy\" decoding=\"async\" src=\"https:\/\/fedai.az\/wp-content\/uploads\/2021\/10\/\u0411\u0435\u0437-\u043d\u0430\u0437\u0432\u0430\u043d\u0438\u044f-1.jpg\" alt=\"\" class=\"wp-image-50205\" width=\"918\" height=\"611\" srcset=\"https:\/\/fedai.az\/wp-content\/uploads\/2021\/10\/\u0411\u0435\u0437-\u043d\u0430\u0437\u0432\u0430\u043d\u0438\u044f-1.jpg 275w, https:\/\/fedai.az\/wp-content\/uploads\/2021\/10\/\u0411\u0435\u0437-\u043d\u0430\u0437\u0432\u0430\u043d\u0438\u044f-1-150x100.jpg 150w\" sizes=\"auto, (max-width: 918px) 100vw, 918px\" \/><\/figure>\n\n\n\n<p>Bu m\u00fcdd\u0259t \u0259rzind\u0259 \u00fcmumilikd\u0259, 5 \u015f\u0259h\u0259r, 4 q\u0259s\u0259b\u0259, 286 k\u0259nd, \u00e7oxsayl\u0131 strateji y\u00fcks\u0259klikl\u0259r geri qaytar\u0131l\u0131b. Noyabr\u0131n 8-d\u0259 is\u0259 28 illik h\u0259sr\u0259td\u0259n sonra Az\u0259rbaycan xalq\u0131 \u00fc\u00e7\u00fcn b\u00f6y\u00fck \u0259h\u0259miyy\u0259t k\u0259sb ed\u0259n v\u0259 r\u0259mzi m\u0259na da\u015f\u0131yan \u015eu\u015fa \u015f\u0259h\u0259ri i\u015f\u011faldan azad edilib. Bundan sonra Erm\u0259nistan\u0131n kapitulyasiya akt\u0131na imza atmaqdan ba\u015fqa \u00e7\u0131x\u0131\u015f yolu qalmay\u0131b. <\/p>\n\n\n\n<p>10 noyabr 2020-ci il tarixd\u0259 Az\u0259rbaycan, Rusiya v\u0259 Erm\u0259nistan\u0131n d\u00f6vl\u0259t ba\u015f\u00e7\u0131lar\u0131 at\u0259\u015fk\u0259s\u0259 dair b\u0259yanat imzalan\u0131b. Az\u0259rbaycan Prezidenti \u0130lham \u018fliyev xalqa m\u00fcraci\u0259tind\u0259 faktiki olaraq bu b\u0259yanat\u0131n Erm\u0259nistan\u0131n h\u0259rbi kapitulyasiyas\u0131 oldu\u011funu ifad\u0259 edib. <\/p>\n\n\n\n<p>Kapitulyasiyan\u0131n \u015f\u0259rtl\u0259rin\u0259 g\u00f6r\u0259, noyabr\u0131n 20-d\u0259 A\u011fdam, 25-d\u0259 K\u0259lb\u0259c\u0259r, dekabr\u0131n 1-d\u0259 is\u0259 La\u00e7\u0131n rayonu geri qaytar\u0131l\u0131b. Haz\u0131rda, Qaraba\u011fda v\u0259 \u015e\u0259rqi Z\u0259ng\u0259zurda s\u00fcr\u0259tli yenid\u0259nqurma v\u0259 b\u0259rpa i\u015fl\u0259ri apar\u0131l\u0131r.<\/p>\n","protected":false},"excerpt":{"rendered":"<p>Bu g\u00fcn C\u0259bray\u0131l \u015f\u0259h\u0259ri v\u0259 rayonun bir s\u0131ra k\u0259ndl\u0259rinin i\u015f\u011faldan azad edilm\u0259sind\u0259n 1 il \u00f6t\u00fcr. Sentyabr\u0131n 27-d\u0259 ba\u015flayan Az\u0259rbaycan Ordusunun s\u00fcr\u0259tli \u0259ks-h\u00fccum \u0259m\u0259liyyatlar\u0131 n\u0259tic\u0259sind\u0259<\/p>\n","protected":false},"author":2,"featured_media":50206,"comment_status":"closed","ping_status":"closed","sticky":false,"template":"","format":"standard","meta":{"footnotes":""},"categories":[4],"tags":[],"class_list":["post-50204","post","type-post","status-publish","format-standard","has-post-thumbnail","hentry","category-qarabag"],"aioseo_notices":[],"_links":{"self":[{"href":"https:\/\/fedai.az\/index.php?rest_route=\/wp\/v2\/posts\/50204","targetHints":{"allow":["GET"]}}],"collection":[{"href":"https:\/\/fedai.az\/index.php?rest_route=\/wp\/v2\/posts"}],"about":[{"href":"https:\/\/fedai.az\/index.php?rest_route=\/wp\/v2\/types\/post"}],"author":[{"embeddable":true,"href":"https:\/\/fedai.az\/index.php?rest_route=\/wp\/v2\/users\/2"}],"replies":[{"embeddable":true,"href":"https:\/\/fedai.az\/index.php?rest_route=%2Fwp%2Fv2%2Fcomments&post=50204"}],"version-history":[{"count":1,"href":"https:\/\/fedai.az\/index.php?rest_route=\/wp\/v2\/posts\/50204\/revisions"}],"predecessor-version":[{"id":50207,"href":"https:\/\/fedai.az\/index.php?rest_route=\/wp\/v2\/posts\/50204\/revisions\/50207"}],"wp:featuredmedia":[{"embeddable":true,"href":"https:\/\/fedai.az\/index.php?rest_route=\/wp\/v2\/media\/50206"}],"wp:attachment":[{"href":"https:\/\/fedai.az\/index.php?rest_route=%2Fwp%2Fv2%2Fmedia&parent=50204"}],"wp:term":[{"taxonomy":"category","embeddable":true,"href":"https:\/\/fedai.az\/index.php?rest_route=%2Fwp%2Fv2%2Fcategories&post=50204"},{"taxonomy":"post_tag","embeddable":true,"href":"https:\/\/fedai.az\/index.php?rest_route=%2Fwp%2Fv2%2Ftags&post=50204"}],"curies":[{"name":"wp","href":"https:\/\/api.w.org\/{rel}","templated":true}]}}