{"id":50217,"date":"2021-10-04T02:18:21","date_gmt":"2021-10-03T22:18:21","guid":{"rendered":"https:\/\/fedai.az\/?p=50217"},"modified":"2021-10-04T02:18:24","modified_gmt":"2021-10-03T22:18:24","slug":"erm%c9%99ni-h%c9%99rbcil%c9%99r-xidm%c9%99ti-yerl%c9%99rin%c9%99-qayitmaq-ist%c9%99mirl%c9%99r","status":"publish","type":"post","link":"https:\/\/fedai.az\/?p=50217","title":{"rendered":"Erm\u0259ni h\u0259rb\u00e7il\u0259r xidm\u0259ti yerl\u0259rin\u0259 qay\u0131tmaq ist\u0259mirl\u0259r"},"content":{"rendered":"\n<p><strong>D\u00fcn\u0259n Erm\u0259nistan\u0131n f\u0259rqli h\u0259rbi hiss\u0259l\u0259rind\u0259n olan \u00e7a\u011f\u0131r\u0131\u015f\u00e7\u0131lar, m\u0259zuniyy\u0259t m\u00fcdd\u0259ti bitdikd\u0259n sonra xidm\u0259ti yerl\u0259rin\u0259 qay\u0131tmaq ist\u0259m\u0259dikl\u0259rini, m\u00fc\u0259yy\u0259n h\u0259rbi xidm\u0259t v\u0259zif\u0259l\u0259rini yerin\u0259 yetirm\u0259kd\u0259n imtina etdikl\u0259rini bildirib. Onlar\u0131n Qaraba\u011fda qanunsuz xidm\u0259t ed\u0259n \u0259sg\u0259rl\u0259ri is\u0259 s\u00fclhm\u0259raml\u0131lar t\u0259r\u0259find\u0259n \u0259raziy\u0259 burax\u0131lmay\u0131b.<\/strong><\/p>\n\n\n\n<p>Bu bar\u0259d\u0259 Erm\u0259nistan\u0131n \u0130stintaq Komit\u0259si b\u0259yanat yay\u0131b.<\/p>\n\n\n\n<p>Hadis\u0259 il\u0259 ba\u011fl\u0131 cinay\u0259t i\u015fi a\u00e7\u0131l\u0131b, h\u0259rb\u00e7il\u0259rin h\u0259bs edildiyi bildirilib.<\/p>\n\n\n\n<p>Qeyd ed\u0259k ki, erm\u0259ni m\u0259tbuat\u0131 \u0259sg\u0259rl\u0259rin xidm\u0259ti yerl\u0259rin\u0259 qay\u0131tmaq ist\u0259m\u0259diyini m\u00fcharib\u0259d\u0259n sonrak\u0131 v\u0259ziyy\u0259tl\u0259 \u0259laq\u0259l\u0259ndirib.<\/p>\n\n\n\n<p>Onu da dey\u0259k ki, Qaraba\u011fda qanunsuz xidm\u0259t ed\u0259n erm\u0259ni \u0259sg\u0259rl\u0259ri m\u0259zuniyy\u0259t vaxt\u0131 Erm\u0259nistan \u0259razil\u0259rin\u0259 gedib. M\u0259zuniyy\u0259t m\u00fcdd\u0259ti bitdikd\u0259n sonra is\u0259 onlar Qaraba\u011fa yenid\u0259n qay\u0131tmaq ist\u0259y\u0259nd\u0259 \u0259raziy\u0259 burax\u0131lmay\u0131b.<\/p>\n\n\n\n<p>Erm\u0259ni h\u0259rb\u00e7il\u0259rind\u0259n birinin atas\u0131 deyib ki, onun o\u011flu m\u0259zuniyy\u0259td\u0259n qay\u0131danda Qaraba\u011fa burax\u0131lmad\u0131\u011f\u0131 \u00fc\u00e7\u00fcn qanunsuz m\u0259skunla\u015fd\u0131qlar\u0131 h\u0259rbi hiss\u0259y\u0259 qay\u0131da bilm\u0259yib. Buna g\u00f6r\u0259 d\u0259 o, xidm\u0259td\u0259n yay\u0131nmaq iddias\u0131 il\u0259 h\u0259bs edilib.<\/p>\n\n\n\n<p>Bildirilib ki, \u0259sg\u0259rl\u0259r h\u0259rbi biletini rus s\u0259rh\u0259d\u00e7il\u0259rin\u0259 g\u00f6st\u0259rdikd\u0259n sonra, onlar\u0131n m\u00fclki yox, \u0259sg\u0259r oldu\u011fu ayd\u0131n olub. Buna g\u00f6r\u0259 d\u0259 h\u0259rb\u00e7il\u0259r Qaraba\u011fa gir\u0259 bilm\u0259yib.<\/p>\n\n\n\n<p>Bu da erm\u0259ni K\u0130V-d\u0259 \u201ctezlikl\u0259 Qaraba\u011fda bir d\u0259n\u0259 d\u0259 olsun erm\u0259ni \u0259sg\u0259ri qalmayacaq, d\u00fc\u015fm\u0259nin t\u0259l\u0259bi il\u0259 erm\u0259ni qo\u015funlar\u0131 yava\u015f-yava\u015f \u201cArtsax\u201ddan geri \u00e7\u0259kilir\u201d s\u00f6zl\u0259ri il\u0259 etiraza s\u0259b\u0259b olub.<\/p>\n\n\n\n<p>M\u0259nb\u0259: Unikal.org<\/p>\n","protected":false},"excerpt":{"rendered":"<p>D\u00fcn\u0259n Erm\u0259nistan\u0131n f\u0259rqli h\u0259rbi hiss\u0259l\u0259rind\u0259n olan \u00e7a\u011f\u0131r\u0131\u015f\u00e7\u0131lar, m\u0259zuniyy\u0259t m\u00fcdd\u0259ti bitdikd\u0259n sonra xidm\u0259ti yerl\u0259rin\u0259 qay\u0131tmaq ist\u0259m\u0259dikl\u0259rini, m\u00fc\u0259yy\u0259n h\u0259rbi xidm\u0259t v\u0259zif\u0259l\u0259rini yerin\u0259 yetirm\u0259kd\u0259n imtina etdikl\u0259rini bildirib.<\/p>\n","protected":false},"author":2,"featured_media":50218,"comment_status":"closed","ping_status":"closed","sticky":false,"template":"","format":"standard","meta":{"footnotes":""},"categories":[4],"tags":[],"class_list":["post-50217","post","type-post","status-publish","format-standard","has-post-thumbnail","hentry","category-qarabag"],"aioseo_notices":[],"_links":{"self":[{"href":"https:\/\/fedai.az\/index.php?rest_route=\/wp\/v2\/posts\/50217","targetHints":{"allow":["GET"]}}],"collection":[{"href":"https:\/\/fedai.az\/index.php?rest_route=\/wp\/v2\/posts"}],"about":[{"href":"https:\/\/fedai.az\/index.php?rest_route=\/wp\/v2\/types\/post"}],"author":[{"embeddable":true,"href":"https:\/\/fedai.az\/index.php?rest_route=\/wp\/v2\/users\/2"}],"replies":[{"embeddable":true,"href":"https:\/\/fedai.az\/index.php?rest_route=%2Fwp%2Fv2%2Fcomments&post=50217"}],"version-history":[{"count":1,"href":"https:\/\/fedai.az\/index.php?rest_route=\/wp\/v2\/posts\/50217\/revisions"}],"predecessor-version":[{"id":50219,"href":"https:\/\/fedai.az\/index.php?rest_route=\/wp\/v2\/posts\/50217\/revisions\/50219"}],"wp:featuredmedia":[{"embeddable":true,"href":"https:\/\/fedai.az\/index.php?rest_route=\/wp\/v2\/media\/50218"}],"wp:attachment":[{"href":"https:\/\/fedai.az\/index.php?rest_route=%2Fwp%2Fv2%2Fmedia&parent=50217"}],"wp:term":[{"taxonomy":"category","embeddable":true,"href":"https:\/\/fedai.az\/index.php?rest_route=%2Fwp%2Fv2%2Fcategories&post=50217"},{"taxonomy":"post_tag","embeddable":true,"href":"https:\/\/fedai.az\/index.php?rest_route=%2Fwp%2Fv2%2Ftags&post=50217"}],"curies":[{"name":"wp","href":"https:\/\/api.w.org\/{rel}","templated":true}]}}