{"id":50237,"date":"2021-10-04T13:46:00","date_gmt":"2021-10-04T09:46:00","guid":{"rendered":"https:\/\/fedai.az\/?p=50237"},"modified":"2021-10-04T13:51:27","modified_gmt":"2021-10-04T09:51:27","slug":"%c9%99liyev-sarkisyani-yerd%c9%99n-yer%c9%99-vurdu","status":"publish","type":"post","link":"https:\/\/fedai.az\/?p=50237","title":{"rendered":"\u018fliyev Sarkisyan\u0131 yerd\u0259n yer\u0259 vurdu&#8230;"},"content":{"rendered":"\n<p><strong>\u201cErm\u0259nistan ordusu, \u015f\u0259xsi hey\u0259t d\u0259rin m\u0259n\u0259vi-psixoloji sars\u0131nt\u0131 i\u00e7ind\u0259 idi. Onlar\u0131n g\u00f6z\u00fc qorxmu\u015fdu v\u0259 \u0259lb\u0259tt\u0259, bundan sonrak\u0131 d\u00f6vrd\u0259 &#8212; oktyabr\u0131n 3-d\u0259n m\u00fcharib\u0259nin son d\u0259qiq\u0259l\u0259rin\u0259 q\u0259d\u0259r Erm\u0259nistan ordusu qorxu i\u00e7ind\u0259 idi\u201d.<\/strong><\/p>\n\n\n\n<p>Bunu Prezident \u0130lham \u018fliyev oktyabr\u0131n 3-d\u0259 T\u0259rt\u0259r rayonunun Suqovu\u015fan q\u0259s\u0259b\u0259sind\u0259 Az\u0259rbaycan bayra\u011f\u0131n\u0131 ucaldark\u0259n etdiyi \u00e7\u0131x\u0131\u015fda bildirib.<\/p>\n\n\n\n<p>\u0130lham \u018fliyev Erm\u0259nistan ordusunda on mind\u0259n \u00e7ox f\u0259rarinin t\u0259sad\u00fcfi olmad\u0131\u011f\u0131n\u0131 vur\u011fulay\u0131b: <strong>\u201cOnlar g\u00f6r\u00fcrd\u00fcl\u0259r ki, bizim qaba\u011f\u0131m\u0131zda dura bilmirl\u0259r. G\u00f6r\u00fcrd\u00fcl\u0259r ki, onlar\u0131n hakimiyy\u0259ti onlara yalan dan\u0131\u015f\u0131r, onlar\u0131 \u00f6l\u00fcm\u0259 g\u00f6nd\u0259rir. M\u0259nas\u0131z \u0259m\u0259liyyatlar h\u0259yata ke\u00e7irir ki, bu \u0259m\u0259liyyatlar n\u0259tic\u0259sind\u0259 Erm\u0259nistan silahl\u0131 q\u00fcvv\u0259l\u0259rinin \u015f\u0259xsi hey\u0259ti faktiki olaraq qurban kimi verilir. On min f\u0259rarisi olan ordu, \u0259lb\u0259tt\u0259 ki, m\u00fcqavim\u0259t g\u00f6st\u0259r\u0259 bilm\u0259zdi.<\/strong><\/p>\n\n\n\n<p>Bundan sonrak\u0131 d\u00f6vrd\u0259 Az\u0259rbaycan Ordusunun, Silahl\u0131 Q\u00fcvv\u0259l\u0259rimizin \u015fanl\u0131 Z\u0259f\u0259r y\u00fcr\u00fc\u015f\u00fc davam etmi\u015fdir. D\u00fczd\u00fcr, b\u0259zi yerl\u0259rd\u0259 Erm\u0259nistan t\u0259r\u0259fi dir\u0259ni\u015f g\u00f6st\u0259rirdi, m\u00fcqavim\u0259t g\u00f6st\u0259rirdi, b\u0259zi yerl\u0259rd\u0259 biz\u0259 \u00e7\u0259tinlikl\u0259r yarad\u0131rd\u0131. Amma bu, m\u00fcharib\u0259dir. \u00d6z\u00fc d\u0259 otuz il \u0259rzind\u0259 b\u00f6y\u00fck istehkamlar qurmu\u015f t\u0259r\u0259f, &#8212; bu da\u011flara bax\u0131n, bunlar ham\u0131s\u0131 t\u0259bii istehkamlard\u0131r, &#8212; \u0259lb\u0259tt\u0259 ki, onlar\u0131n \u00f6zl\u0259rini m\u00fcdafi\u0259 etm\u0259k \u00fc\u00e7\u00fcn imkanlar\u0131 var idi. Ancaq art\u0131q bilirdil\u0259r ki, bizim qaba\u011f\u0131m\u0131zda dura bilm\u0259zl\u0259r. On min f\u0259rari art\u0131q h\u0259r \u015feyi g\u00f6st\u0259rir.<\/p>\n\n\n\n<figure class=\"wp-block-image size-large\"><img loading=\"lazy\" decoding=\"async\" width=\"1024\" height=\"667\" src=\"https:\/\/fedai.az\/wp-content\/uploads\/2021\/10\/dsc_8620-1024x667.jpg\" alt=\"\" class=\"wp-image-50238\" srcset=\"https:\/\/fedai.az\/wp-content\/uploads\/2021\/10\/dsc_8620-1024x667.jpg 1024w, https:\/\/fedai.az\/wp-content\/uploads\/2021\/10\/dsc_8620-300x195.jpg 300w, https:\/\/fedai.az\/wp-content\/uploads\/2021\/10\/dsc_8620-150x98.jpg 150w, https:\/\/fedai.az\/wp-content\/uploads\/2021\/10\/dsc_8620-768x500.jpg 768w, https:\/\/fedai.az\/wp-content\/uploads\/2021\/10\/dsc_8620.jpg 1340w\" sizes=\"auto, (max-width: 1024px) 100vw, 1024px\" \/><\/figure>\n\n\n\n<p>Bu f\u0259raril\u0259rin i\u00e7ind\u0259 Erm\u0259nistan\u0131n ke\u00e7mi\u015f prezidenti Serjik Sarkisyan da var idi. Bu yax\u0131nlarda m\u0259n\u0259 veril\u0259n m\u0259lumata g\u00f6r\u0259, o, haradasa Az\u0259rbaycan haqq\u0131nda, Ulu \u00d6nd\u0259r haqq\u0131nda \u00f6z s\u0259viyy\u0259sin\u0259 uy\u011fun \u00e7irkin s\u00f6zl\u0259r ifad\u0259 etmi\u015fdir. Birinci f\u0259rari el\u0259 odur. \u00c7\u00fcnki o, m\u00fcharib\u0259 zaman\u0131 Xank\u0259ndiy\u0259 soxulmu\u015fdu, guya orada hans\u0131sa i\u015fl\u0259r g\u00f6r\u0259c\u0259k. Amma g\u00f6r\u0259nd\u0259 ki, Az\u0259rbaycan Ordusu art\u0131q g\u0259lir v\u0259 onun qula\u011f\u0131ndan tutub Bak\u0131ya g\u0259tir\u0259 bil\u0259r, qorxaqcas\u0131na oradan f\u0259rari kimi qa\u00e7m\u0131\u015fd\u0131r. M\u0259n ona Serjik Sarkisyan ona g\u00f6r\u0259 demir\u0259m ki, onu al\u00e7altmaq ist\u0259yir\u0259m, ona g\u00f6r\u0259 ki, bu, onun \u0259sl ad\u0131 v\u0259 soyad\u0131d\u0131r. Bizim arxivl\u0259rimizd\u0259 bu m\u0259lumatlar var. Onun \u201cmetirka\u201ds\u0131nda, y\u0259ni, do\u011fum haqq\u0131nda \u015f\u0259had\u0259tnam\u0259sind\u0259, onun komsomol biletind\u0259 Sarkisyan Serjik yaz\u0131l\u0131bd\u0131r. Sonra bunu edib Sarkisyan Serj. Guya \u201cSerj\u201d, nec\u0259 dey\u0259rl\u0259r, m\u0259qbul bir add\u0131r.<\/p>\n\n\n\n<p>Bu adam \u00f6mr\u00fc boyu o\u011fru, cinay\u0259tkar, saxtakar, xain, satq\u0131n, f\u0259rari kimi tan\u0131n\u0131b. Serjikin o\u011furlu\u011fu haqq\u0131nda Erm\u0259nistanda bilm\u0259y\u0259n yoxdur. Bu g\u00fcn onunla \u0259lbir olan \u201cm\u00fcharib\u0259 q\u0259hr\u0259manlar\u0131\u201d art\u0131q ya h\u0259bsd\u0259dir, ya c\u0259h\u0259nn\u0259md\u0259dir. \u201cTu\u015fonka\u201d satan v\u0259 art\u0131q c\u0259h\u0259nn\u0259md\u0259 yanan, Serjikin sa\u011f \u0259li olan \u201cgeneral\u201d Erm\u0259nistan ordusunun v\u0259 Serjikin \u0259sl simas\u0131n\u0131 g\u00f6st\u0259rir. M\u00fcharib\u0259 zaman\u0131 \u201ctu\u015fonka\u201d satan general hans\u0131 s\u00f6zl\u0259r\u0259 layiqdir? Serjikin sa\u011f \u0259li olan, m\u00fcharib\u0259 d\u00f6vr\u00fcnd\u0259 m\u00fcdafi\u0259 naziri v\u0259zif\u0259sind\u0259 \u00e7al\u0131\u015fan h\u0259rbi cinay\u0259tkar bu yax\u0131nlarda Erm\u0259nistanda h\u0259bs edildi, o\u011furlu\u011fa g\u00f6r\u0259. Nasaz silahlar al\u0131rd\u0131, pullar\u0131n\u0131 da qoyurdu cibin\u0259. Bu haqda bizd\u0259 kifay\u0259t q\u0259d\u0259r m\u0259lumatlar var, h\u0259m m\u00fcharib\u0259d\u0259n \u0259vv\u0259l, h\u0259m m\u00fcharib\u0259 zaman\u0131 hans\u0131 \u0259m\u0259ll\u0259rd\u0259n \u00e7\u0131x\u0131rd\u0131lar. <strong>Ayaqlar\u0131 alt\u0131nda torpaq yan\u0131rd\u0131, Az\u0259rbaycan Ordusu h\u0259r g\u00fcn ir\u0259li gedirdi, Erm\u0259nistan m\u00fcdafi\u0259 naziri kontraktlar imzalay\u0131b, nasaz silahlar ald\u0131r\u0131b, qiym\u0259t f\u0259rqini d\u0259 cibin\u0259 qoyurdu. Onlar Serjikin yetirm\u0259l\u0259ridir, onun kimi o\u011frulard\u0131r.<\/strong><\/p>\n\n\n\n<figure class=\"wp-block-image size-large\"><img loading=\"lazy\" decoding=\"async\" width=\"1024\" height=\"682\" src=\"https:\/\/fedai.az\/wp-content\/uploads\/2021\/10\/dsc_9058-1024x682.jpg\" alt=\"\" class=\"wp-image-50239\" srcset=\"https:\/\/fedai.az\/wp-content\/uploads\/2021\/10\/dsc_9058-1024x682.jpg 1024w, https:\/\/fedai.az\/wp-content\/uploads\/2021\/10\/dsc_9058-300x200.jpg 300w, https:\/\/fedai.az\/wp-content\/uploads\/2021\/10\/dsc_9058-150x100.jpg 150w, https:\/\/fedai.az\/wp-content\/uploads\/2021\/10\/dsc_9058-768x512.jpg 768w, https:\/\/fedai.az\/wp-content\/uploads\/2021\/10\/dsc_9058.jpg 1340w\" sizes=\"auto, (max-width: 1024px) 100vw, 1024px\" \/><\/figure>\n\n\n\n<p>M\u0259n dey\u0259nd\u0259 ki, Serjik h\u0259rbi cinay\u0259tkard\u0131r, bunu t\u0259kc\u0259 m\u0259n demir\u0259m, bunu b\u00f6lg\u0259 il\u0259 tan\u0131\u015f olan b\u00fct\u00fcn q\u0259r\u0259zsiz v\u0259 m\u00fcst\u0259qil politoloqlar, jurnalistl\u0259r deyirl\u0259r. Britaniyal\u0131 jurnalist\u0259 verdiyi m\u00fcsahib\u0259d\u0259 demi\u015fdi ki, Xocal\u0131 soyq\u0131r\u0131m\u0131n\u0131 \u015f\u0259xs\u0259n \u00f6z\u00fc t\u00f6r\u0259dib. Bunun da izahat\u0131n\u0131 vermi\u015fdi ki, az\u0259rbaycanl\u0131lar bilm\u0259lidirl\u0259r, Erm\u0259nistan ordusu dinc \u0259haliy\u0259 qar\u015f\u0131 silah qald\u0131ra bil\u0259r. Bu qanl\u0131 cinay\u0259tkar Serjik Sarkisyand\u0131r. Xain deyir\u0259m, bu, t\u0259hqir deyil. O, h\u0259r add\u0131mba\u015f\u0131 x\u0259yan\u0259t edib. Birincisi, \u00e7\u00f6r\u0259yini yediyi Az\u0259rbaycan xalq\u0131na. \u0130kincisi, onun r\u0259hb\u0259ri olan ke\u00e7mi\u015f Da\u011fl\u0131q Qaraba\u011f Muxtar Vilay\u0259tinin birinci katibi Gevorkova ki, onun yav\u0259ri olub, onun qovluq da\u015f\u0131yan\u0131 olub. Bu, onun t\u0259rc\u00fcmeyi-hal\u0131nda da var, b\u0259lk\u0259 d\u0259 onu sildirib, amma bizim arxivl\u0259rd\u0259 var. \u00c7\u00fcnki onun v\u0259zif\u0259l\u0259r\u0259 t\u0259yin olunmas\u0131 Bak\u0131dan ke\u00e7irdi. Bizim arxivl\u0259rd\u0259 h\u0259r \u015fey var. Serjik Sarkisyan Boris Gevorkovun r\u0259sm\u0259n k\u00f6m\u0259k\u00e7isi v\u0259zif\u0259sini da\u015f\u0131y\u0131rd\u0131, amma faktiki olaraq n\u00f6k\u0259ri, kabab bi\u015fir\u0259ni v\u0259 istirah\u0259t m\u0259clisl\u0259rinin t\u0259\u015fkilat\u00e7\u0131s\u0131 funksiyas\u0131n\u0131 yerin\u0259 yetirirdi. Sonra n\u0259 oldu? Sonra separatist h\u0259r\u0259kat ba\u015flayan kimi Serjik Gevorkovu satd\u0131, x\u0259yan\u0259t etdi. Bu, ikinci x\u0259yan\u0259t. \u00dc\u00e7\u00fcnc\u00fc x\u0259yan\u0259t onun r\u0259hb\u0259ri olan K\u00f6\u00e7aryana qar\u015f\u0131 idi. \u0130ndi Erm\u0259nistanda bunu bilm\u0259y\u0259n yoxdur. Serjiki qula\u011f\u0131ndan tutub v\u0259zif\u0259l\u0259r\u0259 g\u0259tir\u0259n K\u00f6\u00e7aryan olmu\u015fdur. B\u00fct\u00fcn v\u0259zif\u0259l\u0259r\u0259 onu o, t\u0259yin edib. Prezident v\u0259zif\u0259sin\u0259 d\u0259 zorla o, t\u0259yin etdirib. Halbuki erm\u0259ni xalq\u0131 Serjik\u0259 nifr\u0259t edirdi. Ondan sonra n\u0259 oldu? He\u00e7 bir il ke\u00e7m\u0259di K\u00f6\u00e7aryan\u0131 art\u0131q k\u0259nara qoydu, he\u00e7 telefonlar\u0131na da cavab vermirdi. G\u00f6r\u00fcn, bu, n\u0259 q\u0259d\u0259r al\u00e7aq xisl\u0259tli bir \u00fcns\u00fcrd\u00fcr.<\/p>\n\n\n\n<figure class=\"wp-block-image size-large\"><img loading=\"lazy\" decoding=\"async\" width=\"1024\" height=\"667\" src=\"https:\/\/fedai.az\/wp-content\/uploads\/2021\/10\/nam_6529-1-1024x667.jpg\" alt=\"\" class=\"wp-image-50240\" srcset=\"https:\/\/fedai.az\/wp-content\/uploads\/2021\/10\/nam_6529-1-1024x667.jpg 1024w, https:\/\/fedai.az\/wp-content\/uploads\/2021\/10\/nam_6529-1-300x195.jpg 300w, https:\/\/fedai.az\/wp-content\/uploads\/2021\/10\/nam_6529-1-150x98.jpg 150w, https:\/\/fedai.az\/wp-content\/uploads\/2021\/10\/nam_6529-1-768x500.jpg 768w, https:\/\/fedai.az\/wp-content\/uploads\/2021\/10\/nam_6529-1.jpg 1340w\" sizes=\"auto, (max-width: 1024px) 100vw, 1024px\" \/><\/figure>\n\n\n\n<p><strong>M\u00fcharib\u0259 il\u0259 ba\u011fl\u0131 t\u0259hlill\u0259r onu bir daha g\u00f6st\u0259rir ki, bu m\u00fcharib\u0259nin uduzan t\u0259r\u0259fi m\u0259hz Serjik Sarkisyan v\u0259 onun kimil\u0259rdir. \u0130ndi o, m\u0259\u011flubiyy\u0259ti Pa\u015finyan\u0131n \u00fcst\u00fcn\u0259 atmaq ist\u0259yir. Guya Pa\u015finyan g\u00fcnahkard\u0131r. Pa\u015finyan 2018-ci ild\u0259 hakimiyy\u0259t\u0259 g\u0259lib. O, c\u0259mi iki il \u0259rzind\u0259 ordu yarada bil\u0259rdi? Yaxud da ki, \u201cm\u00f6hk\u0259m\u201d, \u201cg\u00fccl\u00fc ordu\u201dnu da\u011f\u0131da bil\u0259rdi? Bu ordunu yaradan Serjikdir. Serjik Erm\u0259nistanda m\u00fcdafi\u0259 naziri olub. Serjik Erm\u0259nistanda ba\u015f nazir olub. Prezident Administrasiyas\u0131n\u0131n r\u0259hb\u0259ri olub, T\u0259hl\u00fck\u0259sizlik Nazirliyinin r\u0259hb\u0259ri olub. Prezident olub 10 il \u0259rzind\u0259. Bu ordunu yaradan Serjik deyil, kimdir? Biz o ordunu m\u0259hv etm\u0259kl\u0259 Serjiki v\u0259 onun kimi \u00fcns\u00fcrl\u0259ri m\u0259hv etdik. Qoy o, bu m\u0259\u011flubiyy\u0259ti Pa\u015finyan\u0131n \u00fcst\u00fcn\u0259 atmas\u0131n. Pa\u015finyan n\u0259 edib, o ba\u015fqa m\u0259s\u0259l\u0259dir. Ancaq biz Serjiki m\u0259\u011flub etmi\u015fik, onu diz \u00e7\u00f6kd\u00fcrm\u00fc\u015f\u00fck, onun belini q\u0131rm\u0131\u015f\u0131q. O, bizim qaba\u011f\u0131m\u0131zda, onun qurdu\u011fu ordu bizim qaba\u011f\u0131m\u0131zda diz \u00e7\u00f6k\u00fcb. Bu g\u00fcn m\u0259n buradayam, Ali Ba\u015f Komandan kimi ke\u00e7mi\u015f Da\u011fl\u0131q Qaraba\u011f Muxtar Vilay\u0259tinin \u0259razisind\u0259y\u0259m. Serjikin ki\u015filiyi \u00e7at\u0131rsa, g\u0259lsin bura. O, ki\u015filikd\u0259n dan\u0131\u015f\u0131r. Qafqazda ki\u015filikd\u0259n dan\u0131\u015f\u0131r. Birincisi Qafqaza bunun mill\u0259tinin he\u00e7 bir aidiyy\u0259ti yoxdur. Onlar g\u0259lm\u0259dirl\u0259r, haradan g\u0259libl\u0259r, ham\u0131 yax\u015f\u0131 bilir. \u0130kincisi, ki\u015filikd\u0259n dan\u0131\u015f\u0131rsansa, g\u0259l ki\u015fi kimi buraya. Bax, m\u0259n burada dayanm\u0131\u015fam. S\u0259nin \u201cMadagiz\u201d adland\u0131rd\u0131\u011f\u0131n Suqovu\u015fanda dayanm\u0131\u015fam. Ki\u015filiyin varsa, g\u0259l buraya. Yoxsa orada &#8212; \u0130r\u0259vanda oturub banlamaqla \u00f6z\u00fcnd\u0259n q\u0259hr\u0259man d\u00fcz\u0259ld\u0259 bilm\u0259zs\u0259n. Demi\u015f\u0259m bir d\u0259f\u0259, h\u0259l\u0259 sin\u0259sind\u0259 g\u0259zdirdiyi o d\u0259mir-d\u00fcm\u00fcrl\u0259ri zibil ye\u015fiyin\u0259 ats\u0131n.<\/strong> Onlar\u0131n he\u00e7 bir q\u0259pik d\u0259 qiym\u0259ti yoxdur. Ona \u0259n yax\u015f\u0131 c\u0259zan\u0131 da erm\u0259ni xalq\u0131 verib, 2018-ci ild\u0259 bir t\u0259pikl\u0259 onu v\u0259zif\u0259d\u0259n qovub. 2018-ci ild\u0259 se\u00e7kil\u0259rd\u0259 n\u00f6vb\u0259ti saxtakarl\u0131q t\u00f6r\u0259d\u0259r\u0259k \u00f6z\u00fcn\u0259 50 faizd\u0259n \u00e7ox s\u0259s yazd\u0131r\u0131b. Bu cinay\u0259tin \u015f\u0259riki AT\u018fT-in Demokratik T\u0259sisatlar v\u0259 \u0130nsan Haqlar\u0131 B\u00fcrosudur. \u00c7\u00fcnki onlar Serjikl\u0259 \u0259lbir olaraq, &#8212; bilmir\u0259m, s\u00f6vd\u0259l\u0259\u015fm\u0259 n\u0259yin \u0259sas\u0131nda olub, amma t\u0259xmin ed\u0259 bil\u0259r\u0259m, &#8212; onun q\u0259l\u0259b\u0259sini tan\u0131y\u0131blar. Bu adam\u0131 Erm\u0259nistanda k\u00fctl\u0259vi sur\u0259td\u0259 la\u011fa qoyurlar, \u0259l\u0259 sal\u0131rlar, ona nifr\u0259t edirl\u0259r. O, se\u00e7kil\u0259rd\u0259 \u00f6z\u00fcn\u0259 50 faizd\u0259n \u00e7ox s\u0259s yazd\u0131r\u0131r, \u00f6z\u00fcn\u00fc ba\u015f nazir t\u0259yin etdirir v\u0259 AT\u018fT d\u0259 buna g\u00f6z yumur, buna raz\u0131l\u0131q verir. Bax, iki saxtakar &#8212; biri AT\u018fT-in Demokratik T\u0259sisatlar v\u0259 \u0130nsan Haqlar\u0131 B\u00fcrosu, hans\u0131 ki, Az\u0259rbaycana h\u0259r zaman xor bax\u0131r, biri d\u0259 Serjik. N\u0259 oldu, sonra erm\u0259ni xalq\u0131 qalxd\u0131. Erm\u0259ni xalq\u0131 qalx\u0131b bir t\u0259pikl\u0259 onu vurub atd\u0131 \u00e7\u00f6l\u0259. Ondan sonra n\u0259 etdi? Ondan sonra m\u0259zlumcas\u0131na g\u0259lib dedi ki, m\u0259n haql\u0131 deyildim, Nikol haql\u0131 idi. \u00d6z\u00fcn\u0259 ki\u015fi dey\u0259n adam bel\u0259 s\u00f6z dey\u0259r?! <strong>\u00d6z\u00fcn\u0259 ki\u015fi dey\u0259n adam bu q\u0259d\u0259r \u00f6z\u00fcn\u00fc al\u00e7aldar?! Bax, bunu bel\u0259 he\u00e7 edibl\u0259r. Ondan sonra iki il \u0259rzind\u0259 a\u011fz\u0131na su al\u0131b susmu\u015fdu. N\u0259 q\u0259d\u0259r onu t\u0259hqir etdil\u0259r. N\u0259 q\u0259d\u0259r onun cinay\u0259tkar qohumlar\u0131n\u0131 h\u0259bs etdil\u0259r. Xaricd\u0259 gizl\u0259nmi\u015f v\u0259 Kolumbiyan\u0131n, ya da Qvatemalan\u0131n pasportunu alm\u0131\u015f bir yax\u0131n qohumu var, ad\u0131n\u0131 da d\u0259yi\u015fdirmi\u015fdi. Nec\u0259 ki, vaxtil\u0259 Serjik \u00f6z\u00fcn\u00fc \u201cSerj\u201d edib. Qohumu da \u00f6z\u00fcn\u0259 bir ad verib \u2013 \u201cQonzales\u201d. Qula\u011f\u0131ndan tutub g\u0259tiribl\u0259r v\u0259 h\u0259bs edibl\u0259r. Qorxusundan susub, n\u0259 desin? M\u00fcharib\u0259d\u0259n sonra yen\u0259 ba\u015f qald\u0131r\u0131r. M\u00fcharib\u0259 olmasayd\u0131, bu ac\u0131 m\u0259\u011flubiyy\u0259t olmasayd\u0131, Serjik d\u0259 indi h\u0259bsxanada idi. Onun kimi o\u011fru bizim b\u00f6lg\u0259d\u0259 b\u0259lk\u0259 d\u0259 h\u0259l\u0259 do\u011fulmay\u0131b.<\/strong><\/p>\n\n\n\n<figure class=\"wp-block-image size-large is-resized\"><img loading=\"lazy\" decoding=\"async\" src=\"https:\/\/fedai.az\/wp-content\/uploads\/2021\/10\/dsc_8497.jpg\" alt=\"\" class=\"wp-image-50241\" width=\"923\" height=\"1313\" srcset=\"https:\/\/fedai.az\/wp-content\/uploads\/2021\/10\/dsc_8497.jpg 717w, https:\/\/fedai.az\/wp-content\/uploads\/2021\/10\/dsc_8497-211x300.jpg 211w, https:\/\/fedai.az\/wp-content\/uploads\/2021\/10\/dsc_8497-105x150.jpg 105w\" sizes=\"auto, (max-width: 923px) 100vw, 923px\" \/><\/figure>\n\n\n\n<p>Bu g\u00fcn \u0130r\u0259vanda oturub, \u00f6z \u00e7irkin a\u011fz\u0131n\u0131 a\u00e7\u0131b m\u0259nim atam\u0131n haqq\u0131nda s\u00f6z dem\u0259k ona \u00e7ox baha ba\u015fa g\u0259l\u0259r. Art\u0131q onun qula\u011f\u0131ndan tutub dartma\u011f\u0131m\u0131za az qalm\u0131\u015fd\u0131. O da yen\u0259 haradansa \u00f6yr\u0259nib, bilib v\u0259 Xank\u0259ndid\u0259n qa\u00e7a-qa\u00e7a gedib oturub \u0130r\u0259vanda. Bu yax\u0131nlarda ke\u00e7irilmi\u015f se\u00e7kil\u0259rd\u0259 g\u00f6r\u00fcn, he\u00e7 be\u015f faiz s\u0259s toplaya bilm\u0259yib. G\u00f6r\u00fcn, erm\u0259ni xalq\u0131 bu m\u0259xluqa n\u0259 q\u0259d\u0259r nifr\u0259t edir ki, h\u0259tta m\u00fcharib\u0259d\u0259 g\u00fcnahkar say\u0131lan iqtidara daha \u00e7ox s\u0259s verdi, n\u0259inki ona.<strong> Odur ki, bir d\u0259 deyir\u0259m, bax, m\u0259n buradayam, Suqovu\u015fandayam, m\u0259n \u015eu\u015fadayam, m\u0259n Hadrutdayam, m\u0259n Xocav\u0259ndd\u0259y\u0259m, h\u0259r yerd\u0259y\u0259m. Siz haradas\u0131n\u0131z?! C\u0259h\u0259nn\u0259md\u0259, gorbagor statusla bir yerd\u0259. V\u0259ssalam, qurtard\u0131, bitdi\u201d.&nbsp; <\/strong><\/p>\n\n\n\n<p>M\u0259nb\u0259: Yenisabah.az<\/p>\n","protected":false},"excerpt":{"rendered":"<p>\u201cErm\u0259nistan ordusu, \u015f\u0259xsi hey\u0259t d\u0259rin m\u0259n\u0259vi-psixoloji sars\u0131nt\u0131 i\u00e7ind\u0259 idi. Onlar\u0131n g\u00f6z\u00fc qorxmu\u015fdu v\u0259 \u0259lb\u0259tt\u0259, bundan sonrak\u0131 d\u00f6vrd\u0259 &#8212; oktyabr\u0131n 3-d\u0259n m\u00fcharib\u0259nin son d\u0259qiq\u0259l\u0259rin\u0259 q\u0259d\u0259r<\/p>\n","protected":false},"author":2,"featured_media":50242,"comment_status":"closed","ping_status":"closed","sticky":false,"template":"","format":"standard","meta":{"footnotes":""},"categories":[4],"tags":[],"class_list":["post-50237","post","type-post","status-publish","format-standard","has-post-thumbnail","hentry","category-qarabag"],"aioseo_notices":[],"_links":{"self":[{"href":"https:\/\/fedai.az\/index.php?rest_route=\/wp\/v2\/posts\/50237","targetHints":{"allow":["GET"]}}],"collection":[{"href":"https:\/\/fedai.az\/index.php?rest_route=\/wp\/v2\/posts"}],"about":[{"href":"https:\/\/fedai.az\/index.php?rest_route=\/wp\/v2\/types\/post"}],"author":[{"embeddable":true,"href":"https:\/\/fedai.az\/index.php?rest_route=\/wp\/v2\/users\/2"}],"replies":[{"embeddable":true,"href":"https:\/\/fedai.az\/index.php?rest_route=%2Fwp%2Fv2%2Fcomments&post=50237"}],"version-history":[{"count":2,"href":"https:\/\/fedai.az\/index.php?rest_route=\/wp\/v2\/posts\/50237\/revisions"}],"predecessor-version":[{"id":50244,"href":"https:\/\/fedai.az\/index.php?rest_route=\/wp\/v2\/posts\/50237\/revisions\/50244"}],"wp:featuredmedia":[{"embeddable":true,"href":"https:\/\/fedai.az\/index.php?rest_route=\/wp\/v2\/media\/50242"}],"wp:attachment":[{"href":"https:\/\/fedai.az\/index.php?rest_route=%2Fwp%2Fv2%2Fmedia&parent=50237"}],"wp:term":[{"taxonomy":"category","embeddable":true,"href":"https:\/\/fedai.az\/index.php?rest_route=%2Fwp%2Fv2%2Fcategories&post=50237"},{"taxonomy":"post_tag","embeddable":true,"href":"https:\/\/fedai.az\/index.php?rest_route=%2Fwp%2Fv2%2Ftags&post=50237"}],"curies":[{"name":"wp","href":"https:\/\/api.w.org\/{rel}","templated":true}]}}