{"id":50245,"date":"2021-10-04T15:30:05","date_gmt":"2021-10-04T11:30:05","guid":{"rendered":"https:\/\/fedai.az\/?p=50245"},"modified":"2021-10-04T15:30:10","modified_gmt":"2021-10-04T11:30:10","slug":"ilham-%c9%99liyev-c%c9%99brayil-rayonunda-s%c9%99f%c9%99rd%c9%99-olub","status":"publish","type":"post","link":"https:\/\/fedai.az\/?p=50245","title":{"rendered":"\u0130lham \u018fliyev C\u0259bray\u0131l rayonunda s\u0259f\u0259rd\u0259 olub"},"content":{"rendered":"\n<p><strong>Az\u0259rbaycan Respublikas\u0131n\u0131n Prezidenti \u0130lham \u018fliyev oktyabr\u0131n 4-d\u0259 C\u0259bray\u0131l rayonunda s\u0259f\u0259rd\u0259 olub.<\/strong><\/p>\n\n\n\n<p>D\u00f6vl\u0259timizin ba\u015f\u00e7\u0131s\u0131 C\u0259bray\u0131lda \u201cKAMaz\u201d ASC il\u0259 \u201cG\u0259nc\u0259 Avtomobil Zavodu\u201d \u0130stehsalat Birliyinin birg\u0259 servis m\u0259rk\u0259zinin t\u0259m\u0259lini qoyub.<\/p>\n\n\n\n<p>Prezident \u0130lham \u018fliyev \u015e\u0259rqi Z\u0259ng\u0259zur iqtisadi rayonunda yarad\u0131lacaq \u201cAraz Vadisi \u0130qtisadi Zonas\u0131\u201d S\u0259naye Park\u0131n\u0131n t\u0259m\u0259lini qoyub.<\/p>\n\n\n\n<figure class=\"wp-block-image size-large\"><img loading=\"lazy\" decoding=\"async\" width=\"1024\" height=\"640\" src=\"https:\/\/fedai.az\/wp-content\/uploads\/2021\/10\/07-1024x640.jpg\" alt=\"\" class=\"wp-image-50249\" srcset=\"https:\/\/fedai.az\/wp-content\/uploads\/2021\/10\/07-1024x640.jpg 1024w, https:\/\/fedai.az\/wp-content\/uploads\/2021\/10\/07-300x187.jpg 300w, https:\/\/fedai.az\/wp-content\/uploads\/2021\/10\/07-150x94.jpg 150w, https:\/\/fedai.az\/wp-content\/uploads\/2021\/10\/07-768x480.jpg 768w, https:\/\/fedai.az\/wp-content\/uploads\/2021\/10\/07-115x73.jpg 115w, https:\/\/fedai.az\/wp-content\/uploads\/2021\/10\/07.jpg 1340w\" sizes=\"auto, (max-width: 1024px) 100vw, 1024px\" \/><\/figure>\n\n\n\n<p>D\u00f6vl\u0259timizin ba\u015f\u00e7\u0131s\u0131 110\/35\/10 kV-luq \u201cC\u0259bray\u0131l\u201d yar\u0131mstansiyas\u0131n\u0131n a\u00e7\u0131l\u0131\u015f\u0131nda i\u015ftirak edib.<\/p>\n\n\n\n<p>Prezident \u0130lham \u018fliyev C\u0259bray\u0131lda D\u00f6vl\u0259t S\u0259rh\u0259d Xidm\u0259tinin h\u0259rbi hiss\u0259 kompleksinin a\u00e7\u0131l\u0131\u015f\u0131nda i\u015ftirak edib.<\/p>\n\n\n\n<p>D\u00f6vl\u0259timizin ba\u015f\u00e7\u0131s\u0131 C\u0259bray\u0131l rayon M\u0259rk\u0259zi X\u0259st\u0259xanas\u0131n\u0131n, m\u0259kt\u0259b binas\u0131n\u0131n v\u0259 C\u0259bray\u0131l \u015f\u0259h\u0259rind\u0259 ilk \u00e7oxm\u0259nzilli ya\u015fay\u0131\u015f m\u0259h\u0259ll\u0259sinin t\u0259m\u0259ll\u0259rini qoyub.<\/p>\n\n\n\n<p>Sonra Prezident \u0130lham \u018fliyev C\u0259bray\u0131l ictimaiyy\u0259tinin n\u00fcmay\u0259nd\u0259l\u0259ri il\u0259 g\u00f6r\u00fc\u015f\u00fcb.<\/p>\n\n\n\n<p>D\u00f6vl\u0259timizin ba\u015f\u00e7\u0131s\u0131 C\u0259bray\u0131l Memorial Kompleksinin v\u0259 C\u0259bray\u0131l \u015f\u0259h\u0259rinin b\u0259rpas\u0131n\u0131n t\u0259m\u0259l da\u015f\u0131n\u0131 qoyub.<\/p>\n\n\n\n<figure class=\"wp-block-image\"><img decoding=\"async\" src=\"https:\/\/static.president.az\/media\/W1siZiIsIjIwMjEvMTAvMDQvNTcyc204YWM5M18wNS5qcGciXSxbInAiLCJ0aHVtYiIsIjEzNDB4MTAyMCJdXQ?sha=3bd44d40c36ff53c\" alt=\"\"\/><\/figure>\n\n\n\n<figure class=\"wp-block-image\"><img decoding=\"async\" src=\"https:\/\/static.president.az\/media\/W1siZiIsIjIwMjEvMTAvMDQvNHY4MGNhcTVkcF8wNi5qcGciXSxbInAiLCJ0aHVtYiIsIjEzNDB4MTAyMCJdXQ?sha=9b40c760c652fe29\" alt=\"\"\/><\/figure>\n\n\n\n<figure class=\"wp-block-image\"><img decoding=\"async\" src=\"https:\/\/static.president.az\/media\/W1siZiIsIjIwMjEvMTAvMDQvN3h2cXE0czJpdF8wNy5qcGciXSxbInAiLCJ0aHVtYiIsIjEzNDB4MTAyMCJdXQ?sha=adad3a31fb39fa81\" alt=\"\"\/><\/figure>\n\n\n\n<figure class=\"wp-block-image size-large\"><img loading=\"lazy\" decoding=\"async\" width=\"1024\" height=\"657\" src=\"https:\/\/fedai.az\/wp-content\/uploads\/2021\/10\/06-1024x657.jpg\" alt=\"\" class=\"wp-image-50246\" srcset=\"https:\/\/fedai.az\/wp-content\/uploads\/2021\/10\/06-1024x657.jpg 1024w, https:\/\/fedai.az\/wp-content\/uploads\/2021\/10\/06-300x193.jpg 300w, https:\/\/fedai.az\/wp-content\/uploads\/2021\/10\/06-150x96.jpg 150w, https:\/\/fedai.az\/wp-content\/uploads\/2021\/10\/06-768x493.jpg 768w, https:\/\/fedai.az\/wp-content\/uploads\/2021\/10\/06-115x73.jpg 115w, https:\/\/fedai.az\/wp-content\/uploads\/2021\/10\/06.jpg 1340w\" sizes=\"auto, (max-width: 1024px) 100vw, 1024px\" \/><\/figure>\n\n\n\n<figure class=\"wp-block-image size-large\"><img loading=\"lazy\" decoding=\"async\" width=\"1024\" height=\"661\" src=\"https:\/\/fedai.az\/wp-content\/uploads\/2021\/10\/9-1024x661.jpg\" alt=\"\" class=\"wp-image-50247\" srcset=\"https:\/\/fedai.az\/wp-content\/uploads\/2021\/10\/9-1024x661.jpg 1024w, https:\/\/fedai.az\/wp-content\/uploads\/2021\/10\/9-300x194.jpg 300w, https:\/\/fedai.az\/wp-content\/uploads\/2021\/10\/9-150x97.jpg 150w, https:\/\/fedai.az\/wp-content\/uploads\/2021\/10\/9-768x496.jpg 768w, https:\/\/fedai.az\/wp-content\/uploads\/2021\/10\/9-115x73.jpg 115w, https:\/\/fedai.az\/wp-content\/uploads\/2021\/10\/9.jpg 1340w\" sizes=\"auto, (max-width: 1024px) 100vw, 1024px\" \/><\/figure>\n\n\n\n<figure class=\"wp-block-image size-large\"><img loading=\"lazy\" decoding=\"async\" width=\"1024\" height=\"519\" src=\"https:\/\/fedai.az\/wp-content\/uploads\/2021\/10\/01-1024x519.jpg\" alt=\"\" class=\"wp-image-50248\" srcset=\"https:\/\/fedai.az\/wp-content\/uploads\/2021\/10\/01-1024x519.jpg 1024w, https:\/\/fedai.az\/wp-content\/uploads\/2021\/10\/01-300x152.jpg 300w, https:\/\/fedai.az\/wp-content\/uploads\/2021\/10\/01-150x76.jpg 150w, https:\/\/fedai.az\/wp-content\/uploads\/2021\/10\/01-768x389.jpg 768w, https:\/\/fedai.az\/wp-content\/uploads\/2021\/10\/01-1536x778.jpg 1536w, https:\/\/fedai.az\/wp-content\/uploads\/2021\/10\/01-2048x1038.jpg 2048w\" sizes=\"auto, (max-width: 1024px) 100vw, 1024px\" \/><\/figure>\n\n\n","protected":false},"excerpt":{"rendered":"<p>Az\u0259rbaycan Respublikas\u0131n\u0131n Prezidenti \u0130lham \u018fliyev oktyabr\u0131n 4-d\u0259 C\u0259bray\u0131l rayonunda s\u0259f\u0259rd\u0259 olub. D\u00f6vl\u0259timizin ba\u015f\u00e7\u0131s\u0131 C\u0259bray\u0131lda \u201cKAMaz\u201d ASC il\u0259 \u201cG\u0259nc\u0259 Avtomobil Zavodu\u201d \u0130stehsalat Birliyinin birg\u0259 servis<\/p>\n","protected":false},"author":2,"featured_media":50250,"comment_status":"closed","ping_status":"closed","sticky":false,"template":"","format":"standard","meta":{"footnotes":""},"categories":[4],"tags":[],"class_list":["post-50245","post","type-post","status-publish","format-standard","has-post-thumbnail","hentry","category-qarabag"],"aioseo_notices":[],"_links":{"self":[{"href":"https:\/\/fedai.az\/index.php?rest_route=\/wp\/v2\/posts\/50245","targetHints":{"allow":["GET"]}}],"collection":[{"href":"https:\/\/fedai.az\/index.php?rest_route=\/wp\/v2\/posts"}],"about":[{"href":"https:\/\/fedai.az\/index.php?rest_route=\/wp\/v2\/types\/post"}],"author":[{"embeddable":true,"href":"https:\/\/fedai.az\/index.php?rest_route=\/wp\/v2\/users\/2"}],"replies":[{"embeddable":true,"href":"https:\/\/fedai.az\/index.php?rest_route=%2Fwp%2Fv2%2Fcomments&post=50245"}],"version-history":[{"count":1,"href":"https:\/\/fedai.az\/index.php?rest_route=\/wp\/v2\/posts\/50245\/revisions"}],"predecessor-version":[{"id":50251,"href":"https:\/\/fedai.az\/index.php?rest_route=\/wp\/v2\/posts\/50245\/revisions\/50251"}],"wp:featuredmedia":[{"embeddable":true,"href":"https:\/\/fedai.az\/index.php?rest_route=\/wp\/v2\/media\/50250"}],"wp:attachment":[{"href":"https:\/\/fedai.az\/index.php?rest_route=%2Fwp%2Fv2%2Fmedia&parent=50245"}],"wp:term":[{"taxonomy":"category","embeddable":true,"href":"https:\/\/fedai.az\/index.php?rest_route=%2Fwp%2Fv2%2Fcategories&post=50245"},{"taxonomy":"post_tag","embeddable":true,"href":"https:\/\/fedai.az\/index.php?rest_route=%2Fwp%2Fv2%2Ftags&post=50245"}],"curies":[{"name":"wp","href":"https:\/\/api.w.org\/{rel}","templated":true}]}}