{"id":50437,"date":"2021-10-07T02:40:02","date_gmt":"2021-10-06T22:40:02","guid":{"rendered":"https:\/\/fedai.az\/?p=50437"},"modified":"2021-10-07T02:40:06","modified_gmt":"2021-10-06T22:40:06","slug":"erm%c9%99nil%c9%99r-fransaya-kocm%c9%99k-ist%c9%99yir","status":"publish","type":"post","link":"https:\/\/fedai.az\/?p=50437","title":{"rendered":"Erm\u0259nil\u0259r Fransaya K\u00d6\u00c7M\u018fK \u0130ST\u018fY\u0130R"},"content":{"rendered":"\n<p><strong>Erm\u0259nistan paytaxt\u0131nda\u00a0Qaraba\u011f erm\u0259nil\u0259ri n\u00f6vb\u0259ti etiraz aksiyas\u0131 ke\u00e7iribl\u0259r.<\/strong><\/p>\n\n\n\n<p>\u0130r\u0259vanda h\u00f6kum\u0259ti binas\u0131 \u00f6n\u00fcn\u0259 topla\u015fan sakinl\u0259r h\u00f6kum\u0259tin onlar\u0131 ev v\u0259 i\u015fl\u0259 t\u0259min etm\u0259si bar\u0259d\u0259 45 g\u00fcn \u0259vv\u0259l yazd\u0131qlar\u0131 kollektiv m\u0259ktuba cavab verilm\u0259m\u0259sind\u0259n gileyl\u0259nibl\u0259r.<\/p>\n\n\n\n<p>\u201cBu g\u00fcn\u0259 q\u0259d\u0259r cavab almam\u0131\u015f\u0131q. H\u00f6kum\u0259td\u0259n niy\u0259 biz\u0259 g\u0259l\u0259c\u0259k planlar\u0131 v\u0259 taleyimiz bar\u0259d\u0259 a\u00e7\u0131qlama verm\u0259diyini soru\u015fmaq ist\u0259yirik\u201d- dey\u0259 etiraz\u00e7\u0131lardan biri s\u00f6yl\u0259yib.<\/p>\n\n\n\n<p>Bundan \u0259vv\u0259l, ba\u015f nazirin m\u00fcavini Mqer Qriqoryanla g\u00f6r\u00fc\u015fd\u00fckl\u0259rini dey\u0259n&nbsp;Qaraba\u011f erm\u0259nil\u0259ri \u0259ld\u0259 olunmu\u015f raz\u0131la\u015fmalara \u0259m\u0259l olunmamas\u0131ndan v\u0259 q\u0131\u015f\u0131n g\u0259li\u015fi fonunda evsiz qalmalar\u0131ndan \u015fikay\u0259t edibl\u0259r.&nbsp;<\/p>\n\n\n\n<p>Sakinl\u0259r Fransa s\u0259firliyin\u0259 d\u0259 m\u0259ktubla m\u00fcraci\u0259t etdikl\u0259rini a\u00e7\u0131qlay\u0131b. Qaraba\u011f erm\u0259nil\u0259ri siyasi s\u0131\u011f\u0131nacaq verilm\u0259si hal\u0131nda Fransaya k\u00f6\u00e7m\u0259y\u0259 haz\u0131r olduqlar\u0131n\u0131 s\u00f6yl\u0259yibl\u0259r. Etiraz\u00e7\u0131lar Fransaya 10 min\u0259 q\u0259d\u0259r sakinin qa\u00e7q\u0131n statusu il\u0259 m\u00fchacir\u0259t ed\u0259 bil\u0259c\u0259yini \u0259lav\u0259 edib.<\/p>\n\n\n\n<p>S\u00fcni \u015f\u0259kild\u0259 Qaraba\u011fa k\u00f6\u00e7\u00fcr\u00fcl\u0259n erm\u0259ni sakinl\u0259r daha b\u00f6lg\u0259d\u0259 qalmaq ist\u0259m\u0259dikl\u0259rini v\u0259 Q\u0259rb \u00f6lk\u0259l\u0259rin\u0259 getm\u0259yi d\u00fc\u015f\u00fcnd\u00fckl\u0259rini \u0259lav\u0259 edibl\u0259r.<\/p>\n\n\n\n<p>Xat\u0131rladaq ki, Az\u0259rbaycan\u0131n Xocav\u0259nd rayonunun Hadrut q\u0259s\u0259b\u0259si oktyabr\u0131n 9-da i\u015f\u011faldan azad olunub.<\/p>\n\n\n\n<p>M\u0259nb\u0259: Modern.az<\/p>\n","protected":false},"excerpt":{"rendered":"<p>Erm\u0259nistan paytaxt\u0131nda\u00a0Qaraba\u011f erm\u0259nil\u0259ri n\u00f6vb\u0259ti etiraz aksiyas\u0131 ke\u00e7iribl\u0259r. \u0130r\u0259vanda h\u00f6kum\u0259ti binas\u0131 \u00f6n\u00fcn\u0259 topla\u015fan sakinl\u0259r h\u00f6kum\u0259tin onlar\u0131 ev v\u0259 i\u015fl\u0259 t\u0259min etm\u0259si bar\u0259d\u0259 45 g\u00fcn \u0259vv\u0259l<\/p>\n","protected":false},"author":2,"featured_media":50438,"comment_status":"closed","ping_status":"closed","sticky":false,"template":"","format":"standard","meta":{"footnotes":""},"categories":[3],"tags":[],"class_list":["post-50437","post","type-post","status-publish","format-standard","has-post-thumbnail","hentry","category-gundm"],"aioseo_notices":[],"_links":{"self":[{"href":"https:\/\/fedai.az\/index.php?rest_route=\/wp\/v2\/posts\/50437","targetHints":{"allow":["GET"]}}],"collection":[{"href":"https:\/\/fedai.az\/index.php?rest_route=\/wp\/v2\/posts"}],"about":[{"href":"https:\/\/fedai.az\/index.php?rest_route=\/wp\/v2\/types\/post"}],"author":[{"embeddable":true,"href":"https:\/\/fedai.az\/index.php?rest_route=\/wp\/v2\/users\/2"}],"replies":[{"embeddable":true,"href":"https:\/\/fedai.az\/index.php?rest_route=%2Fwp%2Fv2%2Fcomments&post=50437"}],"version-history":[{"count":1,"href":"https:\/\/fedai.az\/index.php?rest_route=\/wp\/v2\/posts\/50437\/revisions"}],"predecessor-version":[{"id":50439,"href":"https:\/\/fedai.az\/index.php?rest_route=\/wp\/v2\/posts\/50437\/revisions\/50439"}],"wp:featuredmedia":[{"embeddable":true,"href":"https:\/\/fedai.az\/index.php?rest_route=\/wp\/v2\/media\/50438"}],"wp:attachment":[{"href":"https:\/\/fedai.az\/index.php?rest_route=%2Fwp%2Fv2%2Fmedia&parent=50437"}],"wp:term":[{"taxonomy":"category","embeddable":true,"href":"https:\/\/fedai.az\/index.php?rest_route=%2Fwp%2Fv2%2Fcategories&post=50437"},{"taxonomy":"post_tag","embeddable":true,"href":"https:\/\/fedai.az\/index.php?rest_route=%2Fwp%2Fv2%2Ftags&post=50437"}],"curies":[{"name":"wp","href":"https:\/\/api.w.org\/{rel}","templated":true}]}}