{"id":50448,"date":"2021-10-07T03:03:26","date_gmt":"2021-10-06T23:03:26","guid":{"rendered":"https:\/\/fedai.az\/?p=50448"},"modified":"2021-10-07T03:03:30","modified_gmt":"2021-10-06T23:03:30","slug":"turk-d%c9%99hlizi-acildi-ankaranin-plani-reallasir","status":"publish","type":"post","link":"https:\/\/fedai.az\/?p=50448","title":{"rendered":"\u201cT\u00fcrk d\u0259hlizi\u201d a\u00e7\u0131ld\u0131: \u201cAnkaran\u0131n plan\u0131 realla\u015f\u0131r\u201d"},"content":{"rendered":"\n<p><strong>\u201cErm\u0259nistan ilk \u201ct\u00fcrk d\u0259hlizi\u201dni a\u00e7d\u0131: Az\u0259rbaycan\u0131n t\u0259yyar\u0259l\u0259ri \u00f6lk\u0259mizin \u00fcz\u0259rind\u0259n ke\u00e7\u0259r\u0259k Nax\u00e7\u0131vana en\u0259 bil\u0259c\u0259k, h\u0259m\u00e7inin \u0259ks istiqam\u0259td\u0259 u\u00e7u\u015flar h\u0259yata ke\u00e7iril\u0259c\u0259k\u201d.<\/strong><\/p>\n\n\n\n<p>Bunu erm\u0259ni t\u00fcrkoloq Varujan Geqamyan deyib.<\/p>\n\n\n\n<p>\u201cBu s\u0259h\u0259r m\u0259lum oldu ki, Az\u0259rbaycan Erm\u0259nistan \u0259razisi vasit\u0259sil\u0259 Nax\u00e7\u0131vana daxili u\u00e7u\u015flar h\u0259yata ke\u00e7irir. Bu, \u0259slind\u0259, Az\u0259rbaycan v\u0259 T\u00fcrkiy\u0259 aras\u0131nda a\u00e7\u0131lacaq \u201ct\u00fcrk d\u0259hlizi\u201dnin birinci komponentidir\u201d, &#8212; ekspert bildirib.<\/p>\n\n\n\n<p>Geqamyan bunun Z\u0259ng\u0259zur d\u0259hlizinin a\u00e7\u0131lmas\u0131 y\u00f6n\u00fcnd\u0259 at\u0131lm\u0131\u015f m\u00fch\u00fcm add\u0131m oldu\u011funu iddia edib:<\/p>\n\n\n\n<p>\u201cBu d\u0259hlizin a\u00e7\u0131lmas\u0131 Ankaran\u0131n plan\u0131nda idi. D\u0259hliz a\u00e7\u0131lsa, T\u00fcrkiy\u0259 Avrasiyada superg\u00fcc\u0259 \u00e7evril\u0259c\u0259k. Eyni zamanda, S\u00fcnikin (Z\u0259ng\u0259zur) Az\u0259rbaycan\u0131n n\u0259zar\u0259tin\u0259 ke\u00e7m\u0259sin\u0259 m\u00fcnbit z\u0259min yaradacaq\u201d.<\/p>\n\n\n\n<p>Ekspert 10 noyabr anla\u015fmas\u0131n\u0131n imzalanmas\u0131ndan sonra Az\u0259rbaycan v\u0259 T\u00fcrkiy\u0259nin Erm\u0259nistandan t\u0259l\u0259bl\u0259rinin yerin\u0259 yetirildiyini deyib:<\/p>\n\n\n\n<p>\u201cBu t\u0259l\u0259bl\u0259rd\u0259n biri b\u00f6lg\u0259d\u0259ki kommunikasiyalar\u0131n a\u00e7\u0131lmas\u0131 idi. Bu kommunikasiyalar\u0131n t\u0259rkib hiss\u0259l\u0259rind\u0259n biri olan hava d\u0259hlizi bu s\u0259h\u0259r r\u0259smi olaraq a\u00e7\u0131ld\u0131\u201d.<\/p>\n\n\n\n<p>Qeyd ed\u0259k ki, bu g\u00fcnd\u0259n \u201cAz\u0259rbaycan Hava Yollar\u0131\u201d QSC (AZAL) Bak\u0131-Nax\u00e7\u0131van reysl\u0259rinin yerin\u0259 yetirilm\u0259si \u00fc\u00e7\u00fcn Erm\u0259nistan\u0131n hava m\u0259kan\u0131ndan istifad\u0259 etm\u0259y\u0259 ba\u015flay\u0131b.<\/p>\n\n\n\n<p>M\u0259nb\u0259: Teleqraf.com<\/p>\n","protected":false},"excerpt":{"rendered":"<p>\u201cErm\u0259nistan ilk \u201ct\u00fcrk d\u0259hlizi\u201dni a\u00e7d\u0131: Az\u0259rbaycan\u0131n t\u0259yyar\u0259l\u0259ri \u00f6lk\u0259mizin \u00fcz\u0259rind\u0259n ke\u00e7\u0259r\u0259k Nax\u00e7\u0131vana en\u0259 bil\u0259c\u0259k, h\u0259m\u00e7inin \u0259ks istiqam\u0259td\u0259 u\u00e7u\u015flar h\u0259yata ke\u00e7iril\u0259c\u0259k\u201d. Bunu erm\u0259ni t\u00fcrkoloq Varujan Geqamyan<\/p>\n","protected":false},"author":2,"featured_media":50449,"comment_status":"closed","ping_status":"closed","sticky":false,"template":"","format":"standard","meta":{"footnotes":""},"categories":[3],"tags":[],"class_list":["post-50448","post","type-post","status-publish","format-standard","has-post-thumbnail","hentry","category-gundm"],"aioseo_notices":[],"_links":{"self":[{"href":"https:\/\/fedai.az\/index.php?rest_route=\/wp\/v2\/posts\/50448","targetHints":{"allow":["GET"]}}],"collection":[{"href":"https:\/\/fedai.az\/index.php?rest_route=\/wp\/v2\/posts"}],"about":[{"href":"https:\/\/fedai.az\/index.php?rest_route=\/wp\/v2\/types\/post"}],"author":[{"embeddable":true,"href":"https:\/\/fedai.az\/index.php?rest_route=\/wp\/v2\/users\/2"}],"replies":[{"embeddable":true,"href":"https:\/\/fedai.az\/index.php?rest_route=%2Fwp%2Fv2%2Fcomments&post=50448"}],"version-history":[{"count":1,"href":"https:\/\/fedai.az\/index.php?rest_route=\/wp\/v2\/posts\/50448\/revisions"}],"predecessor-version":[{"id":50450,"href":"https:\/\/fedai.az\/index.php?rest_route=\/wp\/v2\/posts\/50448\/revisions\/50450"}],"wp:featuredmedia":[{"embeddable":true,"href":"https:\/\/fedai.az\/index.php?rest_route=\/wp\/v2\/media\/50449"}],"wp:attachment":[{"href":"https:\/\/fedai.az\/index.php?rest_route=%2Fwp%2Fv2%2Fmedia&parent=50448"}],"wp:term":[{"taxonomy":"category","embeddable":true,"href":"https:\/\/fedai.az\/index.php?rest_route=%2Fwp%2Fv2%2Fcategories&post=50448"},{"taxonomy":"post_tag","embeddable":true,"href":"https:\/\/fedai.az\/index.php?rest_route=%2Fwp%2Fv2%2Ftags&post=50448"}],"curies":[{"name":"wp","href":"https:\/\/api.w.org\/{rel}","templated":true}]}}