{"id":50491,"date":"2021-10-07T15:11:22","date_gmt":"2021-10-07T11:11:22","guid":{"rendered":"https:\/\/fedai.az\/?p=50491"},"modified":"2021-10-07T15:11:26","modified_gmt":"2021-10-07T11:11:26","slug":"prezident-ilham-%c9%99liyev-vladimir-putinin-ad-gunuu-t%c9%99brik-edib","status":"publish","type":"post","link":"https:\/\/fedai.az\/?p=50491","title":{"rendered":"Prezident \u0130lham \u018fliyev Vladimir Putinin ad g\u00fcn\u00fc\u00fc t\u0259brik edib"},"content":{"rendered":"\n<p><strong>Az\u0259rbaycan Respublikas\u0131n\u0131n Prezidenti \u0130lham \u018fliyev oktyabr\u0131n 7-d\u0259 Rusiya Federasiyas\u0131n\u0131n Prezidenti Vladimir Putin\u0259 telefonla z\u0259ng edib.<\/strong><\/p>\n\n\n\n<p><br>\u00d6lk\u0259 ba\u015f\u00e7\u0131s\u0131 Rusiya Prezidentini ad g\u00fcn\u00fc m\u00fcnasib\u0259til\u0259 t\u0259brik edib, ona \u00f6lk\u0259nin inki\u015faf\u0131 v\u0259 firavanl\u0131\u011f\u0131 namin\u0259 d\u00f6vl\u0259t\u00e7ilik f\u0259aliyy\u0259tind\u0259 yeni u\u011furlar, m\u00f6hk\u0259m cansa\u011fl\u0131\u011f\u0131 arzulay\u0131b.<\/p>\n\n\n\n<p><br>Vladimir Putin g\u00f6st\u0259ril\u0259n diqq\u0259t\u0259 v\u0259 t\u0259brik\u0259 g\u00f6r\u0259 Prezident \u0130lham \u018fliyev\u0259 minn\u0259tdarl\u0131\u011f\u0131n\u0131 bildirib.<\/p>\n\n\n\n<p><br>D\u00f6vl\u0259t ba\u015f\u00e7\u0131lar\u0131 Az\u0259rbaycan-Rusiya ikit\u0259r\u0259fli dostluq m\u00fcnasib\u0259tl\u0259rinin m\u00fcxt\u0259lif sah\u0259l\u0259rd\u0259 u\u011furla inki\u015faf etdiyini vur\u011fulayaraq \u0259m\u0259kda\u015fl\u0131\u011f\u0131m\u0131z\u0131n bundan sonra da m\u00f6hk\u0259ml\u0259n\u0259c\u0259yin\u0259 \u0259min olduqlar\u0131n\u0131 bildirib, \u0259laq\u0259l\u0259rimizin perspektivl\u0259ri il\u0259 ba\u011fl\u0131 m\u0259s\u0259l\u0259l\u0259r \u0259traf\u0131nda fikir m\u00fcbadil\u0259si apar\u0131blar.<\/p>\n\n\n\n<p><br>Telefon s\u00f6hb\u0259ti zaman\u0131 b\u00f6lg\u0259d\u0259ki v\u0259ziyy\u0259t m\u00fczakir\u0259 edilib.<\/p>\n","protected":false},"excerpt":{"rendered":"<p>Az\u0259rbaycan Respublikas\u0131n\u0131n Prezidenti \u0130lham \u018fliyev oktyabr\u0131n 7-d\u0259 Rusiya Federasiyas\u0131n\u0131n Prezidenti Vladimir Putin\u0259 telefonla z\u0259ng edib. \u00d6lk\u0259 ba\u015f\u00e7\u0131s\u0131 Rusiya Prezidentini ad g\u00fcn\u00fc m\u00fcnasib\u0259til\u0259 t\u0259brik edib,<\/p>\n","protected":false},"author":2,"featured_media":50492,"comment_status":"closed","ping_status":"closed","sticky":false,"template":"","format":"standard","meta":{"footnotes":""},"categories":[3],"tags":[],"class_list":["post-50491","post","type-post","status-publish","format-standard","has-post-thumbnail","hentry","category-gundm"],"aioseo_notices":[],"_links":{"self":[{"href":"https:\/\/fedai.az\/index.php?rest_route=\/wp\/v2\/posts\/50491","targetHints":{"allow":["GET"]}}],"collection":[{"href":"https:\/\/fedai.az\/index.php?rest_route=\/wp\/v2\/posts"}],"about":[{"href":"https:\/\/fedai.az\/index.php?rest_route=\/wp\/v2\/types\/post"}],"author":[{"embeddable":true,"href":"https:\/\/fedai.az\/index.php?rest_route=\/wp\/v2\/users\/2"}],"replies":[{"embeddable":true,"href":"https:\/\/fedai.az\/index.php?rest_route=%2Fwp%2Fv2%2Fcomments&post=50491"}],"version-history":[{"count":1,"href":"https:\/\/fedai.az\/index.php?rest_route=\/wp\/v2\/posts\/50491\/revisions"}],"predecessor-version":[{"id":50493,"href":"https:\/\/fedai.az\/index.php?rest_route=\/wp\/v2\/posts\/50491\/revisions\/50493"}],"wp:featuredmedia":[{"embeddable":true,"href":"https:\/\/fedai.az\/index.php?rest_route=\/wp\/v2\/media\/50492"}],"wp:attachment":[{"href":"https:\/\/fedai.az\/index.php?rest_route=%2Fwp%2Fv2%2Fmedia&parent=50491"}],"wp:term":[{"taxonomy":"category","embeddable":true,"href":"https:\/\/fedai.az\/index.php?rest_route=%2Fwp%2Fv2%2Fcategories&post=50491"},{"taxonomy":"post_tag","embeddable":true,"href":"https:\/\/fedai.az\/index.php?rest_route=%2Fwp%2Fv2%2Ftags&post=50491"}],"curies":[{"name":"wp","href":"https:\/\/api.w.org\/{rel}","templated":true}]}}