{"id":50497,"date":"2021-10-07T15:37:51","date_gmt":"2021-10-07T11:37:51","guid":{"rendered":"https:\/\/fedai.az\/?p=50497"},"modified":"2021-10-07T15:37:55","modified_gmt":"2021-10-07T11:37:55","slug":"tehranda-qarabagla-bagli-el%c9%99-soz-esitdim-ki-hizbullahin-kecmis-liderind%c9%99n-sensasion-aciqlama","status":"publish","type":"post","link":"https:\/\/fedai.az\/?p=50497","title":{"rendered":"\u201cTehranda Qaraba\u011fla ba\u011fl\u0131 el\u0259 s\u00f6z e\u015fitdim ki&#8230;\u201d &#8212; &#171;Hizbullah&#187;\u0131n ke\u00e7mi\u015f liderind\u0259n SENSAS\u0130ON A\u00c7IQLAMA"},"content":{"rendered":"\n<p><strong>Livan\u0131n Hizbullah t\u0259\u015fkilat\u0131n\u0131n birinci lideri S\u00fcbhi \u0259t-T\u00fcfeyli Erm\u0259nistan i\u015f\u011fal\u0131ndan azad edilmi\u015f Qaraba\u011fla ba\u011fl\u0131 \u015fok effekti yaradan faktlar\u0131 a\u00e7\u0131qlay\u0131b.<\/strong><\/p>\n\n\n\n<p>T\u00fcfeyli Az\u0259rbaycanda ke\u00e7iril\u0259n q\u0259l\u0259b\u0259 parad\u0131ndan sonra T\u00fcrkiy\u0259ni q\u0259sd\u0259n h\u0259d\u0259f alan \u0130ran\u0131n bu siyas\u0259tinin arxas\u0131nda n\u0259l\u0259rin dayand\u0131\u011f\u0131n\u0131 izah edib.<\/p>\n\n\n\n<p>Qaraba\u011fdak\u0131 d\u00f6y\u00fc\u015fl\u0259r zaman\u0131 Tehranda oldu\u011funu bildir\u0259n T\u00fcfeyli bildirib:<\/p>\n\n\n\n<p>\u201c\u0130ran medias\u0131n\u0131n Erm\u0259nistan\u0131 nec\u0259 d\u0259st\u0259kl\u0259diyini, hakimiyy\u0259tin v\u0259 median\u0131n erm\u0259nil\u0259rl\u0259 bir yerd\u0259 oldu\u011funu g\u00f6rd\u00fcm. T\u0259\u0259cc\u00fcbl\u0259ndim, \u00e7\u00fcnki g\u00f6zl\u0259yirdim ki, erm\u0259nil\u0259r\u0259 d\u00fc\u015fm\u0259n kimi baxacaqlar. \u201c\u0130slam d\u00f6vl\u0259tiyik\u201d deyirsiniz, y\u0259ni m\u0259zlumlar\u0131n yan\u0131nda olmal\u0131s\u0131n\u0131z. Amma zal\u0131m\u0131n niy\u0259 d\u00fc\u015fm\u0259nin yan\u0131nda dayand\u0131\u011f\u0131n\u0131z\u0131 ba\u015fa d\u00fc\u015fm\u00fcr\u0259m\u201d.<\/p>\n\n\n\n<p>\u018fsrl\u0259rdir az\u0259rbaycanl\u0131lar\u0131n \u0130randa ya\u015fad\u0131qlar\u0131n\u0131 dey\u0259n Hizbullah ke\u00e7mi\u015f lideri vur\u011fulay\u0131b:<\/p>\n\n\n\n<p>\u201cAz\u0259rbaycan\u0131n \u0130ran\u0131n bir par\u00e7as\u0131 oldu\u011funu s\u00f6yl\u0259yirsiniz, buna g\u00f6r\u0259 d\u0259 dayanmal\u0131 oldu\u011funuz yer sizin d\u0259 bir par\u00e7an\u0131z olan m\u0259zlum az\u0259rbaycanl\u0131lar\u0131n yan\u0131 olmal\u0131d\u0131r\u201d.<\/p>\n\n\n\n<p>Bu g\u00f6rd\u00fckl\u0259rind\u0259n sonra ba\u015f ver\u0259nl\u0259rin t\u0259f\u0259rr\u00fcatlar\u0131n\u0131 \u00f6yr\u0259nm\u0259k \u00fc\u00e7\u00fcn \u0130ran\u0131n o zamank\u0131 xarici i\u015fl\u0259r naziri Cavad Z\u0259rifl\u0259 g\u00f6r\u00fc\u015fd\u00fcy\u00fcn\u00fc bildir\u0259n T\u00fcfeyli \u0259lav\u0259 edib:<\/p>\n\n\n\n<p>\u201cM\u0259n\u0259 dedi ki, Erm\u0259nistana d\u0259st\u0259k verm\u0259k\u0131\u0259 T\u00fcrkiy\u0259nin t\u00fcrk d\u00fcnyas\u0131 il\u0259 \u0259laq\u0259l\u0259rinin qar\u015f\u0131s\u0131n\u0131 almaq ist\u0259yirl\u0259r. M\u0259s\u0259l\u0259n, \u00d6zb\u0259kistan, T\u00fcrkm\u0259nistan v\u0259 Az\u0259rbaycan. Dedi ki, T\u00fcrkiy\u0259nin qar\u015f\u0131s\u0131ndak\u0131 bir d\u0259hliz olmas\u0131 \u00fc\u00e7\u00fcn erm\u0259nil\u0259rin yan\u0131ndad\u0131rlar. Buna \u00e7ox t\u0259\u0259cc\u00fcbl\u0259ndim v\u0259 i\u00e7imd\u0259 dedim ki, ka\u015f bunlar\u0131 e\u015fitm\u0259z olayd\u0131m\u201d.<\/p>\n\n\n\n<p>Mnb\u0259: Teleqraf.com<\/p>\n","protected":false},"excerpt":{"rendered":"<p>Livan\u0131n Hizbullah t\u0259\u015fkilat\u0131n\u0131n birinci lideri S\u00fcbhi \u0259t-T\u00fcfeyli Erm\u0259nistan i\u015f\u011fal\u0131ndan azad edilmi\u015f Qaraba\u011fla ba\u011fl\u0131 \u015fok effekti yaradan faktlar\u0131 a\u00e7\u0131qlay\u0131b. T\u00fcfeyli Az\u0259rbaycanda ke\u00e7iril\u0259n q\u0259l\u0259b\u0259 parad\u0131ndan sonra<\/p>\n","protected":false},"author":2,"featured_media":50498,"comment_status":"closed","ping_status":"closed","sticky":false,"template":"","format":"standard","meta":{"footnotes":""},"categories":[13],"tags":[],"class_list":["post-50497","post","type-post","status-publish","format-standard","has-post-thumbnail","hentry","category-xarici"],"aioseo_notices":[],"_links":{"self":[{"href":"https:\/\/fedai.az\/index.php?rest_route=\/wp\/v2\/posts\/50497","targetHints":{"allow":["GET"]}}],"collection":[{"href":"https:\/\/fedai.az\/index.php?rest_route=\/wp\/v2\/posts"}],"about":[{"href":"https:\/\/fedai.az\/index.php?rest_route=\/wp\/v2\/types\/post"}],"author":[{"embeddable":true,"href":"https:\/\/fedai.az\/index.php?rest_route=\/wp\/v2\/users\/2"}],"replies":[{"embeddable":true,"href":"https:\/\/fedai.az\/index.php?rest_route=%2Fwp%2Fv2%2Fcomments&post=50497"}],"version-history":[{"count":1,"href":"https:\/\/fedai.az\/index.php?rest_route=\/wp\/v2\/posts\/50497\/revisions"}],"predecessor-version":[{"id":50499,"href":"https:\/\/fedai.az\/index.php?rest_route=\/wp\/v2\/posts\/50497\/revisions\/50499"}],"wp:featuredmedia":[{"embeddable":true,"href":"https:\/\/fedai.az\/index.php?rest_route=\/wp\/v2\/media\/50498"}],"wp:attachment":[{"href":"https:\/\/fedai.az\/index.php?rest_route=%2Fwp%2Fv2%2Fmedia&parent=50497"}],"wp:term":[{"taxonomy":"category","embeddable":true,"href":"https:\/\/fedai.az\/index.php?rest_route=%2Fwp%2Fv2%2Fcategories&post=50497"},{"taxonomy":"post_tag","embeddable":true,"href":"https:\/\/fedai.az\/index.php?rest_route=%2Fwp%2Fv2%2Ftags&post=50497"}],"curies":[{"name":"wp","href":"https:\/\/api.w.org\/{rel}","templated":true}]}}