{"id":50503,"date":"2021-10-07T18:17:38","date_gmt":"2021-10-07T14:17:38","guid":{"rendered":"https:\/\/fedai.az\/?p=50503"},"modified":"2021-10-07T18:17:41","modified_gmt":"2021-10-07T14:17:41","slug":"arayik-arutunyana-sui-q%c9%99sd-edilib","status":"publish","type":"post","link":"https:\/\/fedai.az\/?p=50503","title":{"rendered":"Arayik Arutunyana sui-q\u0259sd edilib"},"content":{"rendered":"\n<p><strong>Qondarma rejimin r\u0259hb\u0259ri Araik Arutunyana sui-q\u0259sd olub.<\/strong><\/p>\n\n\n\n<p>Bu bar\u0259d\u0259 voskanapat.info sayt\u0131n\u0131n \u0259m\u0259kda\u015f\u0131 Karen Andriyan yaz\u0131b. Erm\u0259ni jurnalistin iddialar\u0131na g\u00f6r\u0259, Arutunyana qar\u015f\u0131 bu g\u00fcn s\u0259h\u0259r saat 11 rad\u0259l\u0259rind\u0259\u00a0Xank\u0259ndid\u0259 sui-q\u0259sd olub. M\u0259lumatda qeyd olunur ki, Arutunyan avtomobilind\u0259n d\u00fc\u015f\u0259rk\u0259n ona silahl\u0131 h\u00fccum olub. N\u0259tic\u0259 Araik yaralan\u0131b. X\u0259b\u0259rd\u0259\u00a0bildirilir ki, sui-q\u0259sdi h\u0259yata ke\u00e7ir\u0259nl\u0259r is\u0259 \u201cQay\u0131dan q\u0259hr\u0259manlar\u201d adl\u0131 t\u0259\u015fkilat\u0131n \u00fczvl\u0259ridir.<\/p>\n\n\n\n<p>H\u0259l\u0259lik Arutunyan\u0131n v\u0259ziyy\u0259ti il\u0259 ba\u011fl\u0131 he\u00e7 bir m\u0259lumat yoxdur. &#171;H\u00fccum ed\u0259n \u015f\u0259xsin z\u0259r\u0259rsizl\u0259\u015fdirildiyini \u015f\u0259h\u0259r sakinl\u0259ri t\u0259sdiq edir&#187; dey\u0259 Karen Andriyan bildirib.<\/p>\n\n\n\n<p>M\u0259nb\u0259: Kanal.az<\/p>\n","protected":false},"excerpt":{"rendered":"<p>Qondarma rejimin r\u0259hb\u0259ri Araik Arutunyana sui-q\u0259sd olub. Bu bar\u0259d\u0259 voskanapat.info sayt\u0131n\u0131n \u0259m\u0259kda\u015f\u0131 Karen Andriyan yaz\u0131b. Erm\u0259ni jurnalistin iddialar\u0131na g\u00f6r\u0259, Arutunyana qar\u015f\u0131 bu g\u00fcn s\u0259h\u0259r<\/p>\n","protected":false},"author":2,"featured_media":50504,"comment_status":"closed","ping_status":"closed","sticky":false,"template":"","format":"standard","meta":{"footnotes":""},"categories":[4],"tags":[],"class_list":["post-50503","post","type-post","status-publish","format-standard","has-post-thumbnail","hentry","category-qarabag"],"aioseo_notices":[],"_links":{"self":[{"href":"https:\/\/fedai.az\/index.php?rest_route=\/wp\/v2\/posts\/50503","targetHints":{"allow":["GET"]}}],"collection":[{"href":"https:\/\/fedai.az\/index.php?rest_route=\/wp\/v2\/posts"}],"about":[{"href":"https:\/\/fedai.az\/index.php?rest_route=\/wp\/v2\/types\/post"}],"author":[{"embeddable":true,"href":"https:\/\/fedai.az\/index.php?rest_route=\/wp\/v2\/users\/2"}],"replies":[{"embeddable":true,"href":"https:\/\/fedai.az\/index.php?rest_route=%2Fwp%2Fv2%2Fcomments&post=50503"}],"version-history":[{"count":1,"href":"https:\/\/fedai.az\/index.php?rest_route=\/wp\/v2\/posts\/50503\/revisions"}],"predecessor-version":[{"id":50505,"href":"https:\/\/fedai.az\/index.php?rest_route=\/wp\/v2\/posts\/50503\/revisions\/50505"}],"wp:featuredmedia":[{"embeddable":true,"href":"https:\/\/fedai.az\/index.php?rest_route=\/wp\/v2\/media\/50504"}],"wp:attachment":[{"href":"https:\/\/fedai.az\/index.php?rest_route=%2Fwp%2Fv2%2Fmedia&parent=50503"}],"wp:term":[{"taxonomy":"category","embeddable":true,"href":"https:\/\/fedai.az\/index.php?rest_route=%2Fwp%2Fv2%2Fcategories&post=50503"},{"taxonomy":"post_tag","embeddable":true,"href":"https:\/\/fedai.az\/index.php?rest_route=%2Fwp%2Fv2%2Ftags&post=50503"}],"curies":[{"name":"wp","href":"https:\/\/api.w.org\/{rel}","templated":true}]}}