{"id":50526,"date":"2021-10-08T00:49:23","date_gmt":"2021-10-07T20:49:23","guid":{"rendered":"https:\/\/fedai.az\/?p=50526"},"modified":"2021-10-08T00:50:46","modified_gmt":"2021-10-07T20:50:46","slug":"muharib%c9%99-veterani-adi-v%c9%99-v%c9%99siq%c9%99sinin-alinmasi-ucun-yeni-prosedur-mu%c9%99yy%c9%99nl%c9%99sib","status":"publish","type":"post","link":"https:\/\/fedai.az\/?p=50526","title":{"rendered":"M\u00fcharib\u0259 veteran\u0131 ad\u0131 v\u0259 v\u0259siq\u0259sinin al\u0131nmas\u0131 \u00fc\u00e7\u00fcn yeni prosedur m\u00fc\u0259yy\u0259nl\u0259\u015fib"},"content":{"rendered":"\n<p><strong>M\u00fcdafi\u0259 Nazirliyi t\u0259r\u0259find\u0259n Az\u0259rbaycan Ordusunun h\u0259rbi qulluq\u00e7ular\u0131na m\u00fcnasib\u0259td\u0259 m\u00fcharib\u0259&nbsp;veteran\u0131 ad\u0131n\u0131n v\u0259 v\u0259siq\u0259sinin, habel\u0259 Az\u0259rbaycan Respublikas\u0131n\u0131n S\u0259f\u0259rb\u0259rlik v\u0259 H\u0259rbi Xidm\u0259t\u0259 \u00c7a\u011f\u0131r\u0131\u015f \u00fczr\u0259 D\u00f6vl\u0259t Xidm\u0259ti t\u0259r\u0259find\u0259n \u015f\u0259xsin m\u00fcharib\u0259 veteran\u0131 olmas\u0131na dair aray\u0131\u015f\u0131n verilm\u0259si \u00fc\u00e7\u00fcn maraql\u0131 \u015f\u0259xs \u201c\u015e\u0259hid ail\u0259l\u0259ri \u00fczvl\u0259rinin, m\u00fcharib\u0259 il\u0259 \u0259laq\u0259dar x\u0259sar\u0259t alm\u0131\u015f h\u0259rbi qulluq\u00e7ular\u0131n v\u0259 \u0259lilliyi m\u00fc\u0259yy\u0259n edilmi\u015f \u015f\u0259xsl\u0259rin m\u00fcraci\u0259tl\u0259ri \u00fczr\u0259 vahid \u0259laq\u0259l\u0259ndirm\u0259 m\u0259rk\u0259zl\u0259ri&#187;n\u0259 d\u0259 m\u00fcraci\u0259t ed\u0259 bil\u0259c\u0259k.<\/strong><\/p>\n\n\n\n<p>M\u0259lumata g\u00f6r\u0259, bu, \u201cM\u00fcharib\u0259 veteran\u0131, silahl\u0131 q\u00fcvv\u0259l\u0259r veteran\u0131 v\u0259 \u0259m\u0259k veteran\u0131 adlar\u0131n\u0131n verilm\u0259si qaydas\u0131 v\u0259 \u015f\u0259rtl\u0259ri haqq\u0131nda \u018fsasnam\u0259\u201dy\u0259 t\u0259klif edil\u0259n d\u0259yi\u015fiklikd\u0259 \u0259ksini tap\u0131b.<\/p>\n\n\n\n<p>Bununla ba\u011fl\u0131 \u201c\u015e\u0259hid ad\u0131n\u0131n \u0259b\u0259dil\u0259\u015fdirilm\u0259si v\u0259 \u015f\u0259hid ail\u0259l\u0259rin\u0259 edil\u0259n g\u00fcz\u0259\u015ftl\u0259rin t\u0259tbiqi qaydalar\u0131\u201da v\u0259 dig\u0259r q\u0259rarlara da m\u00fcvafiq d\u0259yi\u015fiklik edilib.<\/p>\n\n\n\n<p>Nazirl\u0259r Kabinetind\u0259n bildirilib ki,&nbsp;Az\u0259rbaycan Respublikas\u0131n\u0131n M\u00fcdafi\u0259 Nazirliyi t\u0259r\u0259find\u0259n Az\u0259rbaycan Ordusunun h\u0259rbi qulluq\u00e7ular\u0131na m\u00fcnasib\u0259td\u0259 m\u00fcharib\u0259 veteran\u0131 ad\u0131n\u0131n v\u0259 v\u0259siq\u0259sinin, habel\u0259 Az\u0259rbaycan Respublikas\u0131 S\u0259f\u0259rb\u0259rlik v\u0259 H\u0259rbi Xidm\u0259t\u0259 \u00c7a\u011f\u0131r\u0131\u015f \u00fczr\u0259 D\u00f6vl\u0259t Xidm\u0259ti t\u0259r\u0259find\u0259n \u015f\u0259xsin m\u00fcharib\u0259 veteran\u0131 olmas\u0131na dair aray\u0131\u015f\u0131n verilm\u0259si \u00fc\u00e7\u00fcn, M\u0259cburi d\u00f6vl\u0259t sosial s\u0131\u011fortas\u0131 \u00fczr\u0259 \u00f6d\u0259m\u0259l\u0259rin hesablanmas\u0131 v\u0259 \u00f6d\u0259nilm\u0259si , X\u0259st\u0259lik, \u0259lillik v\u0259 ya ah\u0131ll\u0131qla \u0259laq\u0259dar \u00f6z\u00fcn\u0259qulluq qabiliyy\u0259ti olmayan \u015f\u0259xsl\u0259r\u0259 qulluq v\u0259 k\u00f6m\u0259k g\u00f6st\u0259r\u0259 bil\u0259c\u0259k qohumlar\u0131n olmamas\u0131n\u0131n m\u00fc\u0259yy\u0259n edilm\u0259si , \u201cEvd\u0259 (s\u0259yyar) sosial xidm\u0259tin g\u00f6st\u0259rilm\u0259si, \u00c7\u0259tin h\u0259yat \u015f\u0259raitind\u0259 olan \u015f\u0259xsl\u0259rin (ail\u0259l\u0259rin) d\u00f6vl\u0259t sosial xidm\u0259t m\u00fc\u0259ssis\u0259l\u0259rin\u0259 yerl\u0259\u015fdirilm\u0259si, Sosial m\u00fcavin\u0259tl\u0259rin, t\u0259qa\u00fcdl\u0259rin v\u0259 kompensasiyalar\u0131n t\u0259yin olunmas\u0131 \u00fc\u00e7\u00fcn t\u0259qdim edil\u0259n s\u0259n\u0259dl\u0259rin v\u0259 m\u0259lumatlar\u0131n r\u0259smil\u0259\u015fdirilm\u0259si, bax\u0131lmas\u0131 v\u0259 saxlan\u0131lmas\u0131 \u00fc\u00e7\u00fcn maraql\u0131 \u015f\u0259xs \u201c\u015e\u0259hid ail\u0259l\u0259ri \u00fczvl\u0259rinin, m\u00fcharib\u0259 il\u0259 \u0259laq\u0259dar x\u0259sar\u0259t alm\u0131\u015f h\u0259rbi qulluq\u00e7ular\u0131n v\u0259 \u0259lilliyi m\u00fc\u0259yy\u0259n edilmi\u015f \u015f\u0259xsl\u0259rin m\u00fcraci\u0259tl\u0259ri \u00fczr\u0259 vahid \u0259laq\u0259l\u0259ndirm\u0259 m\u0259rk\u0259zl\u0259ri\u201dn\u0259 d\u0259 m\u00fcraci\u0259t ed\u0259 bil\u0259r.<\/p>\n","protected":false},"excerpt":{"rendered":"<p>M\u00fcdafi\u0259 Nazirliyi t\u0259r\u0259find\u0259n Az\u0259rbaycan Ordusunun h\u0259rbi qulluq\u00e7ular\u0131na m\u00fcnasib\u0259td\u0259 m\u00fcharib\u0259&nbsp;veteran\u0131 ad\u0131n\u0131n v\u0259 v\u0259siq\u0259sinin, habel\u0259 Az\u0259rbaycan Respublikas\u0131n\u0131n S\u0259f\u0259rb\u0259rlik v\u0259 H\u0259rbi Xidm\u0259t\u0259 \u00c7a\u011f\u0131r\u0131\u015f \u00fczr\u0259 D\u00f6vl\u0259t Xidm\u0259ti t\u0259r\u0259find\u0259n<\/p>\n","protected":false},"author":2,"featured_media":50527,"comment_status":"closed","ping_status":"closed","sticky":false,"template":"","format":"standard","meta":{"footnotes":""},"categories":[12],"tags":[],"class_list":["post-50526","post","type-post","status-publish","format-standard","has-post-thumbnail","hentry","category-sosial"],"aioseo_notices":[],"_links":{"self":[{"href":"https:\/\/fedai.az\/index.php?rest_route=\/wp\/v2\/posts\/50526","targetHints":{"allow":["GET"]}}],"collection":[{"href":"https:\/\/fedai.az\/index.php?rest_route=\/wp\/v2\/posts"}],"about":[{"href":"https:\/\/fedai.az\/index.php?rest_route=\/wp\/v2\/types\/post"}],"author":[{"embeddable":true,"href":"https:\/\/fedai.az\/index.php?rest_route=\/wp\/v2\/users\/2"}],"replies":[{"embeddable":true,"href":"https:\/\/fedai.az\/index.php?rest_route=%2Fwp%2Fv2%2Fcomments&post=50526"}],"version-history":[{"count":2,"href":"https:\/\/fedai.az\/index.php?rest_route=\/wp\/v2\/posts\/50526\/revisions"}],"predecessor-version":[{"id":50531,"href":"https:\/\/fedai.az\/index.php?rest_route=\/wp\/v2\/posts\/50526\/revisions\/50531"}],"wp:featuredmedia":[{"embeddable":true,"href":"https:\/\/fedai.az\/index.php?rest_route=\/wp\/v2\/media\/50527"}],"wp:attachment":[{"href":"https:\/\/fedai.az\/index.php?rest_route=%2Fwp%2Fv2%2Fmedia&parent=50526"}],"wp:term":[{"taxonomy":"category","embeddable":true,"href":"https:\/\/fedai.az\/index.php?rest_route=%2Fwp%2Fv2%2Fcategories&post=50526"},{"taxonomy":"post_tag","embeddable":true,"href":"https:\/\/fedai.az\/index.php?rest_route=%2Fwp%2Fv2%2Ftags&post=50526"}],"curies":[{"name":"wp","href":"https:\/\/api.w.org\/{rel}","templated":true}]}}