{"id":50585,"date":"2021-10-08T04:48:20","date_gmt":"2021-10-08T00:48:20","guid":{"rendered":"https:\/\/fedai.az\/?p=50585"},"modified":"2021-10-08T04:48:23","modified_gmt":"2021-10-08T00:48:23","slug":"beyl%c9%99qan-rayonunda-s%c9%99hid-bulaginin-acilisi-olub","status":"publish","type":"post","link":"https:\/\/fedai.az\/?p=50585","title":{"rendered":"Beyl\u0259qan rayonunda \u015e\u0259hid bula\u011f\u0131n\u0131n a\u00e7\u0131l\u0131\u015f\u0131 olub"},"content":{"rendered":"\n<p><strong>Az\u0259rbaycan V\u0259t\u0259n M\u00fcharib\u0259si Veteranlar\u0131 \u0130ctimai Birliyi (AVMV\u0130B) Xocav\u0259nd v\u0259 Az\u0259rbaycan V\u0259t\u0259n M\u00fcharib\u0259si Veteranlar\u0131 \u0130ctimai Birliyi (AVMV\u0130B) Beyl\u0259qan rayon \u015f\u00f6b\u0259si veteranlar\u0131 \u015f\u0259hidl\u0259rimizl\u0259 ba\u011fl\u0131 silsil\u0259 t\u0259dbirl\u0259ri davam etdiribl\u0259r.<\/strong><\/p>\n\n\n\n<p><br>Beyl\u0259qan rayonu K\u0259birli k\u0259ndind\u0259 \u015e\u0259hid bula\u011f\u0131 kompleksinin a\u00e7\u0131l\u0131\u015f\u0131 olub.<\/p>\n\n\n\n<figure class=\"wp-block-gallery columns-2 is-cropped wp-block-gallery-1 is-layout-flex wp-block-gallery-is-layout-flex\"><ul class=\"blocks-gallery-grid\"><li class=\"blocks-gallery-item\"><figure><img loading=\"lazy\" decoding=\"async\" width=\"526\" height=\"936\" src=\"https:\/\/fedai.az\/wp-content\/uploads\/2021\/10\/244480823_115358557572857_7308279220903883652_n.jpg\" alt=\"\" data-id=\"50586\" data-link=\"https:\/\/fedai.az\/?attachment_id=50586\" class=\"wp-image-50586\" srcset=\"https:\/\/fedai.az\/wp-content\/uploads\/2021\/10\/244480823_115358557572857_7308279220903883652_n.jpg 526w, https:\/\/fedai.az\/wp-content\/uploads\/2021\/10\/244480823_115358557572857_7308279220903883652_n-169x300.jpg 169w, https:\/\/fedai.az\/wp-content\/uploads\/2021\/10\/244480823_115358557572857_7308279220903883652_n-84x150.jpg 84w\" sizes=\"auto, (max-width: 526px) 100vw, 526px\" \/><\/figure><\/li><li class=\"blocks-gallery-item\"><figure><img loading=\"lazy\" decoding=\"async\" width=\"526\" height=\"936\" src=\"https:\/\/fedai.az\/wp-content\/uploads\/2021\/10\/244422438_115358610906185_5519354296961283114_n.jpg\" alt=\"\" data-id=\"50587\" data-full-url=\"https:\/\/fedai.az\/wp-content\/uploads\/2021\/10\/244422438_115358610906185_5519354296961283114_n.jpg\" data-link=\"https:\/\/fedai.az\/?attachment_id=50587\" class=\"wp-image-50587\" srcset=\"https:\/\/fedai.az\/wp-content\/uploads\/2021\/10\/244422438_115358610906185_5519354296961283114_n.jpg 526w, https:\/\/fedai.az\/wp-content\/uploads\/2021\/10\/244422438_115358610906185_5519354296961283114_n-169x300.jpg 169w, https:\/\/fedai.az\/wp-content\/uploads\/2021\/10\/244422438_115358610906185_5519354296961283114_n-84x150.jpg 84w\" sizes=\"auto, (max-width: 526px) 100vw, 526px\" \/><\/figure><\/li><\/ul><\/figure>\n\n\n\n<p><br>Bu bar\u0259d\u0259 Az\u0259rbaycan V\u0259t\u0259n M\u00fcharib\u0259si Veteranlar\u0131 \u0130ctimai Birliyi (AVMV\u0130B) Beyl\u0259qan rayon \u015f\u00f6b\u0259sinin s\u0259dri \u018fl\u00f6vs\u0259t M\u0259mm\u0259dov m\u0259lumat verib.<\/p>\n\n\n\n<p>\u018fl\u00f6vs\u0259t M\u0259mm\u0259dov bildirib ki, AVMV\u0130B s\u0259dri F. Rzaquliyevin ad\u0131ndan \u015f\u0259hid \u015eamxal Xasay o\u011flu Abbasova Xatir\u0259 medal\u0131 v\u0259 F\u0259xri f\u0259rman Az\u0259rbaycan V\u0259t\u0259n M\u00fcharib\u0259si Veteranlar\u0131 \u0130ctimai Birliyi (AVMV\u0130B) s\u0259drinin s\u0259lahiyy\u0259tli n\u00fcmay\u0259nd\u0259si Akif H\u0259s\u0259nov t\u0259r\u0259find\u0259n t\u0259qdim edilib. Bundan sonra da \u015f\u0259hidl\u0259rimizin adlar\u0131n\u0131n \u0259b\u0259dil\u0259\u015fdirilm\u0259si istiqam\u0259tind\u0259 f\u0259aliyy\u0259timizi davam etdir\u0259c\u0259yik.<\/p>\n\n\n\n<p><br>Xat\u0131rladaq ki, Beyl\u0259qan rayonu K\u0259birli k\u0259ndind\u0259 17 \u015f\u0259hidimiz uyuyur.<\/p>\n\n\n\n<p><strong>Elnur S\u0259lim<\/strong><\/p>\n\n\n\n<figure class=\"wp-block-image size-large is-resized\"><img loading=\"lazy\" decoding=\"async\" src=\"https:\/\/fedai.az\/wp-content\/uploads\/2021\/10\/244559931_115358657572847_8941813140919390618_n.jpg\" alt=\"\" class=\"wp-image-50588\" width=\"1014\" height=\"1804\" srcset=\"https:\/\/fedai.az\/wp-content\/uploads\/2021\/10\/244559931_115358657572847_8941813140919390618_n.jpg 526w, https:\/\/fedai.az\/wp-content\/uploads\/2021\/10\/244559931_115358657572847_8941813140919390618_n-169x300.jpg 169w, https:\/\/fedai.az\/wp-content\/uploads\/2021\/10\/244559931_115358657572847_8941813140919390618_n-84x150.jpg 84w\" sizes=\"auto, (max-width: 1014px) 100vw, 1014px\" \/><\/figure>\n","protected":false},"excerpt":{"rendered":"<p>Az\u0259rbaycan V\u0259t\u0259n M\u00fcharib\u0259si Veteranlar\u0131 \u0130ctimai Birliyi (AVMV\u0130B) Xocav\u0259nd v\u0259 Az\u0259rbaycan V\u0259t\u0259n M\u00fcharib\u0259si Veteranlar\u0131 \u0130ctimai Birliyi (AVMV\u0130B) Beyl\u0259qan rayon \u015f\u00f6b\u0259si veteranlar\u0131 \u015f\u0259hidl\u0259rimizl\u0259 ba\u011fl\u0131 silsil\u0259 t\u0259dbirl\u0259ri<\/p>\n","protected":false},"author":2,"featured_media":50589,"comment_status":"closed","ping_status":"closed","sticky":false,"template":"","format":"standard","meta":{"footnotes":""},"categories":[5],"tags":[],"class_list":["post-50585","post","type-post","status-publish","format-standard","has-post-thumbnail","hentry","category-veteran"],"aioseo_notices":[],"_links":{"self":[{"href":"https:\/\/fedai.az\/index.php?rest_route=\/wp\/v2\/posts\/50585","targetHints":{"allow":["GET"]}}],"collection":[{"href":"https:\/\/fedai.az\/index.php?rest_route=\/wp\/v2\/posts"}],"about":[{"href":"https:\/\/fedai.az\/index.php?rest_route=\/wp\/v2\/types\/post"}],"author":[{"embeddable":true,"href":"https:\/\/fedai.az\/index.php?rest_route=\/wp\/v2\/users\/2"}],"replies":[{"embeddable":true,"href":"https:\/\/fedai.az\/index.php?rest_route=%2Fwp%2Fv2%2Fcomments&post=50585"}],"version-history":[{"count":1,"href":"https:\/\/fedai.az\/index.php?rest_route=\/wp\/v2\/posts\/50585\/revisions"}],"predecessor-version":[{"id":50590,"href":"https:\/\/fedai.az\/index.php?rest_route=\/wp\/v2\/posts\/50585\/revisions\/50590"}],"wp:featuredmedia":[{"embeddable":true,"href":"https:\/\/fedai.az\/index.php?rest_route=\/wp\/v2\/media\/50589"}],"wp:attachment":[{"href":"https:\/\/fedai.az\/index.php?rest_route=%2Fwp%2Fv2%2Fmedia&parent=50585"}],"wp:term":[{"taxonomy":"category","embeddable":true,"href":"https:\/\/fedai.az\/index.php?rest_route=%2Fwp%2Fv2%2Fcategories&post=50585"},{"taxonomy":"post_tag","embeddable":true,"href":"https:\/\/fedai.az\/index.php?rest_route=%2Fwp%2Fv2%2Ftags&post=50585"}],"curies":[{"name":"wp","href":"https:\/\/api.w.org\/{rel}","templated":true}]}}