{"id":50796,"date":"2021-10-12T00:04:43","date_gmt":"2021-10-11T20:04:43","guid":{"rendered":"https:\/\/fedai.az\/?p=50796"},"modified":"2021-10-12T00:04:47","modified_gmt":"2021-10-11T20:04:47","slug":"ilham-%c9%99liyev-qosulmama-h%c9%99r%c9%99katinin-toplantisinda-cixis-edib-tam-m%c9%99tn","status":"publish","type":"post","link":"https:\/\/fedai.az\/?p=50796","title":{"rendered":"\u0130lham \u018fliyev Qo\u015fulmama H\u0259r\u0259kat\u0131n\u0131n toplant\u0131s\u0131nda \u00e7\u0131x\u0131\u015f edib &#8212; TAM M\u018fTN"},"content":{"rendered":"\n<p><strong>Oktyabr\u0131n 11-d\u0259 Serbiyan\u0131n paytaxt\u0131 Belqradda Qo\u015fulmama H\u0259r\u0259kat\u0131n\u0131n 60 illiyin\u0259 h\u0259sr edilmi\u015f Y\u00fcks\u0259k S\u0259viyy\u0259li Toplant\u0131 \u00f6z i\u015fin\u0259 ba\u015flay\u0131b.<\/strong><\/p>\n\n\n\n<p>Az\u0259rbaycan Respublikas\u0131n\u0131n Prezidenti, Qo\u015fulmama H\u0259r\u0259kat\u0131n\u0131n s\u0259dri \u0130lham \u018fliyev t\u0259dbirin r\u0259smi a\u00e7\u0131l\u0131\u015f hiss\u0259sin\u0259 s\u0259drlik edib.<\/p>\n\n\n\n<p>Qo\u015fulmama H\u0259r\u0259kat\u0131 60 illik yubileyini qeyd edir. Az\u0259rbaycan da daxil olmaqla, d\u00fcnyan\u0131n 120 \u00f6lk\u0259si aras\u0131nda s\u0259m\u0259r\u0259li \u0259m\u0259kda\u015fl\u0131q \u0259laq\u0259l\u0259rinin qurulmas\u0131nda v\u0259 inki\u015faf\u0131nda m\u00fch\u00fcm siyasi platforma olan Qo\u015fulmama H\u0259r\u0259kat\u0131 beyn\u0259lxalq al\u0259md\u0259 \u00f6z prinsipl\u0259rin\u0259 ba\u011fl\u0131l\u0131q n\u00fcmayi\u015f etdir\u0259n m\u00fch\u00fcm t\u0259\u015fkilatd\u0131r. Az\u0259rbaycan\u0131n s\u0259drliyi d\u00f6vr\u00fcnd\u0259 bu t\u0259\u015fkilat\u0131n qlobal \u00e7a\u011f\u0131r\u0131\u015flarla m\u00fcbariz\u0259y\u0259 verdiyi t\u00f6hf\u0259 beyn\u0259lxalq miqyasda y\u00fcks\u0259k qiym\u0259tl\u0259ndirilir.<\/p>\n\n\n\n<p>X X X<\/p>\n\n\n\n<p>Az\u0259rbaycan Prezidenti, Qo\u015fulmama H\u0259r\u0259kat\u0131n\u0131n s\u0259dri&nbsp;<strong>\u0130lham \u018fliyev<\/strong>&nbsp;deyib:<\/p>\n\n\n\n<p>-Zati-alil\u0259ri, h\u00f6rm\u0259tli n\u00fcmay\u0259nd\u0259l\u0259r, xan\u0131mlar v\u0259 c\u0259nablar. Qo\u015fulmama H\u0259r\u0259kat\u0131n\u0131n 60-c\u0131 ild\u00f6n\u00fcm\u00fcn\u0259 h\u0259sr olunmu\u015f bu Y\u00fcks\u0259k S\u0259viyy\u0259li Toplant\u0131da sizi Qo\u015fulmama H\u0259r\u0259kat\u0131n\u0131n s\u0259dri, Az\u0259rbaycan v\u0259 Serbiya t\u0259r\u0259find\u0259n t\u0259\u015fkil olunan bu g\u00f6r\u00fc\u015f\u00fcn birg\u0259 ev sahibi qismind\u0259 s\u0259mimi salamlay\u0131ram. Bu g\u00fcn biz tarixi hadis\u0259ni qeyd edirik. \u00c7\u00fcnki 1961-ci ild\u0259 Qo\u015fulmama H\u0259r\u0259kat\u0131na \u00fczv olan \u00f6lk\u0259l\u0259rin d\u00f6vl\u0259t v\u0259 h\u00f6kum\u0259t ba\u015f\u00e7\u0131lar\u0131n\u0131n ilk konfrans\u0131 Belqradda ke\u00e7irilmi\u015fdir. M\u00fczakir\u0259l\u0259r\u0259 ke\u00e7m\u0259mi\u015fd\u0259n \u0259vv\u0259l toplant\u0131n\u0131n g\u00fcnd\u0259liyi q\u0259bul olunmal\u0131d\u0131r. Toplant\u0131n\u0131n \u015f\u0259rti g\u00fcnd\u0259liyi n\u00fcmay\u0259nd\u0259l\u0259r\u0259 paylanm\u0131\u015fd\u0131r. \u018fg\u0259r etiraz yoxdursa g\u00fcnd\u0259liyi q\u0259bul etm\u0259k olar. Bel\u0259 g\u00f6r\u00fcn\u00fcr ki, etiraz yoxdur. Odur ki, toplant\u0131n\u0131n g\u00fcnd\u0259liyi q\u0259bul olunur.<\/p>\n\n\n\n<p>X X X<\/p>\n\n\n\n<p>Sonra d\u00f6vl\u0259t ba\u015f\u00e7\u0131s\u0131 toplant\u0131da videoformatda \u00e7\u0131x\u0131\u015f edib:<\/p>\n\n\n\n<p>-H\u00f6rm\u0259tli Prezident Vu\u00e7i\u00e7.<\/p>\n\n\n\n<p>Xan\u0131mlar v\u0259 c\u0259nablar.<\/p>\n\n\n\n<p>\u0130lk n\u00f6vb\u0259d\u0259, m\u0259n Serbiya Prezidenti c\u0259nab Aleksandar Vu\u00e7i\u00e7\u0259 Qo\u015fulmama H\u0259r\u0259kat\u0131n\u0131n 60 illiyin\u0259 h\u0259sr edilmi\u015f Y\u00fcks\u0259k S\u0259viyy\u0259li Toplant\u0131ya ev sahibliyi etm\u0259sin\u0259 g\u00f6r\u0259 t\u0259\u015f\u0259kk\u00fcr etm\u0259k ist\u0259yir\u0259m. Bu t\u0259\u015f\u0259bb\u00fcs Serbiyan\u0131n \u00f6z\u00fcn\u00fcn tarixi irsin\u0259 v\u0259 Qo\u015fulmama H\u0259r\u0259kat\u0131n\u0131n prinsipl\u0259rin\u0259 sadiqliyini n\u00fcmayi\u015f etdirir.<\/p>\n\n\n\n<p>1961-ci ild\u0259 Belqradda t\u0259sis edildiyi vaxtdan Qo\u015fulmama H\u0259r\u0259kat\u0131 qlobal s\u00fclh, \u0259dal\u0259t v\u0259 h\u0259mr\u0259ylik namin\u0259 h\u0259yata ke\u00e7irdiyi s\u0259yl\u0259r vasit\u0259sil\u0259 beyn\u0259lxalq arenada m\u00fch\u00fcm rol oynam\u0131\u015fd\u0131r.<\/p>\n\n\n\n<p>BMT Ba\u015f Assambleyas\u0131ndan sonra ikinci \u0259n b\u00f6y\u00fck t\u0259sisat olan Qo\u015fulmama H\u0259r\u0259kat\u0131 m\u00fcxt\u0259lif regionlar\u0131 \u0259hat\u0259 ed\u0259r\u0259k f\u0259rqli tarixi, siyasi v\u0259 m\u0259d\u0259ni m\u0259nsubiyy\u0259t\u0259 malik 120 \u00f6lk\u0259ni birl\u0259\u015fdirm\u0259kl\u0259, multilateralizmin h\u0259qiqi n\u00fcmun\u0259si hesab edilir.<\/p>\n\n\n\n<p>Suverenlik v\u0259 \u0259razi b\u00fct\u00f6vl\u00fcy\u00fcn\u0259 h\u00f6rm\u0259t, t\u0259cav\u00fcz aktlar\u0131ndan \u00e7\u0259kinm\u0259, ba\u015fqalar\u0131n\u0131n daxili i\u015fl\u0259rin\u0259 qar\u0131\u015fmama kimi prinsipl\u0259ri \u00f6z\u00fcnd\u0259 ehtiva ed\u0259n tarixi Bandunq prinsipl\u0259ri Qo\u015fulmama H\u0259r\u0259kat\u0131n\u0131n t\u0259m\u0259lind\u0259 dayan\u0131r. Bu prinsipl\u0259r m\u00fcasir beyn\u0259lxalq m\u00fcnasib\u0259tl\u0259rd\u0259 aktual v\u0259 vacib olaraq qal\u0131r. \u018fg\u0259r b\u00fct\u00fcn \u00f6lk\u0259l\u0259r Bandunq prinsipl\u0259rin\u0259 riay\u0259t ets\u0259ydil\u0259r, onda biz d\u00fcnyada m\u00fcharib\u0259l\u0259r v\u0259 m\u00fcnaqi\u015f\u0259l\u0259r g\u00f6rm\u0259zdik.<\/p>\n\n\n\n<p>Zor t\u0259tbiq etm\u0259kl\u0259 d\u00f6vl\u0259tl\u0259rin \u0259razi b\u00fct\u00f6vl\u00fcy\u00fcn\u00fcn pozulmas\u0131 q\u0259tiyy\u0259n q\u0259buledilm\u0259zdir. Az\u0259rbaycan b\u00fct\u00fcn \u00f6lk\u0259l\u0259rin suverenliyi v\u0259 \u0259razi b\u00fct\u00f6vl\u00fcy\u00fc prinsipl\u0259rini tam d\u0259st\u0259kl\u0259yir.<\/p>\n\n\n\n<p>S\u00fclh\u00fcn, t\u0259hl\u00fck\u0259sizliyin, beyn\u0259lxalq h\u00fcququn v\u0259 \u0259dal\u0259tin g\u00fccl\u0259ndirilm\u0259sin\u0259 t\u00f6hf\u0259 verm\u0259k \u00fc\u00e7\u00fcn Az\u0259rbaycan 2011-ci ild\u0259 Qo\u015fulmama H\u0259r\u0259kat\u0131 ail\u0259sin\u0259 qo\u015fulmaq q\u0259rar\u0131na g\u0259ldi. Q\u0131sa m\u00fcdd\u0259t \u0259rzind\u0259 Az\u0259rbaycan H\u0259r\u0259kat\u0131n \u00fczvl\u0259ri aras\u0131nda b\u00f6y\u00fck etimad v\u0259 h\u00f6rm\u0259t qazand\u0131, 2016-c\u0131 ild\u0259 Qo\u015fulmama H\u0259r\u0259kat\u0131n\u0131n liderl\u0259rinin yekdil q\u0259rar\u0131 il\u0259 Az\u0259rbaycan 2019-2022-ci ill\u0259r \u00fc\u00e7\u00fcn Qo\u015fulmama H\u0259r\u0259kat\u0131n\u0131n s\u0259dri se\u00e7ildi.<\/p>\n\n\n\n<p>Qo\u015fulmama H\u0259r\u0259kat\u0131n\u0131n 2019-cu ild\u0259 Bak\u0131da ke\u00e7irilmi\u015f 18-ci Zirv\u0259 Toplant\u0131s\u0131nda m\u0259n vur\u011fulam\u0131\u015fd\u0131m ki, Az\u0259rbaycan s\u0259drliyinin prioritetl\u0259rini v\u0259 f\u0259aliyy\u0259tini Bandunq prinsipl\u0259ri \u0259sas\u0131nda quracaq, \u0259dal\u0259ti v\u0259 beyn\u0259lxalq h\u00fcququn normalar\u0131n\u0131 q\u0259tiyy\u0259tl\u0259 m\u00fcdafi\u0259 ed\u0259c\u0259kdir. Az\u0259rbaycan tamamil\u0259 m\u00fcst\u0259qil daxili v\u0259 xarici siyas\u0259t y\u00fcr\u00fcd\u00fcr, daxili i\u015fl\u0259rin\u0259 b\u00fct\u00fcn m\u00fcdaxil\u0259 c\u0259hdl\u0259rini effektiv \u015f\u0259kild\u0259 neytralla\u015fd\u0131r\u0131r.<\/p>\n\n\n\n<p>D\u00fcnya 2020-ci ilin \u0259vv\u0259lind\u0259 COVID-19 pandemiyas\u0131na m\u0259ruz qald\u0131\u011f\u0131 d\u00f6vrd\u0259 Az\u0259rbaycan H\u0259r\u0259katda s\u0259drliyin\u0259 m\u0259suliyy\u0259tl\u0259 yana\u015fm\u0131\u015f v\u0259 pandemiya n\u0259tic\u0259sind\u0259 yaranm\u0131\u015f t\u0259hdidl\u0259r\u0259 vaxt\u0131nda v\u0259 adekvat cavab verilm\u0259si \u00fc\u00e7\u00fcn ciddi s\u0259yl\u0259r g\u00f6st\u0259rmi\u015fdir. Az\u0259rbaycan pandemiya il\u0259 m\u00fcbariz\u0259d\u0259 qlobal s\u0259yl\u0259rin s\u0259f\u0259rb\u0259r edilm\u0259si \u00fc\u00e7\u00fcn bir s\u0131ra t\u0259\u015f\u0259bb\u00fcsl\u0259r ir\u0259li s\u00fcr\u00fcb. Biz 2020-ci ilin may ay\u0131nda Qo\u015fulmama H\u0259r\u0259kat\u0131n\u0131n d\u00f6vl\u0259t v\u0259 h\u00f6kum\u0259t ba\u015f\u00e7\u0131lar\u0131 s\u0259viyy\u0259sind\u0259 onlayn Zirv\u0259 Toplant\u0131s\u0131n\u0131n ke\u00e7irilm\u0259si t\u0259\u015f\u0259bb\u00fcs\u00fcn\u00fc ir\u0259li s\u00fcrm\u00fc\u015f v\u0259 onu t\u0259\u015fkil etmi\u015fik. Zirv\u0259 Toplant\u0131s\u0131n\u0131n praktiki n\u0259tic\u0259si olaraq Qo\u015fulmama H\u0259r\u0259kat\u0131na \u00fczv d\u00f6vl\u0259tl\u0259rin \u0259sas humanitar v\u0259 tibbi ehtiyaclar\u0131n\u0131 \u0259hat\u0259 ed\u0259n m\u0259lumat bazas\u0131 yarad\u0131lm\u0131\u015fd\u0131r. \u00dcmumd\u00fcnya S\u0259hiyy\u0259 T\u0259\u015fkilat\u0131 pandemiya il\u0259 m\u00fcbariz\u0259d\u0259 Qo\u015fulmama H\u0259r\u0259kat\u0131na \u00fczv d\u00f6vl\u0259tl\u0259rin m\u00f6vcud ehtiyaclar\u0131n\u0131n t\u0259min edilm\u0259si \u00fc\u00e7\u00fcn h\u0259min m\u0259lumat bazas\u0131ndan istinad m\u0259nb\u0259yi kimi istifad\u0259 edir.<\/p>\n\n\n\n<p>Bundan \u0259lav\u0259, Zirv\u0259 Toplant\u0131s\u0131ndak\u0131 t\u0259klifim\u0259 \u0259sas\u0259n, \u2013 bu t\u0259klif daha sonra 150-d\u0259n art\u0131q \u00f6lk\u0259nin d\u0259st\u0259yini alm\u0131\u015fd\u0131r, &#8212; 2020-ci ilin dekabr ay\u0131nda BMT Ba\u015f Assambleyas\u0131n\u0131n koronavirusla m\u00fcbariz\u0259y\u0259 h\u0259sr edilmi\u015f, d\u00f6vl\u0259t v\u0259 h\u00f6kum\u0259t ba\u015f\u00e7\u0131lar\u0131 s\u0259viyy\u0259sind\u0259 X\u00fcsusi Sessiyas\u0131 t\u0259\u015fkil olunmu\u015fdur. Az\u0259rbaycan, h\u0259m\u00e7inin \u00dcmumd\u00fcnya S\u0259hiyy\u0259 T\u0259\u015fkilat\u0131na 10 milyon AB\u015e dollar\u0131 h\u0259cmind\u0259 k\u00f6n\u00fcll\u00fc maliyy\u0259 t\u00f6hf\u0259si etmi\u015fdir ki, onun yar\u0131s\u0131 Qo\u015fulmama H\u0259r\u0259kat\u0131n\u0131n \u00fczvl\u0259rin\u0259 birba\u015fa yard\u0131m idi. Bununla yana\u015f\u0131, koronavirusa qar\u015f\u0131 m\u00fcbariz\u0259l\u0259rini d\u0259st\u0259kl\u0259m\u0259k \u00fc\u00e7\u00fcn biz Qo\u015fulmama H\u0259r\u0259kat\u0131n\u0131n \u00fczvl\u0259ri daxil olmaqla, 30-dan art\u0131q \u00f6lk\u0259y\u0259 humanitar v\u0259 maliyy\u0259 yard\u0131m\u0131 g\u00f6st\u0259rmi\u015fik. Az\u0259rbaycan t\u0259m\u0259nnas\u0131z olaraq d\u00f6rd \u00f6lk\u0259y\u0259 150 min doza peyv\u0259nd ian\u0259 etmi\u015fdir.<\/p>\n\n\n\n<p>Az\u0259rbaycan \u201cpeyv\u0259nd mill\u0259t\u00e7iliyi\u201dn\u0259 v\u0259 peyv\u0259ndl\u0259rin z\u0259ngin \u00f6lk\u0259l\u0259r t\u0259r\u0259find\u0259n \u00f6z ehtiyaclar\u0131ndan daha art\u0131q miqdarda al\u0131nmas\u0131na qar\u015f\u0131 naraz\u0131l\u0131\u011f\u0131n\u0131 a\u00e7\u0131q \u015f\u0259kild\u0259 ifad\u0259 etm\u0259kd\u0259dir. Bel\u0259 h\u0259r\u0259k\u0259tl\u0259r Qo\u015fulmama H\u0259r\u0259kat\u0131na \u00fczv \u00f6lk\u0259l\u0259ri \u00f6z \u0259halisini qorumaq imkan\u0131ndan m\u0259hrum edir. Peyv\u0259ndl\u0259r\u0259 \u00e7\u0131x\u0131\u015f sah\u0259sind\u0259 f\u0259rq \u00e7ox b\u00f6y\u00fckd\u00fcr. Beyn\u0259lxalq hesabatlara \u0259sas\u0259n, d\u00fcnyada m\u00f6vcud olan peyv\u0259nd dozalar\u0131n\u0131n 75 faizi 10 z\u0259ngin \u00f6lk\u0259 t\u0259r\u0259find\u0259n al\u0131nd\u0131\u011f\u0131 halda, a\u015fa\u011f\u0131 g\u0259lirli \u00f6lk\u0259l\u0259rd\u0259 is\u0259 peyv\u0259ndl\u0259nm\u0259 2 faizd\u0259n azd\u0131r.<\/p>\n\n\n\n<p>Cari ilin mart ay\u0131nda Az\u0259rbaycan\u0131n t\u0259\u015f\u0259bb\u00fcs\u00fc \u0259sas\u0131nda BMT-nin \u0130nsan H\u00fcquqlar\u0131 \u015euras\u0131nda Qo\u015fulmama H\u0259r\u0259kat\u0131 ad\u0131ndan peyv\u0259ndl\u0259r\u0259 b\u0259rab\u0259r v\u0259 universal \u00e7\u0131x\u0131\u015f\u0131n t\u0259min edilm\u0259sin\u0259 dair q\u0259tnam\u0259 q\u0259bul edilib. BMT Ba\u015f Assambleyas\u0131n\u0131n cari sessiyas\u0131 \u00e7\u0259r\u00e7iv\u0259sind\u0259 d\u0259 Az\u0259rbaycan eyni m\u00f6vzuda q\u0259tnam\u0259 layih\u0259sini ir\u0259li s\u00fcrm\u0259yi planla\u015fd\u0131r\u0131r v\u0259 biz sizin d\u0259st\u0259yiniz\u0259 arxalan\u0131r\u0131q.<\/p>\n\n\n\n<p>Xan\u0131mlar v\u0259 c\u0259nablar. T\u0259\u0259ss\u00fcfl\u0259r olsun ki, beyn\u0259lxalq h\u00fcququn normalar\u0131 v\u0259 beyn\u0259lxalq t\u0259\u015fkilatlar\u0131n q\u0259rarlar\u0131 il\u0259 ba\u011fl\u0131 ikili standartlar v\u0259 selektiv yana\u015fman\u0131n t\u0259tbiqi d\u00fcnyada m\u00fcnaqi\u015f\u0259l\u0259rin \u0259dal\u0259tli h\u0259llin\u0259 m\u0259nfi t\u0259sir g\u00f6st\u0259rir. Az\u0259rbaycan da son 30 il \u0259rzind\u0259 bel\u0259 selektiv yana\u015fmaya m\u0259ruz qal\u0131b.<\/p>\n\n\n\n<p>Beyn\u0259lxalq m\u00fcnasib\u0259tl\u0259rd\u0259 t\u00fc\u011fyan ed\u0259n ikili standartlardan istifad\u0259 ed\u0259n Erm\u0259nistan beyn\u0259lxalq h\u00fcququn norma v\u0259 prinsipl\u0259rini kobud \u015f\u0259kild\u0259 pozaraq t\u0259qrib\u0259n 30 il \u0259rzind\u0259 Az\u0259rbaycan \u0259razil\u0259rinin 20 faizini i\u015f\u011fal alt\u0131nda saxlaya bildi. H\u0259m \u00f6z \u0259razisind\u0259, h\u0259m d\u0259 i\u015f\u011fal etdiyi Az\u0259rbaycan torpaqlar\u0131nda az\u0259rbaycanl\u0131lara qar\u015f\u0131 etnik t\u0259mizl\u0259m\u0259 h\u0259yata ke\u00e7irdi. 1992-ci ilin fevral\u0131nda Xocal\u0131 soyq\u0131r\u0131m\u0131n\u0131 t\u00f6r\u0259d\u0259r\u0259k y\u00fczl\u0259rl\u0259 m\u00fclki \u015f\u0259xsi, o c\u00fcml\u0259d\u0259n 106 qad\u0131n v\u0259 63 u\u015fa\u011f\u0131 q\u0259tl\u0259 yetirdi. Bir milyondan art\u0131q az\u0259rbaycanl\u0131 qa\u00e7q\u0131n v\u0259 m\u0259cburi k\u00f6\u00e7k\u00fcn\u00fcn do\u011fma evl\u0259rin\u0259 qay\u0131tmaq h\u00fcququ da daxil olmaqla, \u0259sas insan h\u00fcquqlar\u0131n\u0131 pozdu.<\/p>\n\n\n\n<p>Lakin h\u0259rbi t\u0259cav\u00fcz\u0259 v\u0259 1993-c\u00fc ild\u0259 BMT T\u0259hl\u00fck\u0259sizlik \u015euras\u0131 t\u0259r\u0259find\u0259n q\u0259bul edil\u0259n v\u0259 Erm\u0259nistan qo\u015funlar\u0131n\u0131n Az\u0259rbaycan\u0131n i\u015f\u011fal edilmi\u015f \u0259razil\u0259rind\u0259n d\u0259rhal, tam v\u0259 qeyd-\u015f\u0259rtsiz \u00e7\u0131xar\u0131lmas\u0131n\u0131 t\u0259l\u0259b ed\u0259n d\u00f6rd q\u0259tnam\u0259nin icras\u0131ndan imtina etm\u0259sin\u0259 baxmayaraq, Erm\u0259nistana qar\u015f\u0131 sanksiyalar t\u0259tbiq edilm\u0259di. T\u0259cav\u00fczkar d\u00f6vl\u0259tl\u0259 i\u015f\u011fala m\u0259ruz qalan d\u00f6vl\u0259t aras\u0131nda f\u0259rq qoyulmad\u0131. \u018fksin\u0259, Erm\u0259nistan i\u015f\u011fal\u0131 m\u00f6hk\u0259ml\u0259ndirir, h\u0259rbi cinay\u0259tl\u0259r t\u00f6r\u0259dir, qanunsuz m\u0259skunla\u015fd\u0131rma v\u0259 t\u0259bii s\u0259rv\u0259tl\u0259rimizin qeyri-qanuni istismar\u0131n\u0131 h\u0259yata ke\u00e7irir, Az\u0259rbaycan xalq\u0131n\u0131n m\u0259d\u0259ni v\u0259 dini irsini m\u0259hv edirdi.<\/p>\n\n\n\n<p>C\u0259zas\u0131zl\u0131qdan h\u0259v\u0259sl\u0259n\u0259n Erm\u0259nistan daha da ir\u0259liy\u0259 ged\u0259r\u0259k Az\u0259rbaycan\u0131 yeni torpaqlar u\u011frunda yeni m\u00fcharib\u0259 il\u0259 h\u0259d\u0259l\u0259yir, d\u00f6vl\u0259t s\u0259rh\u0259di v\u0259 ke\u00e7mi\u015f t\u0259mas x\u0259tti boyu h\u0259rbi t\u0259xribatlara \u0259l at\u0131rd\u0131.<\/p>\n\n\n\n<p>2020-ci il sentyabr\u0131n 27-d\u0259 Erm\u0259nistan Az\u0259rbaycana qar\u015f\u0131 geni\u015fmiqyasl\u0131 h\u0259rbi h\u00fccum t\u00f6r\u0259tdi. Buna cavab olaraq, Az\u0259rbaycan Ordusu \u00f6z \u0259razimizd\u0259 \u0259ks-h\u00fccum \u0259m\u0259liyyat\u0131na ba\u015flad\u0131 v\u0259 i\u015f\u011fal olunmu\u015f torpaqlar\u0131m\u0131z\u0131 azad etdi.<\/p>\n\n\n\n<p>44 g\u00fcnl\u00fck V\u0259t\u0259n m\u00fcharib\u0259si n\u0259tic\u0259sind\u0259 tamamil\u0259 m\u0259\u011flub edilmi\u015f Erm\u0259nistan 2020-ci il noyabr\u0131n 10-da kapitulyasiya akt\u0131n\u0131 imzalama\u011fa m\u0259cbur oldu. Az\u0259rbaycan \u00f6z\u00fc BMT T\u0259hl\u00fck\u0259sizlik \u015euras\u0131n\u0131n yuxar\u0131da qeyd etdiyim q\u0259tnam\u0259l\u0259rinin icras\u0131n\u0131 t\u0259min etdi, 30 illik m\u00fcnaqi\u015f\u0259y\u0259 son qoydu v\u0259 h\u0259rbi-siyasi yollarla \u0259razi b\u00fct\u00f6vl\u00fcy\u00fcn\u00fc v\u0259 tarixi \u0259dal\u0259ti b\u0259rpa etdi. Da\u011fl\u0131q Qaraba\u011f m\u00fcnaqi\u015f\u0259si ke\u00e7mi\u015fd\u0259 qald\u0131.<\/p>\n\n\n\n<p>Qo\u015fulmama H\u0259r\u0259kat\u0131na \u00fczv d\u00f6vl\u0259tl\u0259r t\u0259r\u0259find\u0259n Az\u0259rbaycan\u0131n \u0259razi b\u00fct\u00f6vl\u00fcy\u00fc v\u0259 suverenliyinin daim d\u0259st\u0259kl\u0259nm\u0259sini y\u00fcks\u0259k qiym\u0259tl\u0259ndirdiyimizi vur\u011fulamaq ist\u0259rdik. V\u0259t\u0259n m\u00fcharib\u0259si zaman\u0131 BMT T\u0259hl\u00fck\u0259sizlik \u015euras\u0131n\u0131n qeyri-daimi \u00fczvl\u0259ri olan Qo\u015fulmama H\u0259r\u0259kat\u0131n\u0131n yeddi \u00f6lk\u0259sinin biz\u0259 verdiyi d\u0259st\u0259k olduqca d\u0259y\u0259rlidir. Onlar BMT T\u0259hl\u00fck\u0259sizlik \u015euras\u0131n\u0131n 1993-c\u00fc ild\u0259 q\u0259bul etdiyi q\u0259tnam\u0259l\u0259rin\u0259 istinad\u0131n edilm\u0259diyi birt\u0259r\u0259fli m\u0259tbuat a\u00e7\u0131qlamas\u0131n\u0131n q\u0259bul edilm\u0259sin\u0259 imkan verm\u0259dil\u0259r. Bununla da, h\u0259min \u00f6lk\u0259l\u0259r Qo\u015fulmama H\u0259r\u0259kat\u0131n\u0131n s\u0259n\u0259dl\u0259rind\u0259n qaynaqlanan H\u0259r\u0259kat\u0131n prinsipial m\u00f6vqeyin\u0259 m\u00f6hk\u0259m sadiqliyini n\u00fcmayi\u015f etdirdil\u0259r.<\/p>\n\n\n\n<p>\u0130\u015f\u011fal d\u00f6vr\u00fcnd\u0259 Erm\u0259nistan Az\u0259rbaycan\u0131n i\u015f\u011fal olunmu\u015f \u0259razil\u0259rind\u0259 q\u0259sd\u0259n \u015f\u0259h\u0259r v\u0259 k\u0259ndl\u0259ri da\u011f\u0131tm\u0131\u015f, b\u00fct\u00fcn m\u0259d\u0259ni v\u0259 dini abid\u0259l\u0259ri m\u0259hv etmi\u015fdir. Erm\u0259nistan\u0131n m\u0259qs\u0259di h\u0259min \u0259razil\u0259rd\u0259 \u0259srl\u0259r boyu ya\u015fam\u0131\u015f Az\u0259rbaycan xalq\u0131n\u0131n izini silm\u0259k idi.<\/p>\n\n\n\n<p>Xan\u0131mlar v\u0259 c\u0259nablar. Bu il H\u0259r\u0259kata \u00fczv olan d\u00f6vl\u0259tl\u0259r yekdillikl\u0259 Az\u0259rbaycan\u0131n s\u0259drlik m\u00fcdd\u0259tinin daha bir il &#8212; 2023-c\u00fc ilin sonuna q\u0259d\u0259r uzad\u0131lmas\u0131 bar\u0259d\u0259 q\u0259rar vermi\u015fl\u0259r. Biz bunu Az\u0259rbaycan\u0131n H\u0259r\u0259kata u\u011furlu v\u0259 s\u0259m\u0259r\u0259li s\u0259drliyin\u0259 veril\u0259n qiym\u0259tin \u0259lam\u0259ti kimi y\u00fcks\u0259k d\u0259y\u0259rl\u0259ndiririk. Az\u0259rbaycan Qo\u015fulmama H\u0259r\u0259kat\u0131 \u00e7\u0259r\u00e7iv\u0259sind\u0259 h\u0259mr\u0259yliyin bundan sonra da m\u00f6hk\u0259ml\u0259ndirilm\u0259si v\u0259 H\u0259r\u0259kat\u0131n siyasi \u00e7\u0259kisinin v\u0259 qlobal n\u00fcfuzunun art\u0131r\u0131lmas\u0131 istiqam\u0259tind\u0259 f\u0259aliyy\u0259tin\u0259 davam ed\u0259c\u0259k.<\/p>\n\n\n\n<p>Biz COVID-19-dan sonrak\u0131 d\u00f6vr \u00fc\u00e7\u00fcn fikir m\u00fcbadil\u0259sinin apar\u0131lmas\u0131 v\u0259 H\u0259r\u0259kat\u0131n m\u00f6vqeyinin formala\u015fd\u0131r\u0131lmas\u0131 m\u0259qs\u0259dil\u0259 Qo\u015fulmama H\u0259r\u0259kat\u0131na \u00fczv d\u00f6vl\u0259tl\u0259rin y\u00fcks\u0259k s\u0259viyy\u0259li iclas\u0131n\u0131n ke\u00e7irilm\u0259sini t\u0259klif etmi\u015fik.<\/p>\n\n\n\n<p>BMT-nin COVID-19-dan sonra Qlobal B\u0259rpa \u00fczr\u0259 Y\u00fcks\u0259k S\u0259viyy\u0259li Panelinin yarad\u0131lmas\u0131 t\u0259klifinin Qo\u015fulmama H\u0259r\u0259kat\u0131 t\u0259r\u0259find\u0259n t\u0259\u015fviq edilm\u0259si m\u0259qs\u0259d\u0259uy\u011fun olard\u0131.<\/p>\n\n\n\n<p>Az\u0259rbaycan Qo\u015fulmama H\u0259r\u0259kat\u0131na \u00fczv d\u00f6vl\u0259tl\u0259rin parlamentaril\u0259ri aras\u0131nda \u0259m\u0259kda\u015fl\u0131\u011f\u0131n inki\u015faf\u0131 il\u0259 ba\u011fl\u0131 add\u0131mlar at\u0131r. Bir h\u0259ft\u0259 bundan \u0259vv\u0259l Az\u0259rbaycan s\u0259dr kimi Qo\u015fulmama H\u0259r\u0259kat\u0131n\u0131n G\u0259ncl\u0259r \u015e\u0259b\u0259k\u0259sinin t\u0259sis iclas\u0131n\u0131 ke\u00e7irdi. M\u0259n t\u0259klif edir\u0259m ki, Qo\u015fulmama H\u0259r\u0259kat\u0131na \u00fczv d\u00f6vl\u0259tl\u0259r art\u0131q t\u0259sisatlanma ideyas\u0131 \u00fcz\u0259rind\u0259 d\u00fc\u015f\u00fcns\u00fcnl\u0259r. Az\u0259rbaycan s\u0259dr qismind\u0259 m\u0259sl\u0259h\u0259tl\u0259\u015fm\u0259l\u0259r apararaq, H\u0259r\u0259kata \u00fczv d\u00f6vl\u0259tl\u0259rin bununla ba\u011fl\u0131 m\u00f6vqeyini \u00f6yr\u0259n\u0259c\u0259kdir.<\/p>\n\n\n\n<p>Sonda sizi \u0259min etm\u0259k ist\u0259yir\u0259m ki, Qo\u015fulmama H\u0259r\u0259kat\u0131n\u0131n s\u0259dri kimi Az\u0259rbaycan beyn\u0259lxalq m\u00fcnasib\u0259tl\u0259rd\u0259ki qlobal \u00e7a\u011f\u0131r\u0131\u015flar\u0131n h\u0259lli istiqam\u0259tind\u0259 H\u0259r\u0259kat\u0131n rolunun daha da g\u00fccl\u0259ndirilm\u0259si, habel\u0259 \u0259dal\u0259tin, beyn\u0259lxalq h\u00fcququn v\u0259 Qo\u015fulmama H\u0259r\u0259kat\u0131na \u00fczv d\u00f6vl\u0259tl\u0259rin legitim maraqlar\u0131n\u0131n m\u00fcdafi\u0259si istiqam\u0259tind\u0259 s\u0259yl\u0259rini \u0259sirg\u0259m\u0259y\u0259c\u0259kdir.<\/p>\n\n\n\n<p>Diqq\u0259tiniz\u0259 g\u00f6r\u0259 sa\u011f olun.<\/p>\n\n\n\n<p>X X X<\/p>\n\n\n\n<p><strong>Prezident \u0130lham \u018fliyev:<\/strong>&nbsp;\u0130ndi is\u0259 toplant\u0131n\u0131n i\u015ftirak\u00e7\u0131lar\u0131na m\u00fcraci\u0259t etm\u0259k \u00fc\u00e7\u00fcn s\u00f6z\u00fc t\u0259dbirin birg\u0259 ev sahibi, m\u0259nim \u0259ziz dostum, Serbiya Respublikas\u0131n\u0131n Prezidenti, Zati-Alil\u0259ri c\u0259nab Aleksandr Vu\u00e7i\u00e7\u0259 verm\u0259kd\u0259n \u015f\u0259r\u0259f hissi duyuram. Buyurun, c\u0259nab Prezident.<\/p>\n\n\n\n<p><strong>Serbiya Prezidenti Aleksandr Vu\u00e7i\u00e7:<\/strong>&nbsp;\u018fziz dost, c\u0259nab \u018fliyev.<\/p>\n\n\n\n<p>\u00c7\u0131x\u0131\u015f\u0131n\u0131za g\u00f6r\u0259, bu m\u00f6ht\u0259\u015f\u0259m toplant\u0131n\u0131n t\u0259\u015fkilat\u00e7\u0131l\u0131\u011f\u0131nda i\u015ftirak\u0131n\u0131za g\u00f6r\u0259 Siz\u0259 t\u0259\u015f\u0259kk\u00fcr edir\u0259m. Bu i\u015f\u0259 verdiyiniz t\u00f6hf\u0259y\u0259 g\u00f6r\u0259 siz\u0259 minn\u0259tdaram.<\/p>\n\n\n\n<p>Serbiya Prezidenti bu t\u0259\u015fkilat\u0131n yarad\u0131lmas\u0131 ideyas\u0131n\u0131n s\u00fclh\u0259 \u0259sasland\u0131\u011f\u0131n\u0131 bildirdi. O, siyas\u0259td\u0259, m\u0259d\u0259niyy\u0259td\u0259 v\u0259 ya iqtisadiyyatda \u0259m\u0259kda\u015fl\u0131\u011f\u0131n inki\u015faf\u0131 \u00fc\u00e7\u00fcn s\u00fclh\u00fcn t\u0259m\u0259l prinsipi rolunu oynad\u0131\u011f\u0131n\u0131 diqq\u0259t\u0259 \u00e7atd\u0131rd\u0131.<\/p>\n\n\n\n<p>Aleksandr Vu\u00e7i\u00e7 bu t\u0259dbir\u0259 verdiyi d\u0259st\u0259y\u0259 g\u00f6r\u0259 bir daha Az\u0259rbaycan Prezidentin\u0259 t\u0259\u015f\u0259kk\u00fcr ed\u0259r\u0259k dedi: T\u0259\u015f\u0259kk\u00fcr edir\u0259m, m\u0259nim \u0259ziz dostum \u0130lham \u018fliyev. Bu g\u00fcn burada biziml\u0259 birlikd\u0259 olmad\u0131\u011f\u0131n\u0131za g\u00f6r\u0259 h\u0259qiq\u0259t\u0259n t\u0259\u0259ss\u00fcfl\u0259nir\u0259m. Az\u0259rbaycana \u0259n xo\u015f salamlar\u0131m\u0131 \u00e7atd\u0131r\u0131ram. Bir daha \u00e7ox sa\u011f olun.<\/p>\n\n\n\n<p><strong>Prezident \u0130lham \u018fliyev:<\/strong>&nbsp;\u00c7ox sa\u011f olun, m\u0259nim \u0259ziz dostum c\u0259nab Prezident Vu\u00e7i\u00e7. M\u0259n d\u0259 Sizinl\u0259 birlikd\u0259 olmad\u0131\u011f\u0131ma t\u0259\u0259ss\u00fcfl\u0259nir\u0259m. Lakin hesab edir\u0259m ki, m\u0259saf\u0259 bizim dostlu\u011fumuz, bizim h\u0259mr\u0259yliyimiz \u00fc\u00e7\u00fcn mane\u0259 deyil. Bel\u0259 bir toplant\u0131n\u0131n t\u0259\u015fkil edilm\u0259si v\u0259 bu t\u0259dbirin m\u00fck\u0259mm\u0259l t\u0259\u015fkilat\u00e7\u0131l\u0131\u011f\u0131na g\u00f6r\u0259, m\u00f6ht\u0259\u015f\u0259m bir t\u0259\u015f\u0259bb\u00fcs\u00fc ir\u0259li s\u00fcrd\u00fcy\u00fcn\u00fcz \u00fc\u00e7\u00fcn Siz\u0259 \u015f\u0259xs\u0259n bir daha t\u0259\u015f\u0259kk\u00fcr\u00fcm\u00fc bildirm\u0259k ist\u0259yir\u0259m. \u00c7ox parlaq \u00e7\u0131x\u0131\u015f\u0131n\u0131za g\u00f6r\u0259 t\u0259\u015f\u0259kk\u00fcr edir\u0259m, liderliyiniz \u00fc\u00e7\u00fcn t\u0259\u015f\u0259kk\u00fcr edir\u0259m. Tezlikl\u0259 Sizi \u015f\u0259xs\u0259n g\u00f6r\u0259c\u0259yim\u0259 \u00fcmid edir\u0259m.<\/p>\n\n\n\n<p>\u0130ndi is\u0259 \u00e7\u0131x\u0131\u015f \u00fc\u00e7\u00fcn zati-alil\u0259ri, BMT Ba\u015f Assambleyas\u0131n\u0131n 76-c\u0131 sessiyas\u0131n\u0131n prezidenti c\u0259nab Abdulla \u015eahidi d\u0259v\u0259t edir\u0259m. Buyurun.<\/p>\n\n\n\n<p><strong>Abdulla \u015eahid:<\/strong>&nbsp;Bismillahir R\u0259hmanir-R\u0259him. Serbiya Respublikas\u0131n\u0131n Prezidenti Zati-Alil\u0259ri c\u0259nab Vu\u00e7i\u00e7, Az\u0259rbaycan Respublikas\u0131n\u0131n Prezidenti Zati-Alil\u0259ri c\u0259nab \u0130lham \u018fliyev.<\/p>\n\n\n\n<p>Zati-alil\u0259ri, xan\u0131mlar v\u0259 c\u0259nablar.<\/p>\n\n\n\n<p>Qo\u015fulmama H\u0259r\u0259kat\u0131n\u0131n 60-c\u0131 ild\u00f6n\u00fcm\u00fcn\u00fc qeyd etm\u0259k \u00fc\u00e7\u00fcn sizinl\u0259 birg\u0259 olmaq m\u0259nim \u00fc\u00e7\u00fcn h\u0259qiq\u0259t\u0259n d\u0259 \u015f\u0259r\u0259fdir. M\u0259n Serbiya v\u0259 Az\u0259rbaycan h\u00f6kum\u0259tl\u0259rini bu toplant\u0131ya birg\u0259 ev sahibliyi etdiyi \u00fc\u00e7\u00fcn t\u0259qdir edir\u0259m. M\u0259n, h\u0259m\u00e7inin \u00e7ox \u00e7\u0259tin d\u00f6vrd\u0259 Qo\u015fulmama H\u0259r\u0259kat\u0131na s\u0259drlik ed\u0259n Az\u0259rbaycan Respublikas\u0131n\u0131n liderliyini x\u00fcsusi olaraq vur\u011fulay\u0131ram.<\/p>\n\n\n\n<p>Abdulla \u015eahid Qo\u015fulmama H\u0259r\u0259kat\u0131n\u0131n d\u00fcnyada s\u00fclh\u00fc, \u0259m\u0259kda\u015fl\u0131\u011f\u0131 v\u0259 dostlu\u011fu t\u0259\u015fviq etdiyini vur\u011fulad\u0131.<\/p>\n\n\n\n<p>Az\u0259rbaycan\u0131n t\u0259\u015f\u0259bb\u00fcs\u00fc il\u0259 ke\u00e7iril\u0259n BMT Ba\u015f Assambleyas\u0131n\u0131n koronavirusla m\u00fcbariz\u0259y\u0259 h\u0259sr edilmi\u015f x\u00fcsusi sessiyas\u0131n\u0131n \u0259h\u0259miyy\u0259tind\u0259n dan\u0131\u015fan Abdulla \u015eahid dedi: Bu s\u0259yl\u0259r 2020-ci ilin dekabr ay\u0131nda Qo\u015fulmama H\u0259r\u0259kat\u0131na \u00fczv olan \u00f6lk\u0259l\u0259r t\u0259r\u0259find\u0259n ir\u0259li s\u00fcr\u00fclm\u00fc\u015f Ba\u015f Assambleyan\u0131n COVID-19-a h\u0259sr olunmu\u015f x\u00fcsusi sessiyas\u0131 zaman\u0131 \u00e7ox yax\u015f\u0131 n\u00fcmayi\u015f etdirilmi\u015fdi. X\u00fcsusi sessiyada pandemiyaya qar\u015f\u0131 beyn\u0259lxalq s\u0259viyy\u0259d\u0259 \u0259laq\u0259l\u0259ndirilmi\u015f cavab t\u0259dbirl\u0259rinin g\u00f6r\u00fclm\u0259si \u00fc\u00e7\u00fcn g\u00fccl\u00fc \u00e7a\u011f\u0131r\u0131\u015f edildi v\u0259 t\u0259cr\u00fcb\u0259ni payla\u015fmaq \u00fc\u00e7\u00fcn nadir bir imkan t\u0259min olundu. Qo\u015fulmama H\u0259r\u0259kat\u0131n\u0131n COVID-19-a qar\u015f\u0131 \u00e7oxt\u0259r\u0259fli yana\u015fmaya d\u0259st\u0259yi BMT Ba\u015f Assambleyas\u0131n\u0131n 76-c\u0131 sessiyas\u0131 il\u0259 ba\u011fl\u0131 m\u0259nim bax\u0131\u015f\u0131mla \u00fcst-\u00fcst\u0259 d\u00fc\u015f\u00fcr.<\/p>\n\n\n\n<p>BMT Ba\u015f Assambleyas\u0131n\u0131n 76-c\u0131 sessiyas\u0131n\u0131n prezidenti Abdulla \u015eahid daha sonra Az\u0259rbaycan\u0131n Qo\u015fulmama H\u0259r\u0259kat\u0131na s\u0259drliyinin \u0259h\u0259miyy\u0259tini vur\u011fulayaraq dedi: \u0130caz\u0259 verin Qo\u015fulmama H\u0259r\u0259kat\u0131na s\u0259drliyi d\u00f6vr\u00fcnd\u0259 Az\u0259rbaycan H\u00f6kum\u0259tini g\u0259ncl\u0259r\u0259 x\u00fcsusi diqq\u0259t yetirdiyi, x\u00fcsus\u0259n d\u0259 Qo\u015fulmama H\u0259r\u0259kat\u0131n\u0131n G\u0259ncl\u0259r \u015e\u0259b\u0259k\u0259sini v\u0259 Qo\u015fulmama H\u0259r\u0259kat\u0131n\u0131n Modul Simulyasiya T\u0259limini yaratd\u0131\u011f\u0131 \u00fc\u00e7\u00fcn alq\u0131\u015flay\u0131m. Ba\u015f Assambleyan\u0131n prezidenti olaraq g\u0259ncl\u0259rin inki\u015faf\u0131 v\u0259 gender b\u0259rab\u0259rliyi m\u0259s\u0259l\u0259l\u0259ri m\u0259nim \u00fc\u00e7\u00fcn d\u0259 prioritetdir.<\/p>\n\n\n\n<p><strong>Prezident \u0130lham \u018fliyev:<\/strong>&nbsp;\u00c7\u0131x\u0131\u015f\u0131na g\u00f6r\u0259 BMT Ba\u015f Assambleyas\u0131n\u0131n prezidentin\u0259 t\u0259\u015f\u0259kk\u00fcr edir\u0259m.<\/p>\n\n\n\n<p>\u0130ndi is\u0259 Birl\u0259\u015fmi\u015f Mill\u0259tl\u0259r T\u0259\u015fkilat\u0131n\u0131n Ba\u015f katibi Zati-Alil\u0259ri Antonio Qutere\u015fin toplant\u0131 i\u015ftirak\u00e7\u0131lar\u0131na \u00fcnvanlanm\u0131\u015f v\u0259 \u0259vv\u0259lc\u0259d\u0259n yaz\u0131lm\u0131\u015f videom\u00fcraci\u0259tini t\u0259qdim etm\u0259k \u00fc\u00e7\u00fcn s\u00f6z\u00fc Birl\u0259\u015fmi\u015f Mill\u0259tl\u0259r T\u0259\u015fkilat\u0131n\u0131n ba\u015f katibinin m\u00fcavini Zati-Alil\u0259ri Miroslav Yen\u00e7ay\u0259 verm\u0259kd\u0259n \u015f\u0259r\u0259f hissi duyuram.<\/p>\n\n\n\n<p>Miroslav Yen\u00e7a t\u0259dbirin m\u00fck\u0259mm\u0259l t\u0259\u015fkilin\u0259 v\u0259 g\u00f6st\u0259ril\u0259n qonaqp\u0259rv\u0259rliy\u0259 g\u00f6r\u0259 Az\u0259rbaycana v\u0259 Serbiyaya minn\u0259tdarl\u0131\u011f\u0131n\u0131 bildirdi.<\/p>\n\n\n\n<p>BMT-nin Ba\u015f katibi Antonio Quttere\u015f is\u0259 videom\u00fcraci\u0259tind\u0259 qeyd etdi ki, Qo\u015fulmama H\u0259r\u0259kat\u0131 BMT-y\u0259 \u00fczv \u00f6lk\u0259l\u0259rin \u00fc\u00e7d\u0259ikisini birl\u0259\u015fdirir v\u0259 t\u0259\u015fkilat d\u00fcnyada s\u00fclh v\u0259 t\u0259hl\u00fck\u0259sizliyin t\u0259min olunmas\u0131nda m\u00fch\u00fcm rol oynay\u0131r.<\/p>\n\n\n\n<p>B\u00fct\u00fcn \u00f6lk\u0259l\u0259rin \u0259halisinin t\u0259cili olaraq peyvendl\u0259nm\u0259sinin \u0259h\u0259miyy\u0259tini qeyd ed\u0259n Ba\u015f katib x\u00fcsusil\u0259 \u201cB\u00f6y\u00fck \u0130yirmilik\u201d \u00f6lk\u0259l\u0259rinin s\u0259yl\u0259ri s\u0259f\u0259rb\u0259r ed\u0259r\u0259k \u00dcmumd\u00fcnya S\u0259hiyy\u0259 T\u0259\u015fkilat\u0131n\u0131n qlobal peyvendl\u0259m\u0259 strategiyas\u0131n\u0131 h\u0259yata ke\u00e7irm\u0259li oldu\u011funu vur\u011fulad\u0131.<\/p>\n\n\n\n<p><strong>Prezident \u0130lham \u018fliyev:<\/strong>&nbsp;M\u0259n b\u0259yanat\u0131na g\u00f6r\u0259 Zati-Alil\u0259ri Ba\u015f katib\u0259 t\u0259\u015f\u0259kk\u00fcr\u00fcm\u00fc bildirir\u0259m.<\/p>\n\n\n\n<p>\u018fziz h\u0259mkarlar, indi biz Qo\u015fulmama H\u0259r\u0259kat\u0131n\u0131n 60 il \u0259vv\u0259l Belqradda ke\u00e7irilmi\u015f birinci sammiti il\u0259 ba\u011fl\u0131 serbiyal\u0131 dostlar\u0131m\u0131z t\u0259r\u0259find\u0259n haz\u0131rlanm\u0131\u015f q\u0131sa film\u0259 tama\u015fa ed\u0259c\u0259yik.<\/p>\n\n\n\n<p>X X X<\/p>\n\n\n\n<p>Qo\u015fulmama H\u0259r\u0259kat\u0131n\u0131n ilk sammitind\u0259n b\u0259hs ed\u0259n q\u0131sa film n\u00fcmayi\u015f olunub.<\/p>\n\n\n\n<p>X X X<\/p>\n\n\n\n<p><strong>Prezident \u0130lham \u018fliyev:<\/strong>&nbsp;\u018fziz dostlar. M\u0259n ham\u0131m\u0131z\u0131n ad\u0131ndan Qo\u015fulmama H\u0259r\u0259kat\u0131n\u0131n banil\u0259rinin xatir\u0259sin\u0259 d\u0259rin h\u00f6rm\u0259timizi ifad\u0259 etm\u0259k, bax\u0131\u015flar\u0131na, g\u00f6st\u0259rdikl\u0259ri h\u0259mr\u0259yliy\u0259 v\u0259 g\u00f6rd\u00fckl\u0259ri i\u015fl\u0259r\u0259 g\u00f6r\u0259 onlara minn\u0259tdarl\u0131q ifad\u0259 etm\u0259k ist\u0259rdim. Onlar 60 ildir \u00f6z s\u0259m\u0259r\u0259liliyini n\u00fcmayi\u015f etdir\u0259n v\u0259 b\u00f6y\u00fck g\u0259l\u0259c\u0259yi olan bir t\u0259sisat\u0131n t\u0259m\u0259lini qoyublar.<\/p>\n\n\n\n<p>H\u00f6rm\u0259tli h\u0259mkarlar. \u0130ndi biz yubiley toplant\u0131s\u0131n\u0131n birinci plenar iclas\u0131na ke\u00e7\u0259c\u0259yik. Qo\u015fulmama H\u0259r\u0259kat\u0131n\u0131n t\u0259sis\u00e7il\u0259rind\u0259n biri olan Qana Respublikas\u0131n\u0131n Prezidenti Zati-Alil\u0259ri Nana Addo Dankva Akufo-Addonun bu g\u00fcn biziml\u0259 birg\u0259 olmas\u0131 bizim \u00fc\u00e7\u00fcn \u015f\u0259r\u0259fdir. M\u0259n Zati-Alil\u0259rini \u00e7\u0131x\u0131\u015f\u0131n\u0131 t\u0259qdim etm\u0259y\u0259 d\u0259v\u0259t edir\u0259m.<\/p>\n\n\n\n<p>Qo\u015fulmama H\u0259r\u0259kat\u0131n\u0131n 60 illiyin\u0259 h\u0259sr edilmi\u015f Y\u00fcks\u0259k S\u0259viyy\u0259li Toplant\u0131n\u0131n vacibliyini vur\u011fulayan Qana Prezidenti \u00f6lk\u0259l\u0259rin \u0259razi b\u00fct\u00f6vl\u00fcy\u00fc v\u0259 suverenliyin\u0259 h\u00f6rm\u0259t edilm\u0259sinin \u0259h\u0259miyy\u0259tind\u0259n dan\u0131\u015fd\u0131. Bundan \u0259lav\u0259, o, pandemiyaya qar\u015f\u0131 m\u00fcbariz\u0259d\u0259 birg\u0259 s\u0259yl\u0259rin vacibliyini qeyd etdi.<\/p>\n\n\n\n<p><strong>Prezident \u0130lham \u018fliyev:<\/strong>&nbsp;M\u0259n \u00e7\u0131x\u0131\u015f\u0131na g\u00f6r\u0259 Zati-Alil\u0259ri Qana Respublikas\u0131n\u0131n Prezidentin\u0259 t\u0259\u015f\u0259kk\u00fcr edir\u0259m.<\/p>\n\n\n\n<p>Bizim n\u00f6vb\u0259ti \u00e7\u0131x\u0131\u015f\u00e7\u0131m\u0131z ke\u00e7mi\u015f Yuqoslaviyan\u0131n varisi olan d\u00f6vl\u0259tl\u0259rd\u0259n biri, Qo\u015fulmama H\u0259r\u0259kat\u0131n\u0131n daha bir t\u0259sis\u00e7isi Bosniya v\u0259 Herseqovina R\u0259yas\u0259t Hey\u0259tinin \u00fczv\u00fc Zati-Alil\u0259ri c\u0259nab Milorad Dodikdir.<\/p>\n\n\n\n<p><strong>Milorad Dodik:<\/strong>&nbsp;M\u0259n Bosniya v\u0259 Herseqovinan\u0131n R\u0259yas\u0259t Hey\u0259ti ad\u0131ndan Qo\u015fulmama H\u0259r\u0259kat\u0131n\u0131n 60 illiyi m\u00fcnasib\u0259til\u0259 bu t\u0259dbirin Belqradda ke\u00e7irilm\u0259si il\u0259 ba\u011fl\u0131 n\u0259cib q\u0259rara g\u00f6r\u0259 Serbiyan\u0131 v\u0259 Az\u0259rbaycan Prezidenti Zati-Alil\u0259ri c\u0259nab \u018fliyevi s\u0259mimi q\u0259lbd\u0259n t\u0259brik etm\u0259k ist\u0259yir\u0259m. C\u0259nab s\u0259dr, icaz\u0259 verin bu h\u0259r\u0259kata h\u00f6rm\u0259timi ifad\u0259 edim.<\/p>\n\n\n\n<p>Qo\u015fulmama H\u0259r\u0259kat\u0131n\u0131n 2019-cu ilin oktyabr\u0131nda ke\u00e7irilmi\u015f son toplant\u0131s\u0131ndan \u00f6t\u0259n m\u00fcdd\u0259td\u0259 d\u00fcnyan\u0131n \u0259n b\u00f6y\u00fck b\u00f6hranlardan biri &#8212; koronavirus pandemiyas\u0131 il\u0259 \u00fcz-\u00fcz\u0259 qald\u0131\u011f\u0131n\u0131 dey\u0259n Milorad Dodik pandemiya zaman\u0131 yoxsul \u00f6lk\u0259l\u0259rin probleml\u0259rinin unuduldu\u011funu bildirdi. O, h\u0259rbi m\u00fcnaqi\u015f\u0259l\u0259r, iqlim d\u0259yi\u015fikliyi, miqrasiya b\u00f6hran\u0131, iqtisadi b\u0259rab\u0259rsizlik, terrorizm, ekstremizm kimi probleml\u0259rd\u0259n narahatl\u0131\u011f\u0131n\u0131 ifad\u0259 etdi.<\/p>\n\n\n\n<p><strong>Prezident \u0130lham \u018fliyev:<\/strong>&nbsp;M\u0259n b\u0259yanat\u0131na g\u00f6r\u0259 Zati-Alil\u0259ri Bosniya v\u0259 Herseqovinan\u0131n R\u0259yas\u0259t Hey\u0259tinin \u00fczv\u00fcn\u0259 t\u0259\u015f\u0259kk\u00fcr\u00fcm\u00fc bildirir\u0259m.<\/p>\n\n\n\n<p>\u0130ndi is\u0259 \u00e7\u0131x\u0131\u015f etm\u0259k \u00fc\u00e7\u00fcn \u018flc\u0259zair Xalq Demokratik Respublikas\u0131n\u0131n Ba\u015f naziri Zati-Alil\u0259ri Aymen Benabderrahmaneni d\u0259v\u0259t edir\u0259m.<\/p>\n\n\n\n<p>\u018flc\u0259zairin Ba\u015f naziri Aymen Benabderrahmane t\u0259dbirin t\u0259\u015fkilin\u0259 g\u00f6r\u0259 Az\u0259rbaycana v\u0259 Serbiyaya minn\u0259tdarl\u0131\u011f\u0131n\u0131 bildirdi, Qo\u015fulmama H\u0259r\u0259kat\u0131n\u0131n \u0259h\u0259miyy\u0259tin\u0259 diqq\u0259t \u00e7\u0259kdi.<\/p>\n\n\n\n<p><strong>Prezident \u0130lham \u018fliyev:<\/strong>&nbsp;M\u0259n \u00e7\u0131x\u0131\u015f\u0131na g\u00f6r\u0259 Zati-Alil\u0259ri \u018flc\u0259zair Xalq Demokratik Respublikas\u0131n\u0131n Ba\u015f nazirin\u0259 t\u0259\u015f\u0259kk\u00fcr\u00fcm\u00fc bildirir\u0259m.<\/p>\n\n\n\n<p>Xan\u0131mlar v\u0259 c\u0259nablar. M\u0259n xat\u0131rlatmaq ist\u0259rdim ki, Qo\u015fulmama H\u0259r\u0259kat\u0131n\u0131n 2021-ci ilin iyulunda ke\u00e7irilmi\u015f nazirl\u0259r s\u0259viyy\u0259sind\u0259 son toplant\u0131s\u0131nda \u00fczv \u00f6lk\u0259l\u0259rin yekdil d\u0259st\u0259yi il\u0259 Rusiya Federasiyas\u0131na H\u0259r\u0259katda m\u00fc\u015fahid\u0259\u00e7i statusu verilib. Ham\u0131m\u0131z\u0131n ad\u0131ndan m\u0259n Rusiya Federasiyas\u0131n\u0131 m\u00fc\u015fahid\u0259\u00e7i statusu m\u00fcnasib\u0259til\u0259 t\u0259brik etm\u0259k ist\u0259rdim. Bu g\u00fcn Rusiya Federasiyas\u0131n\u0131n xarici i\u015fl\u0259r naziri c\u0259nab Sergey Lavrov biziml\u0259 birlikd\u0259dir. O, Qo\u015fulmama H\u0259r\u0259kat\u0131nda m\u00fc\u015fahid\u0259\u00e7i \u00f6lk\u0259nin xarici i\u015fl\u0259r naziri kimi \u00e7\u0131x\u0131\u015f ed\u0259c\u0259k. C\u0259nab nazir, s\u00f6z sizindir.<\/p>\n\n\n\n<p><strong>Sergey Lavrov:<\/strong>&nbsp;H\u00f6rm\u0259tli Prezident \u018fliyev, Prezident Vu\u00e7i\u00e7, xan\u0131mlar v\u0259 c\u0259nablar, h\u0259mkarlar v\u0259 dostlar. \u0130lk n\u00f6vb\u0259d\u0259 m\u0259n bu yubiley toplant\u0131s\u0131n\u0131 t\u0259\u015fkil etdikl\u0259rin\u0259 g\u00f6r\u0259 Az\u0259rbaycan Prezidentin\u0259 v\u0259 Serbiya Prezidentin\u0259 minn\u0259tdarl\u0131\u011f\u0131m\u0131 ifad\u0259 etm\u0259k ist\u0259rdim.<\/p>\n\n\n\n<p>Sergey Lavrov Rusiya Federasiyas\u0131na Qo\u015fulmama H\u0259r\u0259kat\u0131nda m\u00fc\u015fahid\u0259\u00e7i statusunun verilm\u0259sin\u0259 dair yekdil q\u0259rara g\u00f6r\u0259 \u00fczv \u00f6lk\u0259l\u0259r\u0259 minn\u0259tdarl\u0131\u011f\u0131n\u0131 bildirdi. O, Rusiya Prezidentinin m\u00fcraci\u0259tini s\u0259sl\u0259ndirdi.<\/p>\n\n\n\n<p>Prezident Vladimir Putin m\u00fcraci\u0259tind\u0259 Qo\u015fulmama H\u0259r\u0259kat\u0131n\u0131n beyn\u0259lxalq m\u0259s\u0259l\u0259l\u0259rd\u0259 m\u00fch\u00fcm rol oynad\u0131\u011f\u0131n\u0131 vur\u011fulay\u0131b, t\u0259\u015fkilat\u0131n b\u00fct\u00fcn \u00f6lk\u0259l\u0259rin qeyd-\u015f\u0259rtsiz b\u0259rab\u0259rliyi, onlar\u0131n suverenliyin\u0259 h\u00f6rm\u0259t prinsipl\u0259rinin ke\u015fiyind\u0259 dayand\u0131\u011f\u0131n\u0131 qeyd edib.<\/p>\n\n\n\n<p><strong>Prezident \u0130lham \u018fliyev:<\/strong>&nbsp;M\u0259n \u00e7\u0131x\u0131\u015f\u0131na g\u00f6r\u0259 nazir Lavrova minn\u0259tdarl\u0131\u011f\u0131m\u0131 bildirir\u0259m.<\/p>\n\n\n\n<p>Bu g\u00fcn yubiley toplant\u0131s\u0131nda nazir s\u0259viyy\u0259sind\u0259 t\u0259msil olunan yegan\u0259 x\u00fcsusi qonaq \u00f6lk\u0259 olan T\u00fcrkiy\u0259 Respublikas\u0131n\u0131n xarici i\u015fl\u0259r naziri c\u0259nab M\u00f6vlud \u00c7avu\u015fo\u011flu da biziml\u0259dir. M\u0259n \u00e7\u0131x\u0131\u015f \u00fc\u00e7\u00fcn s\u00f6z\u00fc c\u0259nab \u00c7avu\u015fo\u011fluna verm\u0259k ist\u0259yir\u0259m. Buyurun.<\/p>\n\n\n\n<p><strong>M\u00f6vlud \u00c7avu\u015fo\u011flu:<\/strong>&nbsp;T\u0259\u015f\u0259kk\u00fcr edir\u0259m, Prezident \u018fliyev, Prezident Vu\u00e7i\u00e7, prezidentl\u0259r, zati-alil\u0259ri, dostlar.<\/p>\n\n\n\n<p>\u0130caz\u0259 verin Prezidentim \u018frdo\u011fan\u0131n sizin ham\u0131n\u0131za salamlar\u0131n\u0131 \u00e7atd\u0131r\u0131m. Bu tarixi toplant\u0131da sizin qar\u015f\u0131n\u0131zda \u00e7\u0131x\u0131\u015f etm\u0259k m\u0259nd\u0259 m\u0259mnunluq hissi do\u011furur. \u0130caz\u0259 verin, d\u0259v\u0259t\u0259 g\u00f6r\u0259 Az\u0259rbaycana v\u0259 Serbiyaya minn\u0259tdarl\u0131\u011f\u0131m\u0131 bildirim. M\u0259n u\u011furlu s\u0259drlik m\u00fcnasib\u0259til\u0259 Az\u0259rbaycan\u0131 t\u0259brik edir\u0259m.<\/p>\n\n\n\n<p>T\u00fcrkiy\u0259nin xarici i\u015fl\u0259r naziri t\u0259\u015fkilat\u0131n 60 il \u0259vv\u0259l q\u0259bul olunmu\u015f ilk b\u0259yannam\u0259sind\u0259 qeyd olunan iqtisadi b\u0259rab\u0259rsizlik, BMT-d\u0259 islahatlar v\u0259 qlobal m\u0259s\u0259l\u0259l\u0259r\u0259 inkl\u00fcziv yana\u015fma kimi m\u0259s\u0259l\u0259l\u0259rin h\u0259l\u0259 d\u0259 aktual olaraq qald\u0131\u011f\u0131n\u0131 vur\u011fulad\u0131.<\/p>\n\n\n\n<p><strong>Prezident \u0130lham \u018fliyev:<\/strong>&nbsp;T\u0259\u015f\u0259kk\u00fcr edir\u0259m, Zati-Alil\u0259ri c\u0259nab \u00c7avu\u015fo\u011flu, b\u0259yanat\u0131n\u0131za g\u00f6r\u0259 t\u0259\u015f\u0259kk\u00fcr edir\u0259m.<\/p>\n\n\n\n<p>Xan\u0131mlar v\u0259 c\u0259nablar. Bununla da yubiley toplant\u0131s\u0131n\u0131n plenar iclas\u0131n\u0131n s\u0259h\u0259r hiss\u0259si ba\u015fa \u00e7at\u0131r. \u0130clas t\u0259dbirin proqram\u0131na uy\u011fun olaraq fasil\u0259d\u0259n sonra davam ed\u0259c\u0259k. Bununla da, iclasa fasil\u0259 verildiyini elan edir\u0259m.<\/p>\n\n\n\n<figure class=\"wp-block-embed is-type-video is-provider-youtube wp-block-embed-youtube wp-embed-aspect-16-9 wp-has-aspect-ratio\"><div class=\"wp-block-embed__wrapper\">\n<iframe loading=\"lazy\" title=\"\u0130lham \u018fliyev Qo\u015fulmama H\u0259r\u0259kat\u0131n\u0131n Y\u00fcks\u0259k S\u0259viyy\u0259li Toplant\u0131s\u0131nda videoformatda \u00e7\u0131x\u0131\u015f edib\" width=\"715\" height=\"402\" src=\"https:\/\/www.youtube.com\/embed\/2PV2ndL2KlA?feature=oembed\" frameborder=\"0\" allow=\"accelerometer; autoplay; clipboard-write; encrypted-media; gyroscope; picture-in-picture\" allowfullscreen><\/iframe>\n<\/div><\/figure>\n","protected":false},"excerpt":{"rendered":"<p>Oktyabr\u0131n 11-d\u0259 Serbiyan\u0131n paytaxt\u0131 Belqradda Qo\u015fulmama H\u0259r\u0259kat\u0131n\u0131n 60 illiyin\u0259 h\u0259sr edilmi\u015f Y\u00fcks\u0259k S\u0259viyy\u0259li Toplant\u0131 \u00f6z i\u015fin\u0259 ba\u015flay\u0131b. Az\u0259rbaycan Respublikas\u0131n\u0131n Prezidenti, Qo\u015fulmama H\u0259r\u0259kat\u0131n\u0131n s\u0259dri \u0130lham<\/p>\n","protected":false},"author":2,"featured_media":50797,"comment_status":"closed","ping_status":"closed","sticky":false,"template":"","format":"standard","meta":{"footnotes":""},"categories":[1],"tags":[],"class_list":["post-50796","post","type-post","status-publish","format-standard","has-post-thumbnail","hentry","category-siyast"],"aioseo_notices":[],"_links":{"self":[{"href":"https:\/\/fedai.az\/index.php?rest_route=\/wp\/v2\/posts\/50796","targetHints":{"allow":["GET"]}}],"collection":[{"href":"https:\/\/fedai.az\/index.php?rest_route=\/wp\/v2\/posts"}],"about":[{"href":"https:\/\/fedai.az\/index.php?rest_route=\/wp\/v2\/types\/post"}],"author":[{"embeddable":true,"href":"https:\/\/fedai.az\/index.php?rest_route=\/wp\/v2\/users\/2"}],"replies":[{"embeddable":true,"href":"https:\/\/fedai.az\/index.php?rest_route=%2Fwp%2Fv2%2Fcomments&post=50796"}],"version-history":[{"count":1,"href":"https:\/\/fedai.az\/index.php?rest_route=\/wp\/v2\/posts\/50796\/revisions"}],"predecessor-version":[{"id":50798,"href":"https:\/\/fedai.az\/index.php?rest_route=\/wp\/v2\/posts\/50796\/revisions\/50798"}],"wp:featuredmedia":[{"embeddable":true,"href":"https:\/\/fedai.az\/index.php?rest_route=\/wp\/v2\/media\/50797"}],"wp:attachment":[{"href":"https:\/\/fedai.az\/index.php?rest_route=%2Fwp%2Fv2%2Fmedia&parent=50796"}],"wp:term":[{"taxonomy":"category","embeddable":true,"href":"https:\/\/fedai.az\/index.php?rest_route=%2Fwp%2Fv2%2Fcategories&post=50796"},{"taxonomy":"post_tag","embeddable":true,"href":"https:\/\/fedai.az\/index.php?rest_route=%2Fwp%2Fv2%2Ftags&post=50796"}],"curies":[{"name":"wp","href":"https:\/\/api.w.org\/{rel}","templated":true}]}}