{"id":50799,"date":"2021-10-12T00:07:16","date_gmt":"2021-10-11T20:07:16","guid":{"rendered":"https:\/\/fedai.az\/?p=50799"},"modified":"2021-10-12T00:07:20","modified_gmt":"2021-10-11T20:07:20","slug":"az%c9%99rbaycanla-serbiya-arasinda-viza-rejimi-l%c9%99gv-edildi","status":"publish","type":"post","link":"https:\/\/fedai.az\/?p=50799","title":{"rendered":"Az\u0259rbaycanla Serbiya aras\u0131nda viza rejimi l\u0259\u011fv edildi"},"content":{"rendered":"\n<p><strong>Xarici i\u015fl\u0259r naziri Ceyhun Bayramov Belqradda ke\u00e7iril\u0259n Qo\u015fulmama H\u0259r\u0259kat\u0131n\u0131n 60 illik yubiley t\u0259dbiri \u00e7\u0259r\u00e7iv\u0259sind\u0259 Serbiya Respublikas\u0131n\u0131n xarici i\u015fl\u0259r naziri Nikola Selakovi\u00e7 il\u0259 g\u00f6r\u00fc\u015f\u00fcb.<\/strong><\/p>\n\n\n\n<p>Az\u0259rbaycan Respublikas\u0131 Xarici \u0130\u015fl\u0259r Nazirliyinin M\u0259tbuat xidm\u0259ti idar\u0259sind\u0259n\u00a0veril\u0259n m\u0259lumata g\u00f6r\u0259, Serbiya Xarici \u0130\u015fl\u0259r Nazirliyind\u0259 ke\u00e7iril\u0259n g\u00f6r\u00fc\u015f zaman\u0131 nazirl\u0259r Az\u0259rbaycan v\u0259 Serbiya aras\u0131nda strateji t\u0259r\u0259fda\u015fl\u0131q m\u00fcnasib\u0259tl\u0259rinin m\u00f6vcud v\u0259ziyy\u0259tind\u0259n m\u0259mnunluq ifad\u0259 ed\u0259r\u0259k, bu \u0259m\u0259kda\u015fl\u0131\u011f\u0131n m\u00fcxt\u0259lif sah\u0259l\u0259rd\u0259 inki\u015faf etdirilm\u0259sind\u0259 qar\u015f\u0131l\u0131ql\u0131 mara\u011f\u0131 ifad\u0259 edibl\u0259r.<\/p>\n\n\n\n<p>T\u0259r\u0259fl\u0259r Az\u0259rbaycan Respublikas\u0131 v\u0259 Serbiya Respublikas\u0131 aras\u0131nda ticar\u0259t v\u0259 iqtisadi \u0259m\u0259kda\u015fl\u0131q \u00fczr\u0259 H\u00f6kum\u0259tl\u0259raras\u0131 Komissiyan\u0131n f\u0259aliyy\u0259tinin u\u011furla inki\u015faf etdiyini qeyd edibl\u0259r.<\/p>\n\n\n\n<p>G\u00f6r\u00fc\u015f\u00fcn sonunda nazirl\u0259r t\u0259r\u0259find\u0259n bir Sazi\u015f v\u0259 iki anla\u015fma memorandumu, o c\u00fcml\u0259d\u0259n \u201cAz\u0259rbaycan Respublikas\u0131 H\u00f6kum\u0259ti il\u0259 Serbiya Respublikas\u0131 H\u00f6kum\u0259ti aras\u0131nda \u00fcmumv\u0259t\u0259nda\u015f pasportlara malik \u015f\u0259xsl\u0259r \u00fc\u00e7\u00fcn viza t\u0259l\u0259binin qar\u015f\u0131l\u0131ql\u0131 aradan qald\u0131r\u0131lmas\u0131 haqq\u0131nda sazi\u015f\u201d, \u201cAz\u0259rbaycan Respublikas\u0131 Xarici \u0130\u015fl\u0259r Nazirliyi il\u0259 Serbiya X\u0130N aras\u0131nda siyasi m\u0259sl\u0259h\u0259tl\u0259\u015fm\u0259l\u0259r haqq\u0131nda anla\u015fma memorandumu\u201d, \u201cAz\u0259rbaycan X\u0130N il\u0259 Serbiya X\u0130N aras\u0131nda konsulluq sah\u0259sind\u0259 \u0259m\u0259kda\u015fl\u0131q haqq\u0131nda anla\u015fma memorandumu\u201d s\u0259n\u0259dl\u0259ri imzalan\u0131b.<\/p>\n\n\n\n<p>Qeyd etm\u0259k ist\u0259rdik ki, eyni g\u00fcnd\u0259 AR M\u00fcdafi\u0259 S\u0259nayesi Naziri M\u0259d\u0259t Quliyev v\u0259 Serbiya M\u00fcdafi\u0259 Naziri Neboy\u015fa Stefanovi\u00e7 aras\u0131nda \u201cAz\u0259rbaycan Respublikas\u0131 H\u00f6kum\u0259ti il\u0259 Serbiya Respublikas\u0131 H\u00f6kum\u0259ti aras\u0131nda H\u0259rbi-Texniki \u0259m\u0259kda\u015fl\u0131q haqq\u0131nda sazi\u015f\u201d imzalan\u0131b.<\/p>\n\n\n\n<hr class=\"wp-block-separator\"\/>\n\n\n\n<p>M\u0259nb\u0259: Teleqraf.com<\/p>\n","protected":false},"excerpt":{"rendered":"<p>Xarici i\u015fl\u0259r naziri Ceyhun Bayramov Belqradda ke\u00e7iril\u0259n Qo\u015fulmama H\u0259r\u0259kat\u0131n\u0131n 60 illik yubiley t\u0259dbiri \u00e7\u0259r\u00e7iv\u0259sind\u0259 Serbiya Respublikas\u0131n\u0131n xarici i\u015fl\u0259r naziri Nikola Selakovi\u00e7 il\u0259 g\u00f6r\u00fc\u015f\u00fcb. Az\u0259rbaycan<\/p>\n","protected":false},"author":2,"featured_media":50800,"comment_status":"closed","ping_status":"closed","sticky":false,"template":"","format":"standard","meta":{"footnotes":""},"categories":[1],"tags":[],"class_list":["post-50799","post","type-post","status-publish","format-standard","has-post-thumbnail","hentry","category-siyast"],"aioseo_notices":[],"_links":{"self":[{"href":"https:\/\/fedai.az\/index.php?rest_route=\/wp\/v2\/posts\/50799","targetHints":{"allow":["GET"]}}],"collection":[{"href":"https:\/\/fedai.az\/index.php?rest_route=\/wp\/v2\/posts"}],"about":[{"href":"https:\/\/fedai.az\/index.php?rest_route=\/wp\/v2\/types\/post"}],"author":[{"embeddable":true,"href":"https:\/\/fedai.az\/index.php?rest_route=\/wp\/v2\/users\/2"}],"replies":[{"embeddable":true,"href":"https:\/\/fedai.az\/index.php?rest_route=%2Fwp%2Fv2%2Fcomments&post=50799"}],"version-history":[{"count":1,"href":"https:\/\/fedai.az\/index.php?rest_route=\/wp\/v2\/posts\/50799\/revisions"}],"predecessor-version":[{"id":50801,"href":"https:\/\/fedai.az\/index.php?rest_route=\/wp\/v2\/posts\/50799\/revisions\/50801"}],"wp:featuredmedia":[{"embeddable":true,"href":"https:\/\/fedai.az\/index.php?rest_route=\/wp\/v2\/media\/50800"}],"wp:attachment":[{"href":"https:\/\/fedai.az\/index.php?rest_route=%2Fwp%2Fv2%2Fmedia&parent=50799"}],"wp:term":[{"taxonomy":"category","embeddable":true,"href":"https:\/\/fedai.az\/index.php?rest_route=%2Fwp%2Fv2%2Fcategories&post=50799"},{"taxonomy":"post_tag","embeddable":true,"href":"https:\/\/fedai.az\/index.php?rest_route=%2Fwp%2Fv2%2Ftags&post=50799"}],"curies":[{"name":"wp","href":"https:\/\/api.w.org\/{rel}","templated":true}]}}