{"id":50811,"date":"2021-10-12T00:33:49","date_gmt":"2021-10-11T20:33:49","guid":{"rendered":"https:\/\/fedai.az\/?p=50811"},"modified":"2021-10-12T00:34:12","modified_gmt":"2021-10-11T20:34:12","slug":"iran-hava-m%c9%99kanini-az%c9%99rbaycan-t%c9%99yyar%c9%99l%c9%99ri-ucun-acdi","status":"publish","type":"post","link":"https:\/\/fedai.az\/?p=50811","title":{"rendered":"\u0130ran hava m\u0259kan\u0131n\u0131 Az\u0259rbaycan t\u0259yyar\u0259l\u0259ri \u00fc\u00e7\u00fcn a\u00e7d\u0131"},"content":{"rendered":"\n<p><strong>\u0130ran\u0131n hava m\u0259kan\u0131 Az\u0259rbaycan t\u0259yyar\u0259l\u0259ri \u00fc\u00e7\u00fcn a\u00e7\u0131qd\u0131r.<\/strong><\/p>\n\n\n\n<p>Bunu \u0130ran Xarici \u0130\u015fl\u0259r Nazirliyinin r\u0259smi n\u00fcmay\u0259nd\u0259si S\u0259id X\u0259tibzad\u0259 deyib.<\/p>\n\n\n\n<p>O, \u0130ran\u0131n b\u0259zi m\u0259s\u0259l\u0259l\u0259rl\u0259 ba\u011fl\u0131 narahatl\u0131\u011f\u0131n\u0131 Az\u0259rbaycana \u00e7atd\u0131rd\u0131\u011f\u0131n\u0131 v\u0259 Bak\u0131n\u0131n bunlar\u0131 h\u0259ll ed\u0259c\u0259yini v\u0259d verdiyini bildirib.<\/p>\n\n\n\n<p>X\u0259tibzad\u0259 \u0130ran\u0131n Az\u0259rbaycanla m\u00fcnasib\u0259tl\u0259rd\u0259 \u0259sas prinsipinin qarda\u015f davran\u0131\u015f\u0131 oldu\u011funu s\u00f6yl\u0259yib.<\/p>\n\n\n\n<p>Qeyd ed\u0259k ki, bir ne\u00e7\u0259 g\u00fcn \u00f6nc\u0259 \u0130ran bak\u0131dan Nax\u00e7\u0131vana u\u00e7an h\u0259rbi t\u0259yinatl\u0131 n\u0259qliyyat t\u0259yyar\u0259l\u0259ri \u00fc\u00e7\u00fcn hava m\u0259kan\u0131n\u0131 ba\u011flam\u0131\u015fd\u0131. AZAL is\u0259 buna cavab olaraq m\u00fclki u\u00e7u\u015flarda da \u0130ran hava m\u0259kan\u0131ndan imtina ed\u0259r\u0259k, Erm\u0259nistan hava m\u0259kan\u0131ndan istifad\u0259 etmi\u015fdi.<\/p>\n\n\n\n<p><\/p>\n","protected":false},"excerpt":{"rendered":"<p>\u0130ran\u0131n hava m\u0259kan\u0131 Az\u0259rbaycan t\u0259yyar\u0259l\u0259ri \u00fc\u00e7\u00fcn a\u00e7\u0131qd\u0131r. Bunu \u0130ran Xarici \u0130\u015fl\u0259r Nazirliyinin r\u0259smi n\u00fcmay\u0259nd\u0259si S\u0259id X\u0259tibzad\u0259 deyib. O, \u0130ran\u0131n b\u0259zi m\u0259s\u0259l\u0259l\u0259rl\u0259 ba\u011fl\u0131 narahatl\u0131\u011f\u0131n\u0131 Az\u0259rbaycana<\/p>\n","protected":false},"author":2,"featured_media":50813,"comment_status":"closed","ping_status":"closed","sticky":false,"template":"","format":"standard","meta":{"footnotes":""},"categories":[1],"tags":[],"class_list":["post-50811","post","type-post","status-publish","format-standard","has-post-thumbnail","hentry","category-siyast"],"aioseo_notices":[],"_links":{"self":[{"href":"https:\/\/fedai.az\/index.php?rest_route=\/wp\/v2\/posts\/50811","targetHints":{"allow":["GET"]}}],"collection":[{"href":"https:\/\/fedai.az\/index.php?rest_route=\/wp\/v2\/posts"}],"about":[{"href":"https:\/\/fedai.az\/index.php?rest_route=\/wp\/v2\/types\/post"}],"author":[{"embeddable":true,"href":"https:\/\/fedai.az\/index.php?rest_route=\/wp\/v2\/users\/2"}],"replies":[{"embeddable":true,"href":"https:\/\/fedai.az\/index.php?rest_route=%2Fwp%2Fv2%2Fcomments&post=50811"}],"version-history":[{"count":1,"href":"https:\/\/fedai.az\/index.php?rest_route=\/wp\/v2\/posts\/50811\/revisions"}],"predecessor-version":[{"id":50812,"href":"https:\/\/fedai.az\/index.php?rest_route=\/wp\/v2\/posts\/50811\/revisions\/50812"}],"wp:featuredmedia":[{"embeddable":true,"href":"https:\/\/fedai.az\/index.php?rest_route=\/wp\/v2\/media\/50813"}],"wp:attachment":[{"href":"https:\/\/fedai.az\/index.php?rest_route=%2Fwp%2Fv2%2Fmedia&parent=50811"}],"wp:term":[{"taxonomy":"category","embeddable":true,"href":"https:\/\/fedai.az\/index.php?rest_route=%2Fwp%2Fv2%2Fcategories&post=50811"},{"taxonomy":"post_tag","embeddable":true,"href":"https:\/\/fedai.az\/index.php?rest_route=%2Fwp%2Fv2%2Ftags&post=50811"}],"curies":[{"name":"wp","href":"https:\/\/api.w.org\/{rel}","templated":true}]}}