{"id":50814,"date":"2021-10-12T00:40:17","date_gmt":"2021-10-11T20:40:17","guid":{"rendered":"https:\/\/fedai.az\/?p=50814"},"modified":"2021-10-12T00:40:20","modified_gmt":"2021-10-11T20:40:20","slug":"rusiya-sulhm%c9%99ramlilari-qarabagda-sakinin-at%c9%99s-n%c9%99tic%c9%99sind%c9%99-olumunu-arasdirir","status":"publish","type":"post","link":"https:\/\/fedai.az\/?p=50814","title":{"rendered":"Rusiya s\u00fclhm\u0259raml\u0131lar\u0131 Qaraba\u011fda sakinin &#171;at\u0259\u015f n\u0259tic\u0259sind\u0259 \u00f6l\u00fcm\u00fcn\u00fc&#187; ara\u015fd\u0131r\u0131r"},"content":{"rendered":"\n<p><strong>Rusiya M\u00fcdafi\u0259 Nazirliyi oktyabr\u0131n 9-da Az\u0259rbaycan t\u0259r\u0259find\u0259n at\u0259\u015f n\u0259tic\u0259sind\u0259 Qaraba\u011fda m\u00fclki sakinin yaralanaraq \u00f6ld\u00fcy\u00fcn\u00fc bildirib.<\/strong><\/p>\n\n\n\n<p>&#171;Oktyabr\u0131n 9-da Mardakert rayonunda t\u0259mas x\u0259tti yax\u0131nl\u0131\u011f\u0131nda k\u0259nd t\u0259s\u0259rr\u00fcfat\u0131 i\u015fl\u0259ri zaman\u0131 Az\u0259rbaycan t\u0259r\u0259find\u0259n at\u0259\u015f n\u0259tic\u0259sind\u0259 Mada\u011fiz k\u0259ndinin m\u00fclki sakini \u00f6l\u00fcmc\u00fcl yaralan\u0131b. Rusiya kontingentinin komandanl\u0131\u011f\u0131 h\u0259r iki t\u0259r\u0259f n\u00fcmay\u0259nd\u0259l\u0259rinin i\u015ftirak\u0131 il\u0259 insidentl\u0259 ba\u011fl\u0131 ara\u015fd\u0131rma apar\u0131r&#187;.<\/p>\n\n\n\n<p>Bundan \u0259vv\u0259l Az\u0259rbaycan M\u00fcdafi\u0259 Nazirliyi A\u011fd\u0259r\u0259 (Mardakert) istiqam\u0259tind\u0259 at\u0259\u015f a\u00e7\u0131lmas\u0131 bar\u0259d\u0259 Erm\u0259nistanda yay\u0131lan m\u0259lumatlar\u0131 t\u0259kzib edib.<\/p>\n\n\n\n<p>&#171;Erm\u0259nistan m\u0259tbuat\u0131nda Az\u0259rbaycan Ordusunun b\u00f6lm\u0259l\u0259ri t\u0259r\u0259find\u0259n A\u011fd\u0259r\u0259 istiqam\u0259tind\u0259 guya at\u0259\u015f a\u00e7\u0131lmas\u0131 n\u0259tic\u0259sind\u0259 traktor s\u00fcr\u00fcc\u00fcs\u00fcn\u00fcn \u00f6lm\u0259si, Arazd\u0259y\u0259n istiqam\u0259tind\u0259 is\u0259 erm\u0259ni h\u0259rbi qulluq\u00e7usunun yaralanmas\u0131 bar\u0259d\u0259 yay\u0131lan m\u0259lumatlar yaland\u0131r v\u0259 h\u0259qiq\u0259ti \u0259ks etdirmir&#187;, Nazirlik oktyabr\u0131n 9-da bildirib.<\/p>\n\n\n\n<p>\u015e\u0259nb\u0259 g\u00fcn\u00fc Erm\u0259nistan medias\u0131nda yay\u0131lan x\u0259b\u0259rd\u0259 Az\u0259rbaycan\u0131n Qaraba\u011f b\u00f6lg\u0259sind\u0259ki A\u011fd\u0259r\u0259 istiqam\u0259tind\u0259 a\u00e7\u0131lan at\u0259\u015fl\u0259 yerli sakinin \u00f6ld\u00fcr\u00fcld\u00fcy\u00fc bildirilir.<\/p>\n\n\n\n<p>H\u0259min vaxt Erm\u0259nistan\u0131n M\u00fcdafi\u0259 Nazirliyi h\u0259m\u00e7inin bildirib ki, s\u0259rh\u0259din Nax\u00e7\u0131van hiss\u0259sind\u0259 Az\u0259rbaycan t\u0259r\u0259find\u0259n a\u00e7\u0131lan at\u0259\u015f n\u0259tic\u0259sind\u0259 bir h\u0259rb\u00e7inin yaralan\u0131b.<\/p>\n\n\n\n<p>&#171;Oktyabr\u0131n 9-da, t\u0259xmin\u0259n saat 12:50 rad\u0259l\u0259rind\u0259, m\u00fcqavil\u0259 il\u0259 xidm\u0259t ed\u0259n h\u0259rbi qulluq\u00e7u, s\u0131ravi Misak Vardanovi\u00e7 Xa\u00e7atryan Erm\u0259nistan-Az\u0259rbaycan s\u0259rh\u0259dinin Ararat rayonunun Yerasx hiss\u0259sind\u0259ki erm\u0259ni m\u00f6vqel\u0259ri istiqam\u0259tind\u0259 Az\u0259rbaycan b\u00f6lm\u0259l\u0259rinin a\u00e7d\u0131\u011f\u0131 at\u0259\u015f n\u0259tic\u0259sind\u0259 yaralanm\u0131\u015fd\u0131r&#187;.<\/p>\n\n\n\n<p>Yay aylar\u0131nda Erm\u0259nistan-Az\u0259rbaycan s\u0259rh\u0259dind\u0259 ba\u015f ver\u0259n at\u0131\u015fmalar n\u0259tic\u0259sind\u0259 \u00f6l\u0259n v\u0259 yaralananlar olub.<\/p>\n\n\n\n<p>T\u0259r\u0259fl\u0259r bir-birini at\u0259\u015fk\u0259si pozmaqda ittiham edirl\u0259r.<\/p>\n\n\n\n<p>\u00d6t\u0259n il sentyabr\u0131n 27-d\u0259 Erm\u0259nistan-Az\u0259rbaycan aras\u0131nda ba\u015f ver\u0259n v\u0259 44 g\u00fcn davam ed\u0259n \u0130kinci Qaraba\u011f m\u00fcharib\u0259si noyabr\u0131n 10-da Az\u0259rbaycan, Erm\u0259nistan v\u0259 Rusiya liderl\u0259rinin imzalad\u0131\u011f\u0131 b\u0259yanatla ba\u015fa \u00e7at\u0131b.<\/p>\n\n\n\n<p>H\u0259min b\u0259yanata \u0259sas\u0259n, Rusiya s\u00fclhm\u0259raml\u0131lar\u0131 at\u0259\u015fk\u0259s\u0259 n\u0259zar\u0259t etm\u0259k \u00fc\u00e7\u00fcn Qaraba\u011fa yerl\u0259\u015fdirilib.<\/p>\n\n\n\n<p>M\u0259nb\u0259: BBC<\/p>\n","protected":false},"excerpt":{"rendered":"<p>Rusiya M\u00fcdafi\u0259 Nazirliyi oktyabr\u0131n 9-da Az\u0259rbaycan t\u0259r\u0259find\u0259n at\u0259\u015f n\u0259tic\u0259sind\u0259 Qaraba\u011fda m\u00fclki sakinin yaralanaraq \u00f6ld\u00fcy\u00fcn\u00fc bildirib. &#171;Oktyabr\u0131n 9-da Mardakert rayonunda t\u0259mas x\u0259tti yax\u0131nl\u0131\u011f\u0131nda k\u0259nd t\u0259s\u0259rr\u00fcfat\u0131<\/p>\n","protected":false},"author":2,"featured_media":50815,"comment_status":"closed","ping_status":"closed","sticky":false,"template":"","format":"standard","meta":{"footnotes":""},"categories":[4],"tags":[],"class_list":["post-50814","post","type-post","status-publish","format-standard","has-post-thumbnail","hentry","category-qarabag"],"aioseo_notices":[],"_links":{"self":[{"href":"https:\/\/fedai.az\/index.php?rest_route=\/wp\/v2\/posts\/50814","targetHints":{"allow":["GET"]}}],"collection":[{"href":"https:\/\/fedai.az\/index.php?rest_route=\/wp\/v2\/posts"}],"about":[{"href":"https:\/\/fedai.az\/index.php?rest_route=\/wp\/v2\/types\/post"}],"author":[{"embeddable":true,"href":"https:\/\/fedai.az\/index.php?rest_route=\/wp\/v2\/users\/2"}],"replies":[{"embeddable":true,"href":"https:\/\/fedai.az\/index.php?rest_route=%2Fwp%2Fv2%2Fcomments&post=50814"}],"version-history":[{"count":1,"href":"https:\/\/fedai.az\/index.php?rest_route=\/wp\/v2\/posts\/50814\/revisions"}],"predecessor-version":[{"id":50816,"href":"https:\/\/fedai.az\/index.php?rest_route=\/wp\/v2\/posts\/50814\/revisions\/50816"}],"wp:featuredmedia":[{"embeddable":true,"href":"https:\/\/fedai.az\/index.php?rest_route=\/wp\/v2\/media\/50815"}],"wp:attachment":[{"href":"https:\/\/fedai.az\/index.php?rest_route=%2Fwp%2Fv2%2Fmedia&parent=50814"}],"wp:term":[{"taxonomy":"category","embeddable":true,"href":"https:\/\/fedai.az\/index.php?rest_route=%2Fwp%2Fv2%2Fcategories&post=50814"},{"taxonomy":"post_tag","embeddable":true,"href":"https:\/\/fedai.az\/index.php?rest_route=%2Fwp%2Fv2%2Ftags&post=50814"}],"curies":[{"name":"wp","href":"https:\/\/api.w.org\/{rel}","templated":true}]}}