{"id":50828,"date":"2021-10-12T09:41:31","date_gmt":"2021-10-12T05:41:31","guid":{"rendered":"https:\/\/fedai.az\/?p=50828"},"modified":"2021-10-12T09:41:34","modified_gmt":"2021-10-12T05:41:34","slug":"r%c9%99fs%c9%99ncaninin-kitabindaki-etiraflari-iran-v%c9%99-erm%c9%99nistan-susa-v%c9%99-z%c9%99ngilani-nec%c9%99-isgal-etdi","status":"publish","type":"post","link":"https:\/\/fedai.az\/?p=50828","title":{"rendered":"R\u0259fs\u0259ncaninin kitab\u0131ndak\u0131 ET\u0130RAFLARI: \u0130ran v\u0259 Erm\u0259nistan \u015eu\u015fa v\u0259 Z\u0259ngilan\u0131 nec\u0259 \u0130\u015e\u011eAL ETD\u0130?"},"content":{"rendered":"\n<div class=\"wp-block-media-text alignwide is-stacked-on-mobile\" style=\"grid-template-columns:35% auto\"><figure class=\"wp-block-media-text__media\"><img loading=\"lazy\" decoding=\"async\" width=\"284\" height=\"300\" src=\"https:\/\/fedai.az\/wp-content\/uploads\/2021\/10\/895df6c3-923c-4e47-ab63-68c435fe070c-e1632135818237.jpg\" alt=\"\" class=\"wp-image-50829 size-full\" srcset=\"https:\/\/fedai.az\/wp-content\/uploads\/2021\/10\/895df6c3-923c-4e47-ab63-68c435fe070c-e1632135818237.jpg 284w, https:\/\/fedai.az\/wp-content\/uploads\/2021\/10\/895df6c3-923c-4e47-ab63-68c435fe070c-e1632135818237-142x150.jpg 142w\" sizes=\"auto, (max-width: 284px) 100vw, 284px\" \/><\/figure><div class=\"wp-block-media-text__content\">\n<p class=\"has-large-font-size\"><strong>Kamal \u018fliyev<\/strong><\/p>\n\n\n\n<p><strong>Siyasi ekspert, beyn\u0259lxalq m\u00fcnasib\u0259tl\u0259r \u00fczr\u0259 ara\u015fd\u0131rma\u00e7\u0131\u00a0<\/strong><\/p>\n<\/div><\/div>\n\n\n\n<p><strong>Ke\u00e7\u0259n d\u0259f\u0259 yazm\u0131\u015fd\u0131m ki, \u0130ran\u0131n ke\u00e7mi\u015f prezidenti (1989-1997) \u018fli \u018fkb\u0259r Ha\u015fimi R\u0259fs\u0259ncani 1992-ci ilin may\u0131n 8-d\u0259 Az\u0259rbaycan prezidentinin s\u0259lahiyy\u0259tl\u0259rini icra ed\u0259n, parlamentin spikeri Yaqub M\u0259mm\u0259dovu v\u0259 Erm\u0259nistan\u0131n prezidenti olmu\u015f Levon Ter Petrosyan\u0131 Tehrana d\u0259v\u0259t edib, guya, iki d\u00f6vl\u0259t aras\u0131nda at\u0259\u015fk\u0259s haqq\u0131nda m\u00fcqavil\u0259 imzalad\u0131.<\/strong><\/p>\n\n\n\n<p>\u018fzizl\u0259r, m\u0259n burda ona g\u00f6r\u0259 \u201cguya\u201d deyir\u0259m ki, el\u0259 h\u0259min g\u00fcn Tehranda imzalanan \u00fc\u00e7t\u0259r\u0259fli m\u00fcqavil\u0259nin m\u00fcr\u0259kk\u0259bi qurumam\u0131\u015f, \u015eu\u015fa erm\u0259nil\u0259r t\u0259r\u0259find\u0259n i\u015f\u011fal edildi. \u0130ndi prosesi yenid\u0259n rekaputilasiya etm\u0259k ist\u0259mir\u0259m.<\/p>\n\n\n\n<p>G\u0259lin, m\u0259n siz\u0259 \u0130ran prezidenti R\u0259fs\u0259ncaninin 1993-c\u00fc il oktyabr\u0131n 26-28 d\u0259 Az\u0259rbaycana s\u0259f\u0259rind\u0259n dan\u0131\u015f\u0131m. Dem\u0259li, h\u0259min tarixd\u0259 a\u011fayi R\u0259fs\u0259ncani h\u0259zr\u0259tl\u0259ri Bak\u0131ya b\u00f6y\u00fck n\u00fcmay\u0259nd\u0259 hey\u0259ti il\u0259 t\u0259\u015frif buyurur. O, h\u0259tta o\u011flu Mehdi R\u0259fs\u0259ncanini d\u0259 Bak\u0131ya g\u0259tirmi\u015fdi. Bundan \u0259lav\u0259 \u0130ran n\u00fcmay\u0259nd\u0259 hey\u0259tinin t\u0259rkibin\u0259 xarici i\u015fl\u0259r naziri \u018fli \u018fkb\u0259r Vilay\u0259ti v\u0259 prezidentin x\u00fcsusi n\u00fcmay\u0259nd\u0259si Mahmud Vaezi d\u0259 daxil idi.<\/p>\n\n\n\n<figure class=\"wp-block-image size-large is-resized\"><img loading=\"lazy\" decoding=\"async\" src=\"https:\/\/fedai.az\/wp-content\/uploads\/2021\/10\/Shushi_tank_memorial-DCP_3043.jpg\" alt=\"\" class=\"wp-image-50830\" width=\"1100\" height=\"726\" srcset=\"https:\/\/fedai.az\/wp-content\/uploads\/2021\/10\/Shushi_tank_memorial-DCP_3043.jpg 768w, https:\/\/fedai.az\/wp-content\/uploads\/2021\/10\/Shushi_tank_memorial-DCP_3043-300x198.jpg 300w, https:\/\/fedai.az\/wp-content\/uploads\/2021\/10\/Shushi_tank_memorial-DCP_3043-150x99.jpg 150w\" sizes=\"auto, (max-width: 1100px) 100vw, 1100px\" \/><\/figure>\n\n\n\n<p>\u018fvv\u0259lc\u0259 iki d\u00f6vl\u0259tin n\u00fcmay\u0259nd\u0259 hey\u0259tl\u0259ri aras\u0131nda g\u00f6r\u00fc\u015f ke\u00e7irilir, daha sonra Az\u0259rbaycan\u0131n m\u0259rhum prezidenti Heyd\u0259r \u018fliyevl\u0259 R\u0259fs\u0259ncaninin t\u0259kb\u0259t\u0259k g\u00f6r\u00fc\u015f\u00fc olur. H\u0259min tarixd\u0259 is\u0259 c\u0259bh\u0259d\u0259 v\u0259ziyy\u0259t \u00e7ox g\u0259rgin idi v\u0259 Araz \u00e7ay\u0131n\u0131n Z\u0259ngilan \u0259razisind\u0259ki hiss\u0259si erm\u0259nil\u0259rin artilleriya at\u0259\u015fi alt\u0131nda idi.<\/p>\n\n\n\n<p>Qeyd edim ki, Ha\u015fimi R\u0259fs\u0259ncani yazd\u0131\u011f\u0131 \u201cQuruculuq m\u0259tan\u0259ti\u201d (\u201cS\u0259lab\u0259t-e s\u0259z\u0259ndegi\u201d) kitab\u0131nda da bu hadis\u0259l\u0259r\u0259 toxunmu\u015fdu.<\/p>\n\n\n\n<p>Az\u0259rbaycan t\u0259r\u0259fi h\u0259tta R\u0259fs\u0259ncaniy\u0259 ba\u015fa salma\u011fa \u00e7al\u0131\u015f\u0131b ki, xeyli insan can\u0131n\u0131 qurtarmaq \u00fc\u00e7\u00fcn Araz \u00e7ay\u0131 \u00fcz\u0259rind\u0259n \u0130rana daxil olub v\u0259 \u0259g\u0259r Z\u0259ngilan i\u015f\u011fal olunsa \u0130ran\u0131n Parsabad \u015f\u0259h\u0259rin\u0259 q\u0259d\u0259r iki d\u00f6vl\u0259t aras\u0131nda s\u0259rh\u0259d zola\u011f\u0131 Erm\u0259nistan\u0131n n\u0259zar\u0259tin\u0259 ke\u00e7\u0259c\u0259k.<\/p>\n\n\n\n<p>H\u0259tta 1980-ci ild\u0259 erm\u0259nil\u0259r t\u0259r\u0259find\u0259n n\u0259\u015fr olunan \u201cB\u00f6y\u00fck Erm\u0259nistan\u201d x\u0259rit\u0259sini d\u0259 R\u0259fs\u0259ncaniy\u0259 g\u00f6st\u0259ribl\u0259r ki, v\u0259ziyy\u0259tin ciddiliyini qavras\u0131n. R\u0259fs\u0259ncani is\u0259 kitab\u0131nda \u201cB\u00f6y\u00fck Erm\u0259nistan\u201d x\u0259rit\u0259sind\u0259n \u201cguya\u201d olaraq b\u0259hs edir, y\u0259ni x\u0259rit\u0259y\u0259 inanm\u0131r.<\/p>\n\n\n\n<p>\u0130ran\u0131n xarici i\u015fl\u0259r naziri Vilay\u0259ti Heyd\u0259r \u018fliyev v\u0259 R\u0259fs\u0259ncaninin yan\u0131nda Erm\u0259nistan\u0131n xarici i\u015fl\u0259r nazirinin m\u00fcavinin\u0259 z\u0259ng edir v\u0259 m\u0259lumat al\u0131r. Daha sonra R\u0259fs\u0259ncani Petrosyanla da dan\u0131\u015f\u0131r.<\/p>\n\n\n\n<figure class=\"wp-block-image size-large is-resized\"><img loading=\"lazy\" decoding=\"async\" src=\"https:\/\/fedai.az\/wp-content\/uploads\/2021\/10\/\u0411\u0435\u0437-\u043d\u0430\u0437\u0432\u0430\u043d\u0438\u044f-7.jpg\" alt=\"\" class=\"wp-image-50831\" width=\"1096\" height=\"729\" srcset=\"https:\/\/fedai.az\/wp-content\/uploads\/2021\/10\/\u0411\u0435\u0437-\u043d\u0430\u0437\u0432\u0430\u043d\u0438\u044f-7.jpg 708w, https:\/\/fedai.az\/wp-content\/uploads\/2021\/10\/\u0411\u0435\u0437-\u043d\u0430\u0437\u0432\u0430\u043d\u0438\u044f-7-300x200.jpg 300w, https:\/\/fedai.az\/wp-content\/uploads\/2021\/10\/\u0411\u0435\u0437-\u043d\u0430\u0437\u0432\u0430\u043d\u0438\u044f-7-150x100.jpg 150w\" sizes=\"auto, (max-width: 1096px) 100vw, 1096px\" \/><\/figure>\n\n\n\n<p>\u018fziz az\u0259rbaycanl\u0131lar 1992-ci ilin may\u0131n 8-d\u0259 \u015eu\u015fa i\u015f\u011fal olunanda da R\u0259fs\u0259ncani Petrosyanla dan\u0131\u015fm\u0131\u015fd\u0131. A\u00e7\u0131q deyim ki, m\u0259nim kitab\u0131mda \u201ct\u0259sad\u00fcf\u201d deyil\u0259n \u015fey yoxdur. G\u00f6rd\u00fcy\u00fcn\u00fcz kimi, R\u0259fs\u0259ncaninin Petrosyanla iki telefon dan\u0131\u015f\u0131\u011f\u0131nda biz \u015eu\u015fan\u0131 v\u0259 Z\u0259ngilan\u0131 itirdik.<\/p>\n\n\n\n<p>Az\u0259rbaycandak\u0131 \u0130ran diasporu v\u0259 lobbisi bilsin ki, bunu R\u0259fs\u0259ncani \u00f6z kitab\u0131nda yaz\u0131b.<\/p>\n\n\n\n<p>Bel\u0259 ki, oktyabr\u0131n 28-d\u0259 R\u0259fs\u0259ncaninin Az\u0259rbaycana s\u0259f\u0259ri ba\u015fa \u00e7at\u0131r v\u0259 h\u0259min gec\u0259 Z\u0259ngilan erm\u0259nil\u0259r t\u0259r\u0259find\u0259n i\u015f\u011fal olunur.<\/p>\n\n\n\n<p>Do\u011frudur, 90-c\u0131 ill\u0259rd\u0259 Qaraba\u011fda a\u011f\u0131r yaralanan 108 n\u0259f\u0259r d\u00f6y\u00fc\u015f\u00e7\u00fc Tehranda, T\u0259brizd\u0259 v\u0259 R\u0259\u015ftd\u0259 m\u00fcalic\u0259 al\u0131b. H\u0259tta R\u0259fs\u0259ncani Bak\u0131da s\u0259f\u0259rd\u0259 olark\u0259n, m\u0259rhum Heyd\u0259r \u018fliyevl\u0259 birlikd\u0259 yaral\u0131 \u0259sg\u0259rl\u0259rin m\u00fcalic\u0259 ald\u0131\u011f\u0131 x\u0259st\u0259xanan\u0131 da ziyar\u0259t edib. O vaxtki daxili i\u015fl\u0259r naziri Vaqif Novruzov R\u0259fs\u0259ncani v\u0259 \u018fliyevi x\u0259st\u0259xanada qar\u015f\u0131layaraq yaral\u0131lar\u0131n v\u0259ziyy\u0259ti haqq\u0131nda prezidentl\u0259r\u0259 m\u0259lumat verib. R\u0259fs\u0259ncani kitab\u0131nda onu da yaz\u0131b ki, biz yaral\u0131lar\u0131n h\u0259r birin\u0259 30 min rubl da verdik.<\/p>\n\n\n\n<p>\u0130ndi m\u0259lum olur ki, Az\u0259rbaycan torpaqlar\u0131 i\u015f\u011fal olunark\u0259n, \u0130ran v\u0259 Erm\u0259nistan aras\u0131nda gizli tunel bel\u0259 \u00e7\u0259kilib. \u015e\u0259xs\u0259n bu, m\u0259nim \u00fc\u00e7\u00fcn adi hald\u0131r. \u0130ran \u00f6z narkotik ticar\u0259tini \u00f6z\u00fcn\u0259 qon\u015fu olan d\u00f6vl\u0259tl\u0259rl\u0259 el\u0259 yeralt\u0131 tunell\u0259rl\u0259 h\u0259yata ke\u00e7irir. Y\u0259ni, burda t\u0259\u0259cc\u00fcbl\u00fc v\u0259 qeyri-adi he\u00e7 n\u0259 yoxdur.<\/p>\n\n\n\n<figure class=\"wp-block-image size-large is-resized\"><img loading=\"lazy\" decoding=\"async\" src=\"https:\/\/fedai.az\/wp-content\/uploads\/2021\/10\/001-1-1.jpg\" alt=\"\" class=\"wp-image-50832\" width=\"1097\" height=\"556\" srcset=\"https:\/\/fedai.az\/wp-content\/uploads\/2021\/10\/001-1-1.jpg 768w, https:\/\/fedai.az\/wp-content\/uploads\/2021\/10\/001-1-1-300x152.jpg 300w, https:\/\/fedai.az\/wp-content\/uploads\/2021\/10\/001-1-1-150x76.jpg 150w\" sizes=\"auto, (max-width: 1097px) 100vw, 1097px\" \/><\/figure>\n\n\n\n<p>G\u00f6rd\u00fcy\u00fcn\u00fcz kimi, \u0130ran\u0131n h\u0259mi\u015f\u0259 Da\u011fl\u0131q Qaraba\u011fda at\u0259\u015fk\u0259s etm\u0259k \u00fc\u00e7\u00fcn m\u00fc\u0259yy\u0259n c\u0259hdl\u0259ri olub. Lakin r\u0259smi Tehran bizim \u00fcz\u00fcm\u00fcz\u0259 g\u00fcl\u0259-g\u00fcl\u0259 qap\u0131 arxas\u0131ndan Erm\u0259nistana k\u00f6m\u0259k edib. O vaxt T\u00fcrkiy\u0259 tarixind\u0259 PKK il\u0259 m\u00fcbariz\u0259nin \u0259n a\u011f\u0131r fazas\u0131 idi. \u00dcst\u0259lik, T\u00fcrkiy\u0259d\u0259 \u00f6mr\u00fc ortalama 3-5 ay olan koalisiya h\u00f6kum\u0259tl\u0259ri bu d\u00f6vl\u0259ti d\u0259 \u0259ld\u0259n salm\u0131\u015fd\u0131. S\u00fcleyman D\u0259mir\u0259l d\u0259 laz\u0131m\u0131nca d\u0259st\u0259k g\u00f6st\u0259rmirdi. Bu d\u0259f\u0259 b\u0259xtimiz onda g\u0259tirdi ki, T\u00fcrkiy\u0259d\u0259 koalisiya h\u00f6kum\u0259ti olmad\u0131 v\u0259 c\u0259nab \u018frdo\u011fan sonuna q\u0259d\u0259r yan\u0131m\u0131zda oldu.<\/p>\n\n\n\n<p>Biz T\u00fcrkiy\u0259 prezidentinin&nbsp; Az\u0259rbaycan hakimiyy\u0259tin\u0259 d\u0259st\u0259k verdiyini dey\u0259 bil\u0259rik. H\u00f6rm\u0259tli \u018frdo\u011fan\u0131n 44 g\u00fcnl\u00fck m\u00fcharib\u0259d\u0259 Az\u0259rbaycana birm\u0259nal\u0131 d\u0259st\u0259yi h\u0259m d\u0259 \u0130ran\u0131n \u0259l-qolunu ba\u011flad\u0131.<\/p>\n\n\n\n<p><strong>El\u0259 molla rejiminin d\u0259 i\u00e7ini g\u00f6yn\u0259d\u0259n budur.<\/strong><\/p>\n\n\n\n<p>M\u0259nb\u0259: <strong>KA\u0130M.az<\/strong><\/p>\n","protected":false},"excerpt":{"rendered":"<p>Kamal \u018fliyev Siyasi ekspert, beyn\u0259lxalq m\u00fcnasib\u0259tl\u0259r \u00fczr\u0259 ara\u015fd\u0131rma\u00e7\u0131\u00a0 Ke\u00e7\u0259n d\u0259f\u0259 yazm\u0131\u015fd\u0131m ki, \u0130ran\u0131n ke\u00e7mi\u015f prezidenti (1989-1997) \u018fli \u018fkb\u0259r Ha\u015fimi R\u0259fs\u0259ncani 1992-ci ilin may\u0131n 8-d\u0259<\/p>\n","protected":false},"author":2,"featured_media":50833,"comment_status":"closed","ping_status":"closed","sticky":false,"template":"","format":"standard","meta":{"footnotes":""},"categories":[1],"tags":[],"class_list":["post-50828","post","type-post","status-publish","format-standard","has-post-thumbnail","hentry","category-siyast"],"aioseo_notices":[],"_links":{"self":[{"href":"https:\/\/fedai.az\/index.php?rest_route=\/wp\/v2\/posts\/50828","targetHints":{"allow":["GET"]}}],"collection":[{"href":"https:\/\/fedai.az\/index.php?rest_route=\/wp\/v2\/posts"}],"about":[{"href":"https:\/\/fedai.az\/index.php?rest_route=\/wp\/v2\/types\/post"}],"author":[{"embeddable":true,"href":"https:\/\/fedai.az\/index.php?rest_route=\/wp\/v2\/users\/2"}],"replies":[{"embeddable":true,"href":"https:\/\/fedai.az\/index.php?rest_route=%2Fwp%2Fv2%2Fcomments&post=50828"}],"version-history":[{"count":1,"href":"https:\/\/fedai.az\/index.php?rest_route=\/wp\/v2\/posts\/50828\/revisions"}],"predecessor-version":[{"id":50834,"href":"https:\/\/fedai.az\/index.php?rest_route=\/wp\/v2\/posts\/50828\/revisions\/50834"}],"wp:featuredmedia":[{"embeddable":true,"href":"https:\/\/fedai.az\/index.php?rest_route=\/wp\/v2\/media\/50833"}],"wp:attachment":[{"href":"https:\/\/fedai.az\/index.php?rest_route=%2Fwp%2Fv2%2Fmedia&parent=50828"}],"wp:term":[{"taxonomy":"category","embeddable":true,"href":"https:\/\/fedai.az\/index.php?rest_route=%2Fwp%2Fv2%2Fcategories&post=50828"},{"taxonomy":"post_tag","embeddable":true,"href":"https:\/\/fedai.az\/index.php?rest_route=%2Fwp%2Fv2%2Ftags&post=50828"}],"curies":[{"name":"wp","href":"https:\/\/api.w.org\/{rel}","templated":true}]}}