{"id":50842,"date":"2021-10-12T10:21:40","date_gmt":"2021-10-12T06:21:40","guid":{"rendered":"https:\/\/fedai.az\/?p=50842"},"modified":"2021-10-12T10:21:43","modified_gmt":"2021-10-12T06:21:43","slug":"muharib%c9%99d%c9%99-b%c9%99d%c9%99nimin-20-faizi-yandi-amma-pensiya-ala-bilmir%c9%99m","status":"publish","type":"post","link":"https:\/\/fedai.az\/?p=50842","title":{"rendered":"\u201cM\u00fcharib\u0259d\u0259 b\u0259d\u0259nimin 20 faizi yand\u0131, amma pensiya ala bilmir\u0259m\u201d"},"content":{"rendered":"\n<p><strong>Az\u0259rbaycan Ordusunun m\u00fcdd\u0259td\u0259n art\u0131q h\u0259qiqi h\u0259rbi xidm\u0259t ke\u00e7\u0259n qulluq\u00e7usu (MAXE) M\u0259h\u0259rr\u0259mov M\u0259h\u0259rr\u0259m \u018ffs\u0259r o\u011flu V\u0259t\u0259n m\u00fcharib\u0259sinin ilk g\u00fcn\u00fc F\u00fczuli istiqam\u0259tind\u0259ki d\u00f6y\u00fc\u015fl\u0259rd\u0259 a\u011f\u0131r yaralan\u0131b. Uzun m\u00fcdd\u0259t m\u00fcalic\u0259 olunan qazi \u0259m\u0259k qabiliyy\u0259tini itirs\u0259 d\u0259, h\u0259l\u0259 d\u0259 ona \u0259lillik t\u0259yinat\u0131 apar\u0131lmay\u0131b.&nbsp;<\/strong><\/p>\n\n\n\n<p>Bu \u015fikay\u0259tl\u0259 \u201cQafqazinfo\u201dya m\u00fcraci\u0259t ed\u0259n&nbsp;qazi M. M\u0259h\u0259rr\u0259movun s\u00f6zl\u0259rin\u0259 g\u00f6r\u0259, silahl\u0131 q\u00fcvv\u0259l\u0259rd\u0259&nbsp;7 il xidm\u0259t edib: \u201cSentyabr\u0131n 27-d\u0259 F\u00fczuli istiqam\u0259tind\u0259 d\u00f6y\u00fc\u015fl\u0259rd\u0259 yaralanm\u0131\u015fam. D\u00fc\u015fm\u0259n m\u0259nim oldu\u011fum tank\u0131 vurub, n\u0259tic\u0259d\u0259 b\u0259d\u0259nimin 20 faizi yan\u0131b, g\u00f6z\u00fcmd\u0259, qollar\u0131mda, b\u0259d\u0259nimin dig\u0259r hiss\u0259l\u0259rind\u0259 h\u0259l\u0259 d\u0259 q\u0259lp\u0259l\u0259r var, k\u0259ll\u0259-beyin travmas\u0131 alm\u0131\u015fam. H\u0259r iki \u0259limin 5-ci barma\u011f\u0131 i\u015fl\u0259mir. M\u0259rk\u0259zi Klinikada v\u0259 \u018ff\u0259ndiyev ad\u0131na 2 sayl\u0131 \u015e\u0259h\u0259r Klinik X\u0259st\u0259xanas\u0131nda \u0259m\u0259liyyat olunmu\u015fam, b\u0259d\u0259nim\u0259 d\u0259ri k\u00f6\u00e7\u00fcr\u00fcl\u00fcb. T\u0259xmin\u0259n 6 ay \u0259vv\u0259l M\u00fcdafi\u0259 Nazirliyinin M\u0259rk\u0259zi H\u0259rbi Poliklinikas\u0131n\u0131n h\u0259rbi h\u0259kim komissiyas\u0131 t\u0259r\u0259find\u0259n xidm\u0259t\u0259 yarars\u0131z olmamla ba\u011fl\u0131 r\u0259y verilib. F\u00fczuli M\u0259rk\u0259zi Rayon X\u0259st\u0259xanas\u0131 t\u0259r\u0259find\u0259n Forma-88 \u0259lillik altsistemin\u0259 daxil edilib. Lakin D\u00f6vl\u0259t Tibbi-Sosial Ekspertiza v\u0259 Reabilitasiya Agentliyind\u0259n diaqnozumun \u0259lillik t\u0259yinat\u0131 \u00fc\u00e7\u00fcn uy\u011fun olmad\u0131\u011f\u0131 bildirilir\u201d.<\/p>\n\n\n\n<figure class=\"wp-block-image size-large\"><img loading=\"lazy\" decoding=\"async\" width=\"921\" height=\"922\" src=\"https:\/\/fedai.az\/wp-content\/uploads\/2021\/10\/qaziii.jpg\" alt=\"\" class=\"wp-image-50843\" srcset=\"https:\/\/fedai.az\/wp-content\/uploads\/2021\/10\/qaziii.jpg 921w, https:\/\/fedai.az\/wp-content\/uploads\/2021\/10\/qaziii-300x300.jpg 300w, https:\/\/fedai.az\/wp-content\/uploads\/2021\/10\/qaziii-150x150.jpg 150w, https:\/\/fedai.az\/wp-content\/uploads\/2021\/10\/qaziii-768x769.jpg 768w, https:\/\/fedai.az\/wp-content\/uploads\/2021\/10\/qaziii-215x215.jpg 215w\" sizes=\"auto, (max-width: 921px) 100vw, 921px\" \/><\/figure>\n\n\n\n<p>M. M\u0259h\u0259rr\u0259mov I, II v\u0259 III d\u0259r\u0259c\u0259li yan\u0131q x\u0259sar\u0259tl\u0259ri ald\u0131\u011f\u0131n\u0131, ordudan t\u0259rxis olunduqdan sonra \u00e7\u0259tin \u015f\u0259raitd\u0259 ya\u015fad\u0131\u011f\u0131n\u0131 deyir.\u00a0<\/p>\n\n\n\n<p><strong>Probleml\u0259 ba\u011fl\u0131 D\u00f6vl\u0259t Tibbi-Sosial Ekspertiza v\u0259 Reabilitasiya Agentliyin\u0259 sor\u011fu \u00fcnvanlad\u0131q. Qurumun m\u0259tbuat katibi Tural Qurbanov \u201cQafqazinfo\u201dya bildirdi ki, qazinin \u0259lillik v\u0259ziyy\u0259ti tibb m\u00fc\u0259ssis\u0259sinin g\u00f6nd\u0259ri\u015fi \u0259sas\u0131nda, y\u0259ni v\u0259t\u0259nda\u015f\u0131n i\u015ftirak\u0131 olmadan 08.08.2021-ci il tarixind\u0259 qiym\u0259tl\u0259ndirilib:&nbsp;<\/strong>&#171;Forma-88 \u00fcz\u0259rind\u0259n m\u00fc\u0259yy\u0259n edilib ki, v\u0259t\u0259nda\u015f\u0131n b\u0259d\u0259ninin bir ne\u00e7\u0259 nahiy\u0259sinin termiki yan\u0131\u011f\u0131 diaqnozu \u0259lillik t\u0259yinat\u0131na \u0259sas vermir. Bununla yana\u015f\u0131 M\u0259h\u0259rr\u0259mov M\u0259h\u0259rr\u0259md\u0259 h\u0259r iki \u0259lin 5-ci barma\u011f\u0131n\u0131n \u00e7ap\u0131q m\u0259n\u015f\u0259li kontrakturas\u0131 m\u00fc\u0259yy\u0259n edils\u0259 d\u0259, \u0259lin funksiyalar\u0131 pozulmay\u0131b. Bu da \u0259lillik \u0259lam\u0259ti t\u0259yin etmir. Bununla bel\u0259, qazi \u00f6t\u0259n ay \u0259yani m\u00fcayin\u0259y\u0259 d\u0259 c\u0259lb edilib. M\u00fcayin\u0259 zaman\u0131 onun haz\u0131rk\u0131 v\u0259ziyy\u0259tinin \u0259lilliy\u0259 \u0259sas verm\u0259diyi bir daha m\u00fc\u0259yy\u0259n edilib v\u0259 08.08.2021-ci il tarixli \u201cDiaqnoz \u0259lillik \u0259lam\u0259ti t\u0259yin etmir\u201d bar\u0259d\u0259 q\u0259rar\u0131 q\u00fcvv\u0259d\u0259 saxlan\u0131l\u0131b\u201d.&nbsp;<\/p>\n\n\n\n<p><strong>T. Qurbanov \u0259lav\u0259 edib ki, M.M\u0259h\u0259rr\u0259mov bu ilin may ay\u0131ndan \u201cM\u0259\u015f\u011fulluq\u201d altsistemind\u0259 i\u015faxtaran kimi qeydiyyatdad\u0131r:<\/strong>&nbsp;\u201cAil\u0259 7 n\u0259f\u0259rd\u0259n ibar\u0259tdir v\u0259 m\u0259cburi k\u00f6\u00e7k\u00fcnl\u0259r v\u0259 onlara b\u0259rab\u0259r tutulan \u015f\u0259xsl\u0259r \u00fc\u00e7\u00fcn vahid ayl\u0131q m\u00fcavin\u0259t al\u0131rlar. M.M\u0259h\u0259rr\u0259movun atas\u0131 h\u0259rbid\u0259 m\u00fclki i\u015fd\u0259, anas\u0131 is\u0259 ba\u011f\u00e7ada day\u0259 i\u015fl\u0259yir. 1 azya\u015fl\u0131 \u00f6vlad\u0131 var. V\u0259t\u0259nda\u015f\u0131n \u015f\u0259xsi t\u0259s\u0259rr\u00fcfat\u0131nda x\u0131rda v\u0259 iribuynuzlu heyvan olmad\u0131\u011f\u0131 n\u0259z\u0259r\u0259 al\u0131naraq D\u00f6vl\u0259t M\u0259\u015f\u011fulluq Agentliyinin 17 sayl\u0131 \u0259razi m\u0259\u015f\u011fulluq filial\u0131 t\u0259r\u0259find\u0259n ona \u00f6z\u00fcn\u00fcm\u0259\u015f\u011fulluq proqram\u0131 t\u0259klif edilib. Amma v\u0259t\u0259nda\u015f bundan imtina ed\u0259r\u0259k yaln\u0131z ya\u015fad\u0131\u011f\u0131 \u0259razi \u00fczr\u0259, s\u0259hh\u0259tin\u0259 uy\u011fun \u201cy\u00fcng\u00fcl\u201d i\u015fl\u0259 t\u0259min olunmaq ist\u0259diyini bildirib. Agentlik t\u0259r\u0259find\u0259n tez bir zamanda onun ist\u0259yin\u0259 uy\u011fun m\u0259\u015f\u011fullu\u011funun t\u0259min olunmas\u0131 \u00fc\u00e7\u00fcn t\u0259dbirl\u0259r g\u00f6r\u00fcl\u00fcb v\u0259 M.M\u0259h\u0259rr\u0259movun \u00f6z raz\u0131l\u0131\u011f\u0131 il\u0259 F\u00fczuli rayon Kommunal M\u00fc\u0259ssis\u0259l\u0259r Kombinat\u0131nda sosial i\u015f\u00e7i v\u0259zif\u0259sin\u0259 g\u00f6nd\u0259ri\u015fi verilib. Yax\u0131n zamanda v\u0259t\u0259nda\u015f \u0259m\u0259k f\u0259aliyy\u0259tin\u0259 ba\u015flayacaq\u201d.<\/p>\n\n\n\n<p>Qeyd ed\u0259k ki, MAXE M. M\u0259h\u0259rr\u0259mov V\u0259t\u0259n m\u00fcharib\u0259sind\u0259 g\u00f6st\u0259rdiyi \u015f\u00fcca\u0259t\u0259 g\u00f6r\u0259 \u201cF\u00fczulinin azad olunmas\u0131na g\u00f6r\u0259\u201d medal\u0131 il\u0259 t\u0259ltif olunub.&nbsp;<\/p>\n\n\n\n<p><strong>G\u00fclnar \u018fliyeva<\/strong><\/p>\n","protected":false},"excerpt":{"rendered":"<p>Az\u0259rbaycan Ordusunun m\u00fcdd\u0259td\u0259n art\u0131q h\u0259qiqi h\u0259rbi xidm\u0259t ke\u00e7\u0259n qulluq\u00e7usu (MAXE) M\u0259h\u0259rr\u0259mov M\u0259h\u0259rr\u0259m \u018ffs\u0259r o\u011flu V\u0259t\u0259n m\u00fcharib\u0259sinin ilk g\u00fcn\u00fc F\u00fczuli istiqam\u0259tind\u0259ki d\u00f6y\u00fc\u015fl\u0259rd\u0259 a\u011f\u0131r yaralan\u0131b. Uzun<\/p>\n","protected":false},"author":2,"featured_media":50844,"comment_status":"closed","ping_status":"closed","sticky":false,"template":"","format":"standard","meta":{"footnotes":""},"categories":[12],"tags":[],"class_list":["post-50842","post","type-post","status-publish","format-standard","has-post-thumbnail","hentry","category-sosial"],"aioseo_notices":[],"_links":{"self":[{"href":"https:\/\/fedai.az\/index.php?rest_route=\/wp\/v2\/posts\/50842","targetHints":{"allow":["GET"]}}],"collection":[{"href":"https:\/\/fedai.az\/index.php?rest_route=\/wp\/v2\/posts"}],"about":[{"href":"https:\/\/fedai.az\/index.php?rest_route=\/wp\/v2\/types\/post"}],"author":[{"embeddable":true,"href":"https:\/\/fedai.az\/index.php?rest_route=\/wp\/v2\/users\/2"}],"replies":[{"embeddable":true,"href":"https:\/\/fedai.az\/index.php?rest_route=%2Fwp%2Fv2%2Fcomments&post=50842"}],"version-history":[{"count":1,"href":"https:\/\/fedai.az\/index.php?rest_route=\/wp\/v2\/posts\/50842\/revisions"}],"predecessor-version":[{"id":50845,"href":"https:\/\/fedai.az\/index.php?rest_route=\/wp\/v2\/posts\/50842\/revisions\/50845"}],"wp:featuredmedia":[{"embeddable":true,"href":"https:\/\/fedai.az\/index.php?rest_route=\/wp\/v2\/media\/50844"}],"wp:attachment":[{"href":"https:\/\/fedai.az\/index.php?rest_route=%2Fwp%2Fv2%2Fmedia&parent=50842"}],"wp:term":[{"taxonomy":"category","embeddable":true,"href":"https:\/\/fedai.az\/index.php?rest_route=%2Fwp%2Fv2%2Fcategories&post=50842"},{"taxonomy":"post_tag","embeddable":true,"href":"https:\/\/fedai.az\/index.php?rest_route=%2Fwp%2Fv2%2Ftags&post=50842"}],"curies":[{"name":"wp","href":"https:\/\/api.w.org\/{rel}","templated":true}]}}