{"id":50846,"date":"2021-10-12T10:32:19","date_gmt":"2021-10-12T06:32:19","guid":{"rendered":"https:\/\/fedai.az\/?p=50846"},"modified":"2021-10-12T10:32:22","modified_gmt":"2021-10-12T06:32:22","slug":"%c9%99rdoganla-bayden-qarabag-m%c9%99s%c9%99l%c9%99sini-muzakir%c9%99-ed%c9%99c%c9%99k","status":"publish","type":"post","link":"https:\/\/fedai.az\/?p=50846","title":{"rendered":"\u018frdo\u011fanla Bayden Qaraba\u011f m\u0259s\u0259l\u0259sini m\u00fczakir\u0259 ed\u0259c\u0259k"},"content":{"rendered":"\n<p><strong>\u201cAB\u015e-la geni\u015f \u0259laq\u0259l\u0259rimiz var\u201d.<\/strong><\/p>\n\n\n\n<p>EDNews.net\u00a0x\u0259b\u0259r verir ki, bunu T\u00fcrkiy\u0259 Prezidentinin s\u00f6z\u00e7\u00fcs\u00fc \u0130brahim Kal\u0131n \u201cMilliyet\u201d q\u0259zetin\u0259 m\u00fcsahib\u0259sind\u0259 bildirib.<\/p>\n\n\n\n<p>T\u00fcrkiy\u0259 Prezidenti R\u0259c\u0259b Tayyib \u018frdo\u011fanla AB\u015e Prezidenti Cozef Baydenin \u201cG-20\u201d liderl\u0259rinin oktyabr\u0131n 30-31-d\u0259 Romada ke\u00e7iril\u0259c\u0259k Zirv\u0259 toplant\u0131s\u0131 \u00e7\u0259r\u00e7iv\u0259sind\u0259 ba\u015f tutacaq g\u00f6r\u00fc\u015f\u00fcnd\u0259 hans\u0131 m\u0259s\u0259l\u0259l\u0259rin m\u00fczakir\u0259 olunaca\u011f\u0131 il\u0259 ba\u011fl\u0131 sual\u0131 cavabland\u0131ran s\u00f6z\u00e7\u00fc deyib:<\/p>\n\n\n\n<p>\u201cAB\u015e-la siyasi, iqtisadi, energetika, t\u0259hl\u00fck\u0259sizlik, terrora qar\u015f\u0131 m\u00fcbariz\u0259, ticar\u0259t, m\u00fcdafi\u0259 s\u0259nayesi, \u018ffqan\u0131stan, Suriya, \u0130raq, Qaraba\u011f, Qafqaz, Liviya, \u015e\u0259qri Aral\u0131q d\u0259nizi v\u0259 ba\u015fqa b\u00f6lg\u0259l\u0259r, qlobal m\u0259s\u0259l\u0259l\u0259rl\u0259 ba\u011fl\u0131 \u0259laq\u0259l\u0259rimiz var. Liderl\u0259r g\u00fcnd\u0259liyin \u0259sas m\u0259s\u0259l\u0259l\u0259ri olaraq bunlar\u0131 m\u00fczakir\u0259 ed\u0259c\u0259kl\u0259r\u201d.<\/p>\n\n\n\n<p>&#171;X\u00fcsusil\u0259 ticar\u0259tin geni\u015fl\u0259nm\u0259sini v\u0259 art\u0131r\u0131lmas\u0131n\u0131 \u00e7ox ist\u0259yirik. A\u011f Evd\u0259ki g\u00f6r\u00fc\u015fl\u0259rimd\u0259 bu m\u00f6vzunu h\u0259ms\u00f6hb\u0259tl\u0259rim\u0259 x\u00fcsusil\u0259 vur\u011fulad\u0131m. Dedim ki, T\u00fcrkiy\u0259 il\u0259 AB\u015e aras\u0131nda 21 milyard dollarl\u0131q ticar\u0259t h\u0259cmi yara\u015fm\u0131r\u201d, &#8212; \u0130.Kal\u0131n \u0259lav\u0259 edib.<\/p>\n","protected":false},"excerpt":{"rendered":"<p>\u201cAB\u015e-la geni\u015f \u0259laq\u0259l\u0259rimiz var\u201d. EDNews.net\u00a0x\u0259b\u0259r verir ki, bunu T\u00fcrkiy\u0259 Prezidentinin s\u00f6z\u00e7\u00fcs\u00fc \u0130brahim Kal\u0131n \u201cMilliyet\u201d q\u0259zetin\u0259 m\u00fcsahib\u0259sind\u0259 bildirib. T\u00fcrkiy\u0259 Prezidenti R\u0259c\u0259b Tayyib \u018frdo\u011fanla AB\u015e Prezidenti<\/p>\n","protected":false},"author":2,"featured_media":50847,"comment_status":"closed","ping_status":"closed","sticky":false,"template":"","format":"standard","meta":{"footnotes":""},"categories":[4],"tags":[],"class_list":["post-50846","post","type-post","status-publish","format-standard","has-post-thumbnail","hentry","category-qarabag"],"aioseo_notices":[],"_links":{"self":[{"href":"https:\/\/fedai.az\/index.php?rest_route=\/wp\/v2\/posts\/50846","targetHints":{"allow":["GET"]}}],"collection":[{"href":"https:\/\/fedai.az\/index.php?rest_route=\/wp\/v2\/posts"}],"about":[{"href":"https:\/\/fedai.az\/index.php?rest_route=\/wp\/v2\/types\/post"}],"author":[{"embeddable":true,"href":"https:\/\/fedai.az\/index.php?rest_route=\/wp\/v2\/users\/2"}],"replies":[{"embeddable":true,"href":"https:\/\/fedai.az\/index.php?rest_route=%2Fwp%2Fv2%2Fcomments&post=50846"}],"version-history":[{"count":1,"href":"https:\/\/fedai.az\/index.php?rest_route=\/wp\/v2\/posts\/50846\/revisions"}],"predecessor-version":[{"id":50848,"href":"https:\/\/fedai.az\/index.php?rest_route=\/wp\/v2\/posts\/50846\/revisions\/50848"}],"wp:featuredmedia":[{"embeddable":true,"href":"https:\/\/fedai.az\/index.php?rest_route=\/wp\/v2\/media\/50847"}],"wp:attachment":[{"href":"https:\/\/fedai.az\/index.php?rest_route=%2Fwp%2Fv2%2Fmedia&parent=50846"}],"wp:term":[{"taxonomy":"category","embeddable":true,"href":"https:\/\/fedai.az\/index.php?rest_route=%2Fwp%2Fv2%2Fcategories&post=50846"},{"taxonomy":"post_tag","embeddable":true,"href":"https:\/\/fedai.az\/index.php?rest_route=%2Fwp%2Fv2%2Ftags&post=50846"}],"curies":[{"name":"wp","href":"https:\/\/api.w.org\/{rel}","templated":true}]}}