{"id":50852,"date":"2021-10-12T11:32:06","date_gmt":"2021-10-12T07:32:06","guid":{"rendered":"https:\/\/fedai.az\/?p=50852"},"modified":"2021-10-12T11:32:08","modified_gmt":"2021-10-12T07:32:08","slug":"v%c9%99t%c9%99n-muharib%c9%99si-s%c9%99hidl%c9%99rinin-ail%c9%99-uzvl%c9%99ri-v%c9%99-qazil%c9%99r-asan-xidm%c9%99td%c9%99n-novb%c9%99siz-istifad%c9%99-ed%c9%99c%c9%99kl%c9%99r","status":"publish","type":"post","link":"https:\/\/fedai.az\/?p=50852","title":{"rendered":"V\u0259t\u0259n m\u00fcharib\u0259si \u015f\u0259hidl\u0259rinin ail\u0259 \u00fczvl\u0259ri v\u0259 qazil\u0259r &#171;ASAN xidm\u0259t&#187;d\u0259n n\u00f6vb\u0259siz istifad\u0259 ed\u0259c\u0259kl\u0259r"},"content":{"rendered":"\n<p><strong>V\u0259t\u0259n m\u00fcharib\u0259si \u015f\u0259hidl\u0259rinin ail\u0259 \u00fczvl\u0259ri v\u0259 qazil\u0259r &#171;ASAN xidm\u0259t&#187; m\u0259rk\u0259zl\u0259rind\u0259ki xidm\u0259tl\u0259rd\u0259n n\u00f6vb\u0259siz istifad\u0259 ed\u0259c\u0259kl\u0259r.<\/strong><\/p>\n\n\n\n<p><br>Bu bar\u0259d\u0259 Prezident yan\u0131nda V\u0259t\u0259nda\u015flara Xidmt v\u0259 Sosial \u0130nnovasiyalar \u00fczr\u0259 D\u00f6vlt\u0259t Agentliyind\u0259n m\u0259lumat verilib.<\/p>\n\n\n\n<p><br>M\u0259lumatda bildirilir ki, &#171;ASAN xidm\u0259t&#187; m\u0259rk\u0259zl\u0259rind\u0259 \u0259razi b\u00fct\u00f6vl\u00fcy\u00fcm\u00fcz\u00fcn b\u0259rpas\u0131 u\u011frunda yaralananlar v\u0259 \u015f\u0259hid ail\u0259l\u0259rinin \u00fczvl\u0259ri \u00fc\u00e7\u00fcn t\u0259\u015fkil olunan x\u00fcsusi xidm\u0259t davam edir.<\/p>\n\n\n\n<p><br>Bel\u0259 ki, bu x\u00fcsusi xidm\u0259t vasit\u0259si il\u0259 m\u00fcvafiq kateqoriyadan olan \u015f\u0259xsl\u0259r xidm\u0259tl\u0259rd\u0259n n\u00f6vb\u0259 g\u00f6zl\u0259m\u0259d\u0259n yararlana bilirl\u0259r. G\u00f6st\u0259ril\u0259n xidm\u0259tl\u0259r yaralanan v\u0259 \u015f\u0259hidl\u0259rin (v\u0259r\u0259s\u0259lik h\u00fcququ haqq\u0131nda \u015f\u0259had\u0259tnam\u0259nin verilm\u0259si v\u0259 bununla ba\u011fl\u0131 olan dig\u0259r s\u0259n\u0259dl\u0259\u015fm\u0259 i\u015fl\u0259ri daxil olmaqla) yaln\u0131z \u00f6zl\u0259ri il\u0259 ba\u011fl\u0131 olan m\u00fcvafiq i\u015fl\u0259r\u0259 \u015famil edilir.<\/p>\n\n\n\n<p>M\u0259qs\u0259d can\u0131-qan\u0131 bahas\u0131na biz\u0259 Q\u0259l\u0259b\u0259ni ya\u015fadanlara x\u00fcsusi qay\u011f\u0131n\u0131n t\u0259min edilm\u0259si, onlar\u0131n daim xalq\u0131m\u0131z\u0131n diqq\u0259t m\u0259rk\u0259zind\u0259 olduqlar\u0131n\u0131 g\u00f6st\u0259rm\u0259kdir.<\/p>\n\n\n\n<p><br>Bu g\u00fcn\u0259 q\u0259d\u0259r bu istiqam\u0259td\u0259 1790 yaralanan\u0131n v\u0259 2166 \u015f\u0259hid ail\u0259si \u00fczv\u00fcn\u00fcn \u00fcmumilikd\u0259 3956 m\u00fcraci\u0259ti t\u0259min edilib.<\/p>\n","protected":false},"excerpt":{"rendered":"<p>V\u0259t\u0259n m\u00fcharib\u0259si \u015f\u0259hidl\u0259rinin ail\u0259 \u00fczvl\u0259ri v\u0259 qazil\u0259r &#171;ASAN xidm\u0259t&#187; m\u0259rk\u0259zl\u0259rind\u0259ki xidm\u0259tl\u0259rd\u0259n n\u00f6vb\u0259siz istifad\u0259 ed\u0259c\u0259kl\u0259r. Bu bar\u0259d\u0259 Prezident yan\u0131nda V\u0259t\u0259nda\u015flara Xidmt v\u0259 Sosial \u0130nnovasiyalar \u00fczr\u0259<\/p>\n","protected":false},"author":2,"featured_media":50853,"comment_status":"closed","ping_status":"closed","sticky":false,"template":"","format":"standard","meta":{"footnotes":""},"categories":[12],"tags":[],"class_list":["post-50852","post","type-post","status-publish","format-standard","has-post-thumbnail","hentry","category-sosial"],"aioseo_notices":[],"_links":{"self":[{"href":"https:\/\/fedai.az\/index.php?rest_route=\/wp\/v2\/posts\/50852","targetHints":{"allow":["GET"]}}],"collection":[{"href":"https:\/\/fedai.az\/index.php?rest_route=\/wp\/v2\/posts"}],"about":[{"href":"https:\/\/fedai.az\/index.php?rest_route=\/wp\/v2\/types\/post"}],"author":[{"embeddable":true,"href":"https:\/\/fedai.az\/index.php?rest_route=\/wp\/v2\/users\/2"}],"replies":[{"embeddable":true,"href":"https:\/\/fedai.az\/index.php?rest_route=%2Fwp%2Fv2%2Fcomments&post=50852"}],"version-history":[{"count":1,"href":"https:\/\/fedai.az\/index.php?rest_route=\/wp\/v2\/posts\/50852\/revisions"}],"predecessor-version":[{"id":50854,"href":"https:\/\/fedai.az\/index.php?rest_route=\/wp\/v2\/posts\/50852\/revisions\/50854"}],"wp:featuredmedia":[{"embeddable":true,"href":"https:\/\/fedai.az\/index.php?rest_route=\/wp\/v2\/media\/50853"}],"wp:attachment":[{"href":"https:\/\/fedai.az\/index.php?rest_route=%2Fwp%2Fv2%2Fmedia&parent=50852"}],"wp:term":[{"taxonomy":"category","embeddable":true,"href":"https:\/\/fedai.az\/index.php?rest_route=%2Fwp%2Fv2%2Fcategories&post=50852"},{"taxonomy":"post_tag","embeddable":true,"href":"https:\/\/fedai.az\/index.php?rest_route=%2Fwp%2Fv2%2Ftags&post=50852"}],"curies":[{"name":"wp","href":"https:\/\/api.w.org\/{rel}","templated":true}]}}