{"id":50872,"date":"2021-10-13T07:40:13","date_gmt":"2021-10-13T03:40:13","guid":{"rendered":"https:\/\/fedai.az\/?p=50872"},"modified":"2021-10-13T07:40:17","modified_gmt":"2021-10-13T03:40:17","slug":"putin-pasinyanla-n%c9%99d%c9%99n-danisib","status":"publish","type":"post","link":"https:\/\/fedai.az\/?p=50872","title":{"rendered":"Putin Pa\u015finyanla n\u0259d\u0259n dan\u0131\u015f\u0131b?"},"content":{"rendered":"\n<p><strong>Kremld\u0259 Rusiya Prezidenti Vladimir Putinl\u0259 Erm\u0259nistan\u0131n Ba\u015f naziri Nikol Pa\u015finyan\u0131n g\u00f6r\u00fc\u015f\u00fc ke\u00e7irilib.<\/strong><\/p>\n\n\n\n<p><br> TASS-\u0131n verdiyi m\u0259lumata g\u00f6r\u0259, Putin Pa\u015finyan\u0131 salamlayaraq deyib:<\/p>\n\n\n\n<p><br>&#171;Biz sizinl\u0259 telefonla davaml\u0131 \u0259laq\u0259 saxlay\u0131r\u0131q. \u018flb\u0259tt\u0259 ki, ist\u0259nil\u0259n n\u0259tic\u0259ni \u0259ld\u0259 etm\u0259k \u00fc\u00e7\u00fcn \u015f\u0259xsi g\u00f6r\u00fc\u015fl\u0259r h\u0259mi\u015f\u0259 m\u0259hsuldar \u015f\u0259kild\u0259 ke\u00e7irilir. \u00dcmid edir\u0259m ki, bu d\u0259f\u0259 d\u0259 bel\u0259 olacaq. R\u0259smi v\u0259 qeyri-r\u0259smi \u015f\u0259raitd\u0259 dan\u0131\u015faca\u011f\u0131q, birlikd\u0259 nahar ed\u0259c\u0259yik, cari i\u015fl\u0259ri m\u00fczakir\u0259 edib, perspektivl\u0259rd\u0259n dan\u0131\u015faca\u011f\u0131q. Tezlikl\u0259 MDB \u00f6lk\u0259l\u0259rinin sammiti olacaq. Bu sah\u0259d\u0259 v\u0259 \u0259lb\u0259tt\u0259 ki, qar\u015f\u0131l\u0131ql\u0131 \u0259laq\u0259l\u0259rimizin \u0259sas m\u0259s\u0259l\u0259l\u0259rin\u0259 dair qeydl\u0259ri sizinl\u0259 m\u00fcqayis\u0259 etm\u0259k ist\u0259rdim. Eyni zamanda, b\u00f6lg\u0259d\u0259 haz\u0131rda v\u0259 uzunm\u00fcdd\u0259tli perspektivd\u0259 t\u0259nziml\u0259nm\u0259y\u0259 dair m\u0259s\u0259l\u0259l\u0259ri\u201d.<\/p>\n\n\n\n<p>Pa\u015finyan \u00e7\u0131x\u0131\u015f\u0131 zaman\u0131 qeyd edib ki, regionda v\u0259ziyy\u0259tin tam sabitl\u0259\u015fm\u0259sind\u0259n dan\u0131\u015fmaq h\u0259l\u0259 d\u0259 m\u00fcmk\u00fcn deyil: &#171;Rusiya AT\u018fT-in Minsk Qrupunun h\u0259ms\u0259dri olaraq b\u00f6lg\u0259d\u0259 t\u0259hl\u00fck\u0259sizliyin t\u0259min edilm\u0259sind\u0259 \u0259sas rol oynay\u0131r. C\u0259nubi Qafqazda v\u0259 d\u00fcnyada dinamik prosesl\u0259r gedir v\u0259 bu kontekstd\u0259 m\u00fctt\u0259fiql\u0259rin tez-tez g\u00f6r\u00fc\u015f\u00fcb dan\u0131\u015fmas\u0131 \u00e7ox vacibdir\u201d.\u00a0<\/p>\n\n\n\n<p>M\u0259nb\u0259: Qafqazinfo<\/p>\n\n\n\n<figure class=\"wp-block-embed is-type-video is-provider-youtube wp-block-embed-youtube wp-embed-aspect-16-9 wp-has-aspect-ratio\"><div class=\"wp-block-embed__wrapper\">\n<iframe loading=\"lazy\" title=\"\u041f\u0443\u0442\u0438\u043d \u0438 \u041f\u0430\u0448\u0438\u043d\u044f\u043d \u043f\u0440\u043e\u0432\u043e\u0434\u044f\u0442 \u043f\u0435\u0440\u0435\u0433\u043e\u0432\u043e\u0440\u044b \u0432 \u041c\u043e\u0441\u043a\u0432\u0435\" width=\"715\" height=\"402\" src=\"https:\/\/www.youtube.com\/embed\/5ADDpiOWKvI?feature=oembed\" frameborder=\"0\" allow=\"accelerometer; autoplay; clipboard-write; encrypted-media; gyroscope; picture-in-picture\" allowfullscreen><\/iframe>\n<\/div><\/figure>\n","protected":false},"excerpt":{"rendered":"<p>Kremld\u0259 Rusiya Prezidenti Vladimir Putinl\u0259 Erm\u0259nistan\u0131n Ba\u015f naziri Nikol Pa\u015finyan\u0131n g\u00f6r\u00fc\u015f\u00fc ke\u00e7irilib. TASS-\u0131n verdiyi m\u0259lumata g\u00f6r\u0259, Putin Pa\u015finyan\u0131 salamlayaraq deyib: &#171;Biz sizinl\u0259 telefonla davaml\u0131<\/p>\n","protected":false},"author":2,"featured_media":50873,"comment_status":"closed","ping_status":"closed","sticky":false,"template":"","format":"standard","meta":{"footnotes":""},"categories":[1],"tags":[],"class_list":["post-50872","post","type-post","status-publish","format-standard","has-post-thumbnail","hentry","category-siyast"],"aioseo_notices":[],"_links":{"self":[{"href":"https:\/\/fedai.az\/index.php?rest_route=\/wp\/v2\/posts\/50872","targetHints":{"allow":["GET"]}}],"collection":[{"href":"https:\/\/fedai.az\/index.php?rest_route=\/wp\/v2\/posts"}],"about":[{"href":"https:\/\/fedai.az\/index.php?rest_route=\/wp\/v2\/types\/post"}],"author":[{"embeddable":true,"href":"https:\/\/fedai.az\/index.php?rest_route=\/wp\/v2\/users\/2"}],"replies":[{"embeddable":true,"href":"https:\/\/fedai.az\/index.php?rest_route=%2Fwp%2Fv2%2Fcomments&post=50872"}],"version-history":[{"count":1,"href":"https:\/\/fedai.az\/index.php?rest_route=\/wp\/v2\/posts\/50872\/revisions"}],"predecessor-version":[{"id":50874,"href":"https:\/\/fedai.az\/index.php?rest_route=\/wp\/v2\/posts\/50872\/revisions\/50874"}],"wp:featuredmedia":[{"embeddable":true,"href":"https:\/\/fedai.az\/index.php?rest_route=\/wp\/v2\/media\/50873"}],"wp:attachment":[{"href":"https:\/\/fedai.az\/index.php?rest_route=%2Fwp%2Fv2%2Fmedia&parent=50872"}],"wp:term":[{"taxonomy":"category","embeddable":true,"href":"https:\/\/fedai.az\/index.php?rest_route=%2Fwp%2Fv2%2Fcategories&post=50872"},{"taxonomy":"post_tag","embeddable":true,"href":"https:\/\/fedai.az\/index.php?rest_route=%2Fwp%2Fv2%2Ftags&post=50872"}],"curies":[{"name":"wp","href":"https:\/\/api.w.org\/{rel}","templated":true}]}}