{"id":50887,"date":"2021-10-13T08:10:43","date_gmt":"2021-10-13T04:10:43","guid":{"rendered":"https:\/\/fedai.az\/?p=50887"},"modified":"2021-10-13T08:10:46","modified_gmt":"2021-10-13T04:10:46","slug":"qarabagda-erm%c9%99ni-qalmayacaq-qarabagdan-qacan-erm%c9%99nil%c9%99r-pasinyandan-n%c9%99-ist%c9%99yir","status":"publish","type":"post","link":"https:\/\/fedai.az\/?p=50887","title":{"rendered":"\u201cQARABA\u011eDA ERM\u018fN\u0130 QALMAYACAQ&#8230;\u201d \u2013 Qaraba\u011fdan qa\u00e7an erm\u0259nil\u0259r Pa\u015finyandan n\u0259 ist\u0259yir?"},"content":{"rendered":"\n<p><strong>44 g\u00fcnl\u00fck m\u00fcharib\u0259 zaman\u0131 Erm\u0259nistana qa\u00e7an erm\u0259nil\u0259rin b\u00f6y\u00fck qismi geri qay\u0131tma\u011f\u0131 he\u00e7 a\u011fl\u0131n\u0131n ucundan da ke\u00e7irmir. Bunu son g\u00fcnl\u0259r \u0130r\u0259vanda h\u0259min erm\u0259nil\u0259rin tez-tez ke\u00e7irdikl\u0259ri etiraz aksiyalar\u0131 da t\u0259sdiql\u0259yir.<\/strong><\/p>\n\n\n\n<p>Azpolitika.infoerm\u0259ni m\u0259tbuat\u0131na istinadla x\u0259b\u0259r verir ki, oktyabr\u0131n 12-d\u0259 \u0130r\u0259vandak\u0131 h\u00f6kum\u0259t binas\u0131 qar\u015f\u0131s\u0131nda aksiya ke\u00e7ir\u0259n Qaraba\u011fdan qa\u00e7an erm\u0259nil\u0259r sosial v\u0259ziyy\u0259tl\u0259rinin yax\u015f\u0131la\u015fd\u0131r\u0131lmas\u0131n\u0131 v\u0259 Erm\u0259nistanda ya\u015fay\u0131\u015f v\u0259 i\u015f yerl\u0259ril\u0259 t\u0259min olunmalar\u0131n\u0131 t\u0259l\u0259b edibl\u0259r.<\/p>\n\n\n\n<p>Aksiyada i\u015ftirak ed\u0259n \u201cHadrut namin\u0259\u201d ictimai birliyinin ba\u015f\u00e7\u0131s\u0131\u00a0Levon Ayriyan\u00a0jurnalistl\u0259r\u0259 a\u00e7\u0131qlamas\u0131nda h\u00f6kum\u0259ti t\u0259nqid ed\u0259r\u0259k, erm\u0259nil\u0259rin zorla Qaraba\u011fa qaytar\u0131lmas\u0131 plan\u0131n\u0131 pisl\u0259yib:\u00a0\u201cKe\u00e7\u0259n d\u0259f\u0259 he\u00e7 olmasa sosial probleml\u0259rimizin m\u00fcv\u0259qq\u0259ti d\u0259 olsa h\u0259ll edil\u0259c\u0259yin\u0259 dair s\u00f6z vermi\u015fdil\u0259r. Onlar biz\u0259 adamba\u015f\u0131na c\u0259mi 25 min dram (50 dollar-red.) verm\u0259k q\u0259rar\u0131na g\u0259libl\u0259r, h\u0259l\u0259 bu pulu nec\u0259 x\u0259rcl\u0259m\u0259li oldu\u011fumuza dair m\u0259sl\u0259h\u0259tl\u0259r d\u0259 verirl\u0259r&#8230;\u201d<\/p>\n\n\n\n<figure class=\"wp-block-image size-large is-resized\"><img loading=\"lazy\" decoding=\"async\" src=\"https:\/\/fedai.az\/wp-content\/uploads\/2021\/10\/5759a27a-95de-41c0-912b-af30bad12c8d.jpg\" alt=\"\" class=\"wp-image-50888\" width=\"928\" height=\"522\" srcset=\"https:\/\/fedai.az\/wp-content\/uploads\/2021\/10\/5759a27a-95de-41c0-912b-af30bad12c8d.jpg 800w, https:\/\/fedai.az\/wp-content\/uploads\/2021\/10\/5759a27a-95de-41c0-912b-af30bad12c8d-300x169.jpg 300w, https:\/\/fedai.az\/wp-content\/uploads\/2021\/10\/5759a27a-95de-41c0-912b-af30bad12c8d-150x84.jpg 150w, https:\/\/fedai.az\/wp-content\/uploads\/2021\/10\/5759a27a-95de-41c0-912b-af30bad12c8d-768x432.jpg 768w\" sizes=\"auto, (max-width: 928px) 100vw, 928px\" \/><\/figure>\n\n\n\n<p>Qaraba\u011fa qay\u0131tmaq m\u0259s\u0259l\u0259sin\u0259 g\u0259linc\u0259, L.Ayriyan \u201cmilli azadl\u0131q h\u0259r\u0259kat\u0131\u201dn\u0131n m\u0259nas\u0131n\u0131 itirdiyini v\u0259 h\u0259r \u015feyin bitdiyini s\u00f6yl\u0259yib:\u00a0\u201c\u201dArtsax\u201da (Qaraba\u011f-red.) d\u00f6nm\u0259yin o vaxt m\u0259nas\u0131 olard\u0131 ki, orada milli azadl\u0131q u\u011frunda m\u00fcbariz\u0259 ba\u015flayard\u0131. M\u00fcbariz\u0259 is\u0259 yoxdur. Az\u0259rbaycan hakimiyy\u0259ti Qaraba\u011f adl\u0131 \u0259razi vahidinin l\u0259\u011fv edildiyini, art\u0131q olmad\u0131\u011f\u0131n\u0131 deyir, Rusiya Prezidenti is\u0259 deyir ki, Qaraba\u011f h\u0259r zaman Az\u0259rbaycan\u0131n olub v\u0259 bel\u0259 d\u0259 qalacaq. M\u0259n is\u0259 deyir\u0259m ki, \u201cartsax\u201da Erm\u0259nistan\u0131n t\u0259rkibind\u0259, yaxud m\u00fcst\u0259qil status verilm\u0259s\u0259, orada erm\u0259ni qalmayacaq. \u0130ndi biz\u0259 izah etsinl\u0259r ki, bizi hara v\u0259 niy\u0259 g\u00f6nd\u0259rirl\u0259r? Niy\u0259 bizim harada ev tik\u0259c\u0259yimiz\u0259 dair q\u0259rar\u0131 siz verm\u0259lisiniz?\u201d<\/p>\n\n\n\n<figure class=\"wp-block-image size-large is-resized\"><img loading=\"lazy\" decoding=\"async\" src=\"https:\/\/fedai.az\/wp-content\/uploads\/2021\/10\/1610428642_200.jpg\" alt=\"\" class=\"wp-image-50889\" width=\"921\" height=\"623\" srcset=\"https:\/\/fedai.az\/wp-content\/uploads\/2021\/10\/1610428642_200.jpg 540w, https:\/\/fedai.az\/wp-content\/uploads\/2021\/10\/1610428642_200-300x203.jpg 300w, https:\/\/fedai.az\/wp-content\/uploads\/2021\/10\/1610428642_200-150x101.jpg 150w\" sizes=\"auto, (max-width: 921px) 100vw, 921px\" \/><\/figure>\n\n\n\n<p>Aksiyada i\u015ftirak ed\u0259nl\u0259r Erm\u0259nistan\u0131n ist\u0259nil\u0259n n\u00f6qt\u0259sind\u0259 ya\u015fama\u011fa raz\u0131 olduqlar\u0131n\u0131, ancaq he\u00e7 bir halda Qaraba\u011fa qay\u0131tmaq ist\u0259m\u0259dikl\u0259rini bildiribl\u0259r. Onlar adamba\u015f\u0131na 50 dollarla ya\u015fama\u011f\u0131n m\u00fcmk\u00fcn olmad\u0131\u011f\u0131n\u0131 dey\u0259r\u0259k, Pa\u015finyan h\u00f6kum\u0259tind\u0259n sosial v\u0259ziyy\u0259tl\u0259rinin yax\u015f\u0131la\u015fd\u0131r\u0131lmas\u0131n\u0131 t\u0259l\u0259b edibl\u0259r.<\/p>\n\n\n\n<p><strong>Erm\u0259ni m\u0259tbuat\u0131 r\u0259smi statistikaya \u0259saslanaraq, vaxtil\u0259 i\u015f\u011fal alt\u0131nda olmu\u015f \u0259razil\u0259rimizd\u0259n, el\u0259c\u0259 d\u0259 haz\u0131rda s\u00fclhm\u0259raml\u0131lar\u0131n n\u0259zar\u0259tind\u0259ki b\u00f6lg\u0259d\u0259n \u00fcmumilikd\u0259\u00a021 615 n\u0259f\u0259rin\u00a0Erm\u0259nistana qa\u00e7d\u0131\u011f\u0131n\u0131 yaz\u0131r. V\u0259 bu r\u0259q\u0259m \u00e7oxalmaqdad\u0131r.\u00a0<\/strong><\/p>\n","protected":false},"excerpt":{"rendered":"<p>44 g\u00fcnl\u00fck m\u00fcharib\u0259 zaman\u0131 Erm\u0259nistana qa\u00e7an erm\u0259nil\u0259rin b\u00f6y\u00fck qismi geri qay\u0131tma\u011f\u0131 he\u00e7 a\u011fl\u0131n\u0131n ucundan da ke\u00e7irmir. Bunu son g\u00fcnl\u0259r \u0130r\u0259vanda h\u0259min erm\u0259nil\u0259rin tez-tez ke\u00e7irdikl\u0259ri<\/p>\n","protected":false},"author":2,"featured_media":50890,"comment_status":"closed","ping_status":"closed","sticky":false,"template":"","format":"standard","meta":{"footnotes":""},"categories":[1],"tags":[],"class_list":["post-50887","post","type-post","status-publish","format-standard","has-post-thumbnail","hentry","category-siyast"],"aioseo_notices":[],"_links":{"self":[{"href":"https:\/\/fedai.az\/index.php?rest_route=\/wp\/v2\/posts\/50887","targetHints":{"allow":["GET"]}}],"collection":[{"href":"https:\/\/fedai.az\/index.php?rest_route=\/wp\/v2\/posts"}],"about":[{"href":"https:\/\/fedai.az\/index.php?rest_route=\/wp\/v2\/types\/post"}],"author":[{"embeddable":true,"href":"https:\/\/fedai.az\/index.php?rest_route=\/wp\/v2\/users\/2"}],"replies":[{"embeddable":true,"href":"https:\/\/fedai.az\/index.php?rest_route=%2Fwp%2Fv2%2Fcomments&post=50887"}],"version-history":[{"count":1,"href":"https:\/\/fedai.az\/index.php?rest_route=\/wp\/v2\/posts\/50887\/revisions"}],"predecessor-version":[{"id":50891,"href":"https:\/\/fedai.az\/index.php?rest_route=\/wp\/v2\/posts\/50887\/revisions\/50891"}],"wp:featuredmedia":[{"embeddable":true,"href":"https:\/\/fedai.az\/index.php?rest_route=\/wp\/v2\/media\/50890"}],"wp:attachment":[{"href":"https:\/\/fedai.az\/index.php?rest_route=%2Fwp%2Fv2%2Fmedia&parent=50887"}],"wp:term":[{"taxonomy":"category","embeddable":true,"href":"https:\/\/fedai.az\/index.php?rest_route=%2Fwp%2Fv2%2Fcategories&post=50887"},{"taxonomy":"post_tag","embeddable":true,"href":"https:\/\/fedai.az\/index.php?rest_route=%2Fwp%2Fv2%2Ftags&post=50887"}],"curies":[{"name":"wp","href":"https:\/\/api.w.org\/{rel}","templated":true}]}}