{"id":50892,"date":"2021-10-13T08:24:49","date_gmt":"2021-10-13T04:24:49","guid":{"rendered":"https:\/\/fedai.az\/?p=50892"},"modified":"2021-10-13T08:24:52","modified_gmt":"2021-10-13T04:24:52","slug":"iranda-turkiy%c9%99-bayragini-t%c9%99hqir-ed%c9%99ni-doydul%c9%99r-video","status":"publish","type":"post","link":"https:\/\/fedai.az\/?p=50892","title":{"rendered":"\u0130randa T\u00fcrkiy\u0259 bayra\u011f\u0131n\u0131 t\u0259hqir ed\u0259ni d\u00f6yd\u00fcl\u0259r &#8212; Video"},"content":{"rendered":"\n<p><strong>\u0130ran\u0131n Z\u0259ncan \u015f\u0259h\u0259rind\u0259 T\u00fcrkiy\u0259 bayra\u011f\u0131n\u0131 t\u0259hqir ed\u0259n \u015f\u0259xs etiraza s\u0259b\u0259b olub.<\/strong><\/p>\n\n\n\n<p>\u0130nstaqram sosial \u015f\u0259b\u0259k\u0259sind\u0259 \u201cZ\u0259ncan Oyan\u201d s\u0259hif\u0259sind\u0259 hadis\u0259nin videosu payla\u015f\u0131l\u0131b.<\/p>\n\n\n\n<p>Videoda bir n\u0259f\u0259rin T\u00fcrkiy\u0259 bayra\u011f\u0131n\u0131 ayaqlar alt\u0131na atd\u0131\u011f\u0131, \u0259trafdak\u0131lar\u0131n is\u0259 olaya s\u0259rt reaksiya verdiyi g\u00f6r\u00fcn\u00fcr.<\/p>\n\n\n\n<p>Qeyd ed\u0259k ki, videonun \u0259halinin reaksiyas\u0131n\u0131 \u00f6yr\u0259nm\u0259k \u00fc\u00e7\u00fcn sosial eksperiment m\u0259qs\u0259di il\u0259 \u00e7\u0259kildiyi d\u0259 bildirilir.<\/p>\n\n\n\n<figure class=\"wp-block-embed is-type-video is-provider-youtube wp-block-embed-youtube wp-embed-aspect-4-3 wp-has-aspect-ratio\"><div class=\"wp-block-embed__wrapper\">\n<iframe loading=\"lazy\" title=\"Z\u0259ncanda t\u00fcrk bayra\u011f\u0131n\u0131 ayaqlayan \u015f\u0259xsi d\u00f6yd\u00fcl\u0259r\" width=\"715\" height=\"536\" src=\"https:\/\/www.youtube.com\/embed\/Dj3Ux9mbYMU?feature=oembed\" frameborder=\"0\" allow=\"accelerometer; autoplay; clipboard-write; encrypted-media; gyroscope; picture-in-picture\" allowfullscreen><\/iframe>\n<\/div><\/figure>\n","protected":false},"excerpt":{"rendered":"<p>\u0130ran\u0131n Z\u0259ncan \u015f\u0259h\u0259rind\u0259 T\u00fcrkiy\u0259 bayra\u011f\u0131n\u0131 t\u0259hqir ed\u0259n \u015f\u0259xs etiraza s\u0259b\u0259b olub. \u0130nstaqram sosial \u015f\u0259b\u0259k\u0259sind\u0259 \u201cZ\u0259ncan Oyan\u201d s\u0259hif\u0259sind\u0259 hadis\u0259nin videosu payla\u015f\u0131l\u0131b. Videoda bir n\u0259f\u0259rin T\u00fcrkiy\u0259<\/p>\n","protected":false},"author":2,"featured_media":50893,"comment_status":"closed","ping_status":"closed","sticky":false,"template":"","format":"standard","meta":{"footnotes":""},"categories":[3],"tags":[],"class_list":["post-50892","post","type-post","status-publish","format-standard","has-post-thumbnail","hentry","category-gundm"],"aioseo_notices":[],"_links":{"self":[{"href":"https:\/\/fedai.az\/index.php?rest_route=\/wp\/v2\/posts\/50892","targetHints":{"allow":["GET"]}}],"collection":[{"href":"https:\/\/fedai.az\/index.php?rest_route=\/wp\/v2\/posts"}],"about":[{"href":"https:\/\/fedai.az\/index.php?rest_route=\/wp\/v2\/types\/post"}],"author":[{"embeddable":true,"href":"https:\/\/fedai.az\/index.php?rest_route=\/wp\/v2\/users\/2"}],"replies":[{"embeddable":true,"href":"https:\/\/fedai.az\/index.php?rest_route=%2Fwp%2Fv2%2Fcomments&post=50892"}],"version-history":[{"count":1,"href":"https:\/\/fedai.az\/index.php?rest_route=\/wp\/v2\/posts\/50892\/revisions"}],"predecessor-version":[{"id":50894,"href":"https:\/\/fedai.az\/index.php?rest_route=\/wp\/v2\/posts\/50892\/revisions\/50894"}],"wp:featuredmedia":[{"embeddable":true,"href":"https:\/\/fedai.az\/index.php?rest_route=\/wp\/v2\/media\/50893"}],"wp:attachment":[{"href":"https:\/\/fedai.az\/index.php?rest_route=%2Fwp%2Fv2%2Fmedia&parent=50892"}],"wp:term":[{"taxonomy":"category","embeddable":true,"href":"https:\/\/fedai.az\/index.php?rest_route=%2Fwp%2Fv2%2Fcategories&post=50892"},{"taxonomy":"post_tag","embeddable":true,"href":"https:\/\/fedai.az\/index.php?rest_route=%2Fwp%2Fv2%2Ftags&post=50892"}],"curies":[{"name":"wp","href":"https:\/\/api.w.org\/{rel}","templated":true}]}}