{"id":50903,"date":"2021-10-13T08:48:54","date_gmt":"2021-10-13T04:48:54","guid":{"rendered":"https:\/\/fedai.az\/?p=50903"},"modified":"2021-10-13T08:56:39","modified_gmt":"2021-10-13T04:56:39","slug":"hikm%c9%99t-mirz%c9%99yevin-birinci-qarabag-muharib%c9%99si-vaxti-tarixi-cixisi-yayilib","status":"publish","type":"post","link":"https:\/\/fedai.az\/?p=50903","title":{"rendered":"Hikm\u0259t Mirz\u0259yevin birinci Qaraba\u011f m\u00fcharib\u0259si vaxt\u0131 tarixi \u00e7\u0131x\u0131\u015f\u0131 yay\u0131l\u0131b"},"content":{"rendered":"\n<p><strong>V\u0259t\u0259n m\u00fcharib\u0259sind\u0259 q\u0259hr\u0259manl\u0131qlar\u0131 il\u0259 dastan yazan X\u00fcsusi T\u0259yinatl\u0131 Q\u00fcvv\u0259l\u0259rin&nbsp; komandan\u0131, general-leytenant Hikm\u0259t Mirz\u0259yevin birinci Qaraba\u011f m\u00fcharib\u0259si ill\u0259rin\u0259 t\u0259sad\u00fcf ed\u0259n videosu yay\u0131l\u0131b.<\/strong><\/p>\n\n\n\n<p><br>&#171;Qafqazinfo\u201dnun \u0259ld\u0259 etdiyi g\u00f6r\u00fcnt\u00fcl\u0259rd\u0259 Hikm\u0259t Mirz\u0259yev x\u00fcsusi t\u0259yinatl\u0131 taborun komandiri kimi \u015f\u0259xsi hey\u0259t qar\u015f\u0131s\u0131nda \u00e7\u0131x\u0131\u015f edir.\u00a0<\/p>\n\n\n\n<p><br>O, d\u00f6y\u00fc\u015f\u0259 ged\u0259c\u0259k x\u00fcsusi t\u0259yinatl\u0131 taborun qar\u015f\u0131s\u0131nda bu s\u00f6zl\u0259ri deyir:\u00a0&#171;\u00dcr\u0259kl\u0259r yan\u0131r. Biz bu g\u00fcnl\u0259ri taborun ad\u0131ndan bir daha s\u00f6z verm\u0259liyik. Az\u0259rbaycan mill\u0259ti qar\u015f\u0131s\u0131nda, torpaqlar\u0131m\u0131z\u0131n, \u015f\u0259hid olan qarda\u015flar\u0131m\u0131z\u0131n, namusuna toxunulan ana-bac\u0131lar\u0131m\u0131z\u0131n qar\u015f\u0131s\u0131nda s\u00f6z verm\u0259liyik. Torpaqlar\u0131m\u0131z\u0131n azadl\u0131\u011f\u0131 u\u011frunda s\u00f6z verm\u0259liyik. Burada duranlar ham\u0131s\u0131 \u00fcr\u0259kli ki\u015fil\u0259rdir. \u018fsg\u0259r demir\u0259m, ki\u015fil\u0259rdir. Getm\u0259mi\u015fd\u0259m \u0259vv\u0259l and m\u0259rasimi olacaq. Biz bir daha Az\u0259rbaycan\u0131m\u0131z\u0131, mill\u0259timizi qoruma\u011fa and i\u00e7\u0259c\u0259yik. M\u0259n inan\u0131ram ki, bizim batalyon son s\u00f6z\u00fcn\u00fc orada dey\u0259c\u0259k\u201d.<\/p>\n\n\n\n<figure class=\"wp-block-embed is-type-video is-provider-youtube wp-block-embed-youtube wp-embed-aspect-4-3 wp-has-aspect-ratio\"><div class=\"wp-block-embed__wrapper\">\n<iframe loading=\"lazy\" title=\"Hikm\u0259t Mirz\u0259yevin birinci Qaraba\u011f m\u00fcharib\u0259si vaxt\u0131 tarixi \u00e7\u0131x\u0131\u015f\u0131\" width=\"715\" height=\"536\" src=\"https:\/\/www.youtube.com\/embed\/3TwLBaCwxyc?feature=oembed\" frameborder=\"0\" allow=\"accelerometer; autoplay; clipboard-write; encrypted-media; gyroscope; picture-in-picture\" allowfullscreen><\/iframe>\n<\/div><\/figure>\n\n\n\n<p>Qeyd ed\u0259k ki, komandan Hikm\u0259t Mirz\u0259yev m\u00fcasir h\u0259rb tariximizin \u0259n \u00f6n\u0259mli simalar\u0131ndan biridir. O, Bil\u0259suvar rayonunda do\u011fulub. <\/p>\n\n\n\n<p>&#171;Aprel d\u00f6y\u00fc\u015fl\u0259ri\u201d v\u0259 V\u0259t\u0259n M\u00fcharib\u0259sind\u0259 apar\u0131lan h\u0259rbi \u0259m\u0259liyyatlar\u0131n r\u0259hb\u0259rl\u0259rind\u0259ndir. Ali Ba\u015f Komandan \u0130lham \u018fliyev V\u0259t\u0259n m\u00fcharib\u0259si vaxt\u0131 &#8212; \u00f6t\u0259n il oktyabr 17-d\u0259 ona general-leytenant ali h\u0259rbi r\u00fctb\u0259si verib. H.Mirz\u0259yev K\u0259lb\u0259c\u0259r, \u015eu\u015fa, Qubadl\u0131, F\u00fczuli v\u0259 C\u0259bray\u0131l\u0131n azad edilm\u0259sin\u0259 g\u00f6r\u0259 medallar\u0131 il\u0259 t\u0259ltif olunub, &#171;V\u0259t\u0259n M\u00fcharib\u0259si Q\u0259hr\u0259man\u0131\u201d ad\u0131na layiq g\u00f6r\u00fcl\u00fcb.<\/p>\n\n\n\n<p><br>V\u0259t\u0259n M\u00fcharib\u0259si q\u0259l\u0259b\u0259sin\u0259 h\u0259sr edil\u0259n Z\u0259f\u0259r parad\u0131nda \u00fc\u00e7 kolondan ibar\u0259t X\u00fcsusi T\u0259yinatl\u0131 Q\u00fcvv\u0259l\u0259rin parad hey\u0259tin\u0259 d\u0259 komandan Hikm\u0259t Mirz\u0259yev r\u0259hb\u0259rlik edib.<\/p>\n","protected":false},"excerpt":{"rendered":"<p>V\u0259t\u0259n m\u00fcharib\u0259sind\u0259 q\u0259hr\u0259manl\u0131qlar\u0131 il\u0259 dastan yazan X\u00fcsusi T\u0259yinatl\u0131 Q\u00fcvv\u0259l\u0259rin&nbsp; komandan\u0131, general-leytenant Hikm\u0259t Mirz\u0259yevin birinci Qaraba\u011f m\u00fcharib\u0259si ill\u0259rin\u0259 t\u0259sad\u00fcf ed\u0259n videosu yay\u0131l\u0131b. &#171;Qafqazinfo\u201dnun \u0259ld\u0259 etdiyi<\/p>\n","protected":false},"author":2,"featured_media":50904,"comment_status":"closed","ping_status":"closed","sticky":false,"template":"","format":"standard","meta":{"footnotes":""},"categories":[3],"tags":[],"class_list":["post-50903","post","type-post","status-publish","format-standard","has-post-thumbnail","hentry","category-gundm"],"aioseo_notices":[],"_links":{"self":[{"href":"https:\/\/fedai.az\/index.php?rest_route=\/wp\/v2\/posts\/50903","targetHints":{"allow":["GET"]}}],"collection":[{"href":"https:\/\/fedai.az\/index.php?rest_route=\/wp\/v2\/posts"}],"about":[{"href":"https:\/\/fedai.az\/index.php?rest_route=\/wp\/v2\/types\/post"}],"author":[{"embeddable":true,"href":"https:\/\/fedai.az\/index.php?rest_route=\/wp\/v2\/users\/2"}],"replies":[{"embeddable":true,"href":"https:\/\/fedai.az\/index.php?rest_route=%2Fwp%2Fv2%2Fcomments&post=50903"}],"version-history":[{"count":2,"href":"https:\/\/fedai.az\/index.php?rest_route=\/wp\/v2\/posts\/50903\/revisions"}],"predecessor-version":[{"id":50906,"href":"https:\/\/fedai.az\/index.php?rest_route=\/wp\/v2\/posts\/50903\/revisions\/50906"}],"wp:featuredmedia":[{"embeddable":true,"href":"https:\/\/fedai.az\/index.php?rest_route=\/wp\/v2\/media\/50904"}],"wp:attachment":[{"href":"https:\/\/fedai.az\/index.php?rest_route=%2Fwp%2Fv2%2Fmedia&parent=50903"}],"wp:term":[{"taxonomy":"category","embeddable":true,"href":"https:\/\/fedai.az\/index.php?rest_route=%2Fwp%2Fv2%2Fcategories&post=50903"},{"taxonomy":"post_tag","embeddable":true,"href":"https:\/\/fedai.az\/index.php?rest_route=%2Fwp%2Fv2%2Ftags&post=50903"}],"curies":[{"name":"wp","href":"https:\/\/api.w.org\/{rel}","templated":true}]}}