{"id":50914,"date":"2021-10-13T11:36:54","date_gmt":"2021-10-13T07:36:54","guid":{"rendered":"https:\/\/fedai.az\/?p=50914"},"modified":"2021-10-13T11:37:25","modified_gmt":"2021-10-13T07:37:25","slug":"fuzulinin-azad-edilm%c9%99si-v%c9%99t%c9%99n-muharib%c9%99sinin-gedisatinda-strateji-%c9%99h%c9%99miyy%c9%99t-k%c9%99sb-etmisdir","status":"publish","type":"post","link":"https:\/\/fedai.az\/?p=50914","title":{"rendered":"F\u00fczulinin azad edilm\u0259si V\u0259t\u0259n m\u00fcharib\u0259sinin gedi\u015fat\u0131nda strateji \u0259h\u0259miyy\u0259t k\u0259sb etmi\u015fdir!.."},"content":{"rendered":"\n<div class=\"wp-block-media-text alignwide is-stacked-on-mobile\" style=\"grid-template-columns:43% auto\"><figure class=\"wp-block-media-text__media\"><img loading=\"lazy\" decoding=\"async\" width=\"768\" height=\"1024\" src=\"https:\/\/fedai.az\/wp-content\/uploads\/2021\/09\/61340592_1827006614065806_4643279875166175232_n-768x1024.jpg\" alt=\"\" class=\"wp-image-49466 size-full\" srcset=\"https:\/\/fedai.az\/wp-content\/uploads\/2021\/09\/61340592_1827006614065806_4643279875166175232_n-768x1024.jpg 768w, https:\/\/fedai.az\/wp-content\/uploads\/2021\/09\/61340592_1827006614065806_4643279875166175232_n-225x300.jpg 225w, https:\/\/fedai.az\/wp-content\/uploads\/2021\/09\/61340592_1827006614065806_4643279875166175232_n-113x150.jpg 113w, https:\/\/fedai.az\/wp-content\/uploads\/2021\/09\/61340592_1827006614065806_4643279875166175232_n.jpg 960w\" sizes=\"auto, (max-width: 768px) 100vw, 768px\" \/><\/figure><div class=\"wp-block-media-text__content\">\n<p class=\"has-large-font-size\"><strong>M\u00fc\u015ffiq \u018fliyev<\/strong><\/p>\n\n\n\n<p><strong><em><span class=\"has-inline-color has-vivid-red-color\">Az\u0259rbaycan Respublikas\u0131 \u015e\u0259hid Ail\u0259l\u0259rin\u0259 \u201cQay\u011f\u0131\u201d C\u0259miyy\u0259tinin s\u0259dri, Az\u0259rbaycan V\u0259t\u0259n M\u00fcharib\u0259si Veteranlar\u0131 \u0130ctimai Birliyi s\u0259drinin humanitar m\u0259s\u0259l\u0259l\u0259r \u00fczr\u0259 s\u0259lahiyy\u0259tli n\u00fcmay\u0259nd\u0259si<\/span><\/em><\/strong><\/p>\n\n\n\n<p><strong>BAKI \u015e\u018fH\u018fR\u0130, X\u018fZ\u018fR RAYON SAK\u0130N\u0130<\/strong><\/p>\n<\/div><\/div>\n\n\n\n<p><strong>Bilirik ki, F\u00fczuli \u015f\u0259h\u0259ri v\u0259 rayonun b\u00f6y\u00fck hiss\u0259si 23 avqust 1993-c\u00fc il tarixind\u0259 erm\u0259ni silahl\u0131 q\u00fcvv\u0259l\u0259ri t\u0259r\u0259find\u0259n i\u015f\u011fal olunmu\u015fdur. 5 yanvar 1994-c\u00fc ild\u0259 Az\u0259rbaycan Respublikas\u0131 Silahl\u0131 Q\u00fcvv\u0259l\u0259rinin h\u00fccumu n\u0259tic\u0259sind\u0259 rayonun 22 ya\u015fay\u0131\u015f m\u0259nt\u0259q\u0259si i\u015f\u011faldan azad olunmu\u015fdur. Q\u0259l\u0259b\u0259 il\u0259 bit\u0259n bu h\u0259rbi \u0259m\u0259liyyatlara Az\u0259rbaycan xalq\u0131n\u0131n \u00dcmumilli Lideri Heyd\u0259r \u018fliyevin \u0259mri il\u0259 ba\u015flanm\u0131\u015fd\u0131r. <\/strong><\/p>\n\n\n\n<p>O zaman i\u015f\u011faldan azad olunmu\u015f \u0259razil\u0259rd\u0259 haz\u0131rda rayon \u0259halisinin 50%-\u0259 q\u0259d\u0259ri ya\u015fay\u0131r. Erm\u0259nistan\u0131n silahl\u0131 q\u00fcvv\u0259l\u0259ri il\u0259 m\u00fcbariz\u0259d\u0259 rayon sakinl\u0259rind\u0259n 400 n\u0259f\u0259r\u0259d\u0259k m\u00fcharib\u0259 \u0259lili, 657 n\u0259f\u0259r \u015f\u0259hid olmu\u015fdur, 181 n\u0259f\u0259r \u0259sir v\u0259 itkin d\u00fc\u015fm\u00fc\u015fd\u00fcr. Z\u0259ngin infrastruktur v\u0259 tarixi abid\u0259l\u0259r\u0259 malik olan bu \u0259razi daim d\u00fc\u015fm\u0259nl\u0259rimizin diqq\u0259t m\u0259rk\u0259zind\u0259 olmu\u015fdur. F\u00fczuli rayonunda i\u015f\u011faldan \u0259vv\u0259l 2 \u015f\u0259h\u0259r, 16 q\u0259s\u0259b\u0259, 82 k\u0259nd v\u0259 ba\u015fqa ya\u015fay\u0131\u015f m\u0259nt\u0259q\u0259l\u0259ri m\u00f6vcud olmu\u015fdur. \u0130\u015f\u011faldan \u00f6nc\u0259 F\u00fczuli rayonu tarixi-dini abid\u0259l\u0259rl\u0259, x\u00fcsus\u0259n d\u0259 t\u00fcrb\u0259l\u0259rl\u0259 z\u0259ngin bir \u0259razi olmu\u015fdur. <\/p>\n\n\n\n<p>Bu abid\u0259l\u0259r s\u0131ras\u0131na rayonun Bab\u0131 k\u0259ndind\u0259 yerl\u0259\u015f\u0259n s\u0259kkizgu\u015f\u0259li \u015eeyx Babi Yaqub (XIII \u0259sr) t\u00fcrb\u0259sini, A\u015fa\u011f\u0131 Veys\u0259lli k\u0259ndind\u0259 XIV \u0259sr\u0259 aid Mir\u0259li t\u00fcrb\u0259sini, \u018fhm\u0259dal\u0131lar k\u0259ndind\u0259 orta \u0259sr q\u0259biristanl\u0131\u011f\u0131n\u0131n \u0259razisind\u0259 s\u0259nduq\u0259 formal\u0131 q\u0259birda\u015f\u0131n\u0131n \u00fcz\u0259rind\u0259ki t\u00fcrb\u0259ni, XIX \u0259srin C\u0259lil t\u00fcrb\u0259sini aid etm\u0259k olar. T\u0259bii ki, \u015eanl\u0131 Az\u0259rbaycan Ordusunun missiyas\u0131 m\u0259lum idi. V\u0259t\u0259n m\u00fcharib\u0259sinin gedi\u015find\u0259 F\u00fczuli rayonunun Qo\u00e7\u0259hm\u0259dli, \u00c7im\u0259n, Cuvarl\u0131, Pir\u0259hm\u0259dli, Musab\u0259yli, \u0130\u015f\u0131ql\u0131, D\u0259d\u0259li k\u0259ndl\u0259ri v\u0259 F\u00fczuli \u015f\u0259h\u0259ri \u015fanl\u0131 Ordumuz t\u0259r\u0259find\u0259n 17 oktyabr tarixind\u0259 i\u015f\u011faldan azad edilmi\u015fdir. Erm\u0259nistan\u0131n t\u0259xribatlar\u0131na cavab olaraq M\u00fcz\u0259ff\u0259r Ali Ba\u015f Komandan, Prezident \u0130lham \u018fliyevin komandanl\u0131\u011f\u0131 il\u0259 2020-ci il 27 sentyabr tarixind\u0259 ba\u015flayan V\u0259t\u0259n m\u00fcharib\u0259sind\u0259 F\u00fczuli \u015f\u0259h\u0259ri daxil olmaqla rayonun 62 ya\u015fay\u0131\u015f m\u0259nt\u0259q\u0259si i\u015f\u011faldan azad edilmi\u015fdir. Bu d\u00f6y\u00fc\u015fl\u0259rd\u0259 F\u00fczuli rayonundan 80 n\u0259f\u0259r\u0259d\u0259k sakin \u015f\u0259hid olmu\u015f, 300 n\u0259f\u0259r\u0259d\u0259k sakin yaralanm\u0131\u015fd\u0131r. F\u00fczuli \u0259m\u0259liyyat\u0131 Az\u0259rbaycan Ordusunun \u0130kinci Qaraba\u011f m\u00fcharib\u0259sind\u0259 c\u0259nub-\u015f\u0259rq c\u0259bh\u0259sind\u0259 ba\u015f vermi\u015f \u0259n \u0259h\u0259miyy\u0259tli d\u00f6y\u00fc\u015fl\u0259rd\u0259n biri olub. Bu \u0259m\u0259liyyat say\u0259sind\u0259 h\u0259m\u00e7inin C\u0259bray\u0131l v\u0259 Xocav\u0259nd rayonunun bir s\u0131ra ya\u015fay\u0131\u015f m\u0259nt\u0259q\u0259l\u0259ri Az\u0259rbaycan Ordusu t\u0259r\u0259find\u0259n azad edilmi\u015fdir. 17 oktyabr n\u0259inki f\u00fczulilil\u0259rin xatir\u0259sind\u0259, Az\u0259rbaycan d\u00f6vl\u0259tinin tarixind\u0259 \u0259b\u0259di qalacaqd\u0131r. \u0130nsanlar \u00f6z do\u011fma torpaqlar\u0131na qay\u0131dacaqlar. \u0130\u015f\u011faldan azad olunmu\u015f torpaqlar\u0131m\u0131z\u0131n inki\u015faf\u0131n\u0131 g\u00f6r\u0259n h\u0259yatdan getmi\u015f on minl\u0259rl\u0259 qa\u00e7q\u0131n v\u0259 k\u00f6\u00e7k\u00fcnl\u0259rimizin ruhu da \u015fad v\u0259 rahat olacaqd\u0131r. M\u00fcmk\u00fcns\u00fcz\u00fc m\u00fcmk\u00fcn etmi\u015f Az\u0259rbaycan Ordusu ir\u0259lil\u0259m\u0259kd\u0259 davam edirdi. F\u00fczuli u\u011frunda apar\u0131lm\u0131\u015f d\u00f6y\u00fc\u015fl\u0259r V\u0259t\u0259n m\u00fcharib\u0259si zaman\u0131 \u0259n a\u011f\u0131r d\u00f6y\u00fc\u015fl\u0259rd\u0259n olmu\u015fdur. \u00c7ox b\u00f6y\u00fck pe\u015f\u0259karl\u0131q, m\u0259har\u0259t, \u015f\u00fcca\u0259t v\u0259 f\u0259dakarl\u0131q t\u0259l\u0259b etmi\u015f bu d\u00f6y\u00fc\u015fl\u0259r haqq\u0131nda kitablar yaz\u0131lacaqd\u0131r. 30 il \u0259rzind\u0259 d\u00fc\u015fm\u0259n t\u0259mas x\u0259ttind\u0259 o q\u0259d\u0259r m\u00f6hk\u0259m istehkam qurmu\u015fdu, b\u0259zil\u0259ri hesab edirdi ki, F\u00fczuli \u015f\u0259h\u0259rini i\u015f\u011faldan azad etm\u0259k m\u00fcmk\u00fcn deyil. <\/p>\n\n\n\n<p>H\u0259tta \u0259n tan\u0131nm\u0131\u015f h\u0259rbi m\u00fct\u0259x\u0259ssisl\u0259r d\u0259 bel\u0259 fikird\u0259 idi ki, F\u00fczulini i\u015f\u011faldan azad etm\u0259k \u00fc\u00e7\u00fcn b\u0259lk\u0259 aylarla vaxt laz\u0131m olacaq. F\u00fczuli \u0259m\u0259liyyat\u0131 il\u0259 tarixi, q\u0259dim ya\u015fay\u0131\u015f m\u0259sk\u0259nimiz azad olundu, on minl\u0259rl\u0259 insan\u0131n o yerl\u0259r\u0259 qay\u0131tmas\u0131 t\u0259min edildi. F\u00fczulinin t\u0259mas x\u0259ttind\u0259 yerl\u0259\u015f\u0259n bir ne\u00e7\u0259 m\u00fcdafi\u0259 x\u0259ttinin yar\u0131lmas\u0131 Az\u0259rbaycana strateji \u00fcst\u00fcnl\u00fckl\u0259r vermi\u015fdir. \u018flb\u0259tt\u0259 ki, Az\u0259rbaycan Ordusu m\u0259suliyy\u0259tli v\u0259 pe\u015f\u0259kar bir Ordudur. Baxmayaraq ki, nam\u0259rd, xain d\u00fc\u015fm\u0259n h\u0259rbi cinay\u0259tl\u0259r t\u00f6r\u0259dir, dinc \u0259halini at\u0259\u015f\u0259 tutur v\u0259 bunun n\u0259tic\u0259sind\u0259 azya\u015fl\u0131 u\u015faqlar h\u0259lak olurdu, Az\u0259rbaycan Ordusu bu \u0259m\u0259ll\u0259rin qisas\u0131n\u0131 m\u00fclki v\u0259t\u0259nda\u015flardan alm\u0131rd\u0131. Biz d\u00f6y\u00fc\u015f meydan\u0131nda qisas\u0131m\u0131z\u0131 alm\u0131\u015f\u0131q v\u0259 h\u0259lak olanlar\u0131n qan\u0131 yerd\u0259 qalmay\u0131b. Pe\u015f\u0259karl\u0131\u011f\u0131, m\u0259rdliyi il\u0259 d\u00fc\u015fm\u0259ni qorxuya salan Az\u0259rbaycan Ordusu \u00f6z m\u0259qs\u0259din\u0259 \u00e7atmaq \u00fc\u00e7\u00fcn b\u00fct\u00fcn s\u0259yl\u0259rini ortaya qoymu\u015fdur. F\u00fczuli u\u011frunda d\u00f6y\u00fc\u015fl\u0259rd\u0259 Ordumuzun \u015f\u00fcca\u0259ti qar\u015f\u0131s\u0131nda d\u00fc\u015fm\u0259n son m\u0259rh\u0259l\u0259d\u0259 \u00f6z silahlar\u0131n\u0131 yer\u0259 qoyub qa\u00e7m\u0131\u015fd\u0131. H\u0259rbi m\u00fct\u0259x\u0259ssisl\u0259r art\u0131q a\u00e7\u0131q-ayd\u0131n bildirirl\u0259r ki, Az\u0259rbaycan Ordusu b\u00f6y\u00fck d\u00f6y\u00fc\u015f qabiliyy\u0259tin\u0259 v\u0259 texniki t\u0259minata malik olan bir ordudur. D\u00f6y\u00fc\u015f meydan\u0131nda g\u00f6st\u0259rdiyimiz g\u00fcc\u00fcn m\u0259nb\u0259yi, t\u0259bii ki, Az\u0259rbaycan xalq\u0131n\u0131n irad\u0259sidir. D\u00fc\u015fm\u0259n v\u0259 b\u00fct\u00fcn d\u00fcnya art\u0131q Az\u0259rbaycan\u0131n g\u00fcc\u00fcn\u00fc g\u00f6r\u00fcb v\u0259 bunu etiraf edib. Q\u0259l\u0259b\u0259ni g\u00f6r\u0259n v\u0259 bu hissl\u0259ri ya\u015fayan xalq xo\u015fb\u0259xtdir. Az\u0259rbaycan xalq\u0131 \u0259mindir ki, \u00f6lk\u0259nin inki\u015faf\u0131, c\u0259miyy\u0259tin rifah\u0131 v\u0259 milli maraqlar\u0131n qorunmas\u0131 namin\u0259 b\u00fct\u00fcn laz\u0131mi i\u015fl\u0259r g\u00f6r\u00fcl\u00fcb v\u0259 g\u00f6r\u00fcl\u0259c\u0259kdir. F\u00fczuli u\u011frunda d\u00f6y\u00fc\u015fl\u0259rd\u0259 i\u015ftirak ed\u0259nl\u0259rin \u015f\u00fcca\u0259t v\u0259 v\u0259t\u0259np\u0259rv\u0259rliyinin d\u00f6vl\u0259t t\u0259r\u0259find\u0259n qiym\u0259tl\u0259ndirilm\u0259si. 2020-ci il noyabr\u0131n 26-da \u201cF\u00fczulinin azad olunmas\u0131na g\u00f6r\u0259\u201d medal\u0131 t\u0259sis edildi. M\u00fcz\u0259ff\u0259r Ali Ba\u015f Komandan, Prezident \u0130lham \u018fliyevin s\u0259r\u0259ncamlar\u0131 il\u0259 F\u00fczuli rayonunun i\u015f\u011faldan azad edilm\u0259si u\u011frunda apar\u0131lm\u0131\u015f d\u00f6y\u00fc\u015f \u0259m\u0259liyyatlar\u0131nda i\u015ftirak ed\u0259r\u0259k \u015f\u0259xsi igidlik v\u0259 \u015f\u00fcca\u0259t n\u00fcmayi\u015f etdirmi\u015f Az\u0259rbaycan Respublikas\u0131 Silahl\u0131 Q\u00fcvv\u0259l\u0259rinin 25167 h\u0259rbi qulluq\u00e7usu \u201cF\u00fczulinin azad olunmas\u0131na g\u00f6r\u0259\u201d medal\u0131 il\u0259 t\u0259ltif olunmu\u015fdur. <\/p>\n\n\n\n<p>H\u0259m\u00e7inin, onu da qeyd edim ki, M\u00fcz\u0259ff\u0259r Ali Ba\u015f Komandan \u0130lham \u018fliyevin azad olunmu\u015f F\u00fczuliy\u0259 ard\u0131c\u0131l s\u0259f\u0259rl\u0259ri ba\u015f tutmu\u015fdur. 2020-ci il noyabr\u0131n 16-da Az\u0259rbaycan Prezidenti \u0130lham \u018fliyev v\u0259 birinci xan\u0131m Mehriban \u018fliyeva i\u015f\u011faldan azad olunan F\u00fczuli rayonuna g\u0259ldil\u0259r. \u0130lham \u018fliyev F\u00fczuli \u015f\u0259h\u0259rind\u0259 Az\u0259rbaycan bayra\u011f\u0131n\u0131 qald\u0131rd\u0131. Sonradan F\u00fczuli-\u015eu\u015fa avtomobil yolunun \u2013 Z\u0259f\u0259r yolunun t\u0259m\u0259li qoyuldu. Cari ild\u0259 \u00f6lk\u0259 r\u0259hb\u0259ri F\u00fczuliy\u0259 4 d\u0259f\u0259 s\u0259f\u0259r etmi\u015fdir. Bu s\u0259f\u0259rl\u0259r \u00e7\u0259r\u00e7iv\u0259sind\u0259, o c\u00fcml\u0259d\u0259n F\u00fczuli Beyn\u0259lxalq Hava Liman\u0131n\u0131n, Horadiz-A\u011fb\u0259nd d\u0259mir yolu x\u0259ttinin, F\u00fczuli-Hadrut avtomobil yolunun t\u0259m\u0259li qoyuldu, F\u00fczuli rayonundak\u0131 A\u015fa\u011f\u0131 K\u00f6nd\u0259l\u0259n\u00e7ay su anbar\u0131nda yarad\u0131lan \u015f\u0259raitl\u0259 tan\u0131\u015fl\u0131q v\u0259 \u201cF\u00fczuli\u201d yar\u0131mstansiyas\u0131n\u0131n a\u00e7\u0131l\u0131\u015f\u0131 oldu.<\/p>\n\n\n\n<p> Da\u011f\u0131nt\u0131 v\u0259 ziyan\u0131n m\u00fc\u0259yy\u0259nl\u0259\u015fdirilm\u0259si \u00fc\u00e7\u00fcn i\u015f\u00e7i qrup t\u0259r\u0259find\u0259n qiym\u0259tl\u0259ndirm\u0259 i\u015fl\u0259ri apar\u0131lacaqd\u0131r. Erm\u0259ni h\u0259rbi birl\u0259\u015fm\u0259l\u0259rinin t\u0259xribat\u0131 n\u0259tic\u0259sind\u0259 m\u00fclki \u0259haliy\u0259, d\u00f6vl\u0259t \u0259mlak\u0131na, infrastruktur obyektl\u0259rin\u0259, habel\u0259 sahibkarl\u0131q subyektl\u0259rin\u0259 d\u0259y\u0259n ziyan\u0131n qiym\u0259tl\u0259ndirilm\u0259si \u00fc\u00e7\u00fcn b\u00fct\u00fcn laz\u0131mi t\u0259dbirl\u0259r g\u00f6r\u00fcl\u0259c\u0259kdir. Yerli v\u0259 xarici ekspertl\u0259rin i\u015ftirak\u0131 il\u0259 apar\u0131lacaq bu i\u015fl\u0259r n\u0259tic\u0259sind\u0259 erm\u0259ni vandalizmin\u0259 adekvat qiym\u0259t veril\u0259c\u0259kdir.<\/p>\n\n\n\n<p><strong>Ya\u015fas\u0131n m\u00fcst\u0259qil Az\u0259rbaycan Respublikas\u0131!<\/strong><\/p>\n\n\n\n<p><strong> Az\u0259rbaycan xalq\u0131na v\u0259 R\u0259\u015fad\u0259tli Az\u0259rbaycan Ordusuna e\u015fq olsun! Allah c\u0259mi \u015f\u0259hidl\u0259rimiz\u0259 r\u0259hm\u0259t etsin! Allah yaral\u0131 h\u0259rbi qulluq\u00e7ular\u0131m\u0131za \u015f\u0259fa versin! Uca Allahdan xalq\u0131m\u0131z\u0131n \u00dcmummilli Lideri Heyd\u0259r \u018fliyev\u0259 r\u0259hm\u0259t dil\u0259yirik!..<\/strong><\/p>\n\n\n\n<p><strong> H\u0259r birimiz Az\u0259rbaycan Respublikas\u0131n\u0131n Prezidenti, Ali Ba\u015f Komandan, c\u0259nab \u0130lham \u018fliyevl\u0259 q\u00fcrur duyuruq!!!&#8230;<\/strong><\/p>\n\n\n\n<p><strong> Qaraba\u011f Az\u0259rbaycand\u0131r!..<\/strong><\/p>\n","protected":false},"excerpt":{"rendered":"<p>M\u00fc\u015ffiq \u018fliyev Az\u0259rbaycan Respublikas\u0131 \u015e\u0259hid Ail\u0259l\u0259rin\u0259 \u201cQay\u011f\u0131\u201d C\u0259miyy\u0259tinin s\u0259dri, Az\u0259rbaycan V\u0259t\u0259n M\u00fcharib\u0259si Veteranlar\u0131 \u0130ctimai Birliyi s\u0259drinin humanitar m\u0259s\u0259l\u0259l\u0259r \u00fczr\u0259 s\u0259lahiyy\u0259tli n\u00fcmay\u0259nd\u0259si BAKI \u015e\u018fH\u018fR\u0130, X\u018fZ\u018fR<\/p>\n","protected":false},"author":2,"featured_media":50915,"comment_status":"closed","ping_status":"closed","sticky":false,"template":"","format":"standard","meta":{"footnotes":""},"categories":[5],"tags":[],"class_list":["post-50914","post","type-post","status-publish","format-standard","has-post-thumbnail","hentry","category-veteran"],"aioseo_notices":[],"_links":{"self":[{"href":"https:\/\/fedai.az\/index.php?rest_route=\/wp\/v2\/posts\/50914","targetHints":{"allow":["GET"]}}],"collection":[{"href":"https:\/\/fedai.az\/index.php?rest_route=\/wp\/v2\/posts"}],"about":[{"href":"https:\/\/fedai.az\/index.php?rest_route=\/wp\/v2\/types\/post"}],"author":[{"embeddable":true,"href":"https:\/\/fedai.az\/index.php?rest_route=\/wp\/v2\/users\/2"}],"replies":[{"embeddable":true,"href":"https:\/\/fedai.az\/index.php?rest_route=%2Fwp%2Fv2%2Fcomments&post=50914"}],"version-history":[{"count":1,"href":"https:\/\/fedai.az\/index.php?rest_route=\/wp\/v2\/posts\/50914\/revisions"}],"predecessor-version":[{"id":50916,"href":"https:\/\/fedai.az\/index.php?rest_route=\/wp\/v2\/posts\/50914\/revisions\/50916"}],"wp:featuredmedia":[{"embeddable":true,"href":"https:\/\/fedai.az\/index.php?rest_route=\/wp\/v2\/media\/50915"}],"wp:attachment":[{"href":"https:\/\/fedai.az\/index.php?rest_route=%2Fwp%2Fv2%2Fmedia&parent=50914"}],"wp:term":[{"taxonomy":"category","embeddable":true,"href":"https:\/\/fedai.az\/index.php?rest_route=%2Fwp%2Fv2%2Fcategories&post=50914"},{"taxonomy":"post_tag","embeddable":true,"href":"https:\/\/fedai.az\/index.php?rest_route=%2Fwp%2Fv2%2Ftags&post=50914"}],"curies":[{"name":"wp","href":"https:\/\/api.w.org\/{rel}","templated":true}]}}