{"id":50917,"date":"2021-10-13T11:50:04","date_gmt":"2021-10-13T07:50:04","guid":{"rendered":"https:\/\/fedai.az\/?p=50917"},"modified":"2021-10-13T11:50:07","modified_gmt":"2021-10-13T07:50:07","slug":"polkovnik%c9%99-t%c9%99brik-var-rizvan-abbasov-58","status":"publish","type":"post","link":"https:\/\/fedai.az\/?p=50917","title":{"rendered":"POLKOVN\u0130K\u018f T\u018fBR\u0130K VAR:  R\u0130ZVAN ABBASOV &#8212; 58"},"content":{"rendered":"\n<p><strong>\u00a0\u00a0<span class=\"has-inline-color has-vivid-red-color\">Pe\u015f\u0259karl\u0131\u011f\u0131 v\u0259 humanistliyi il\u0259, m\u0259n\u0259vi v\u0259 i\u015fg\u00fczar keyfiyy\u0259til\u0259, \u015f\u0259xsi intizam\u0131 il\u0259, n\u0259zak\u0259ti il\u0259, t\u0259\u015fkilatcliq bacar\u0131\u011f\u0131 il\u0259, sad\u0259liyi v\u0259 s\u0259mimiyy\u0259ti il\u0259, d\u0259qiqliyi v\u0259 t\u0259mkinliyi il\u0259 se\u00e7il\u0259n \u00f6mr\u00fcn\u00fcn \u0259n m\u0259hsuldar d\u00f6vr\u00fcn\u00fcn 25 ild\u0259n \u00e7oxunu h\u0259rbi xidm\u0259td\u0259 ke\u00e7ir\u0259n ehtiyyatda olan polkovnik Abbasov Rizvan Aliyar o\u011flunun 13 oktyabr\u00a0 58 ya\u015f\u0131 tamam olur.<\/span><\/strong><\/p>\n\n\n\n<p><strong>\u00a0\u00a0\u00a0\u00a0 Bu g\u00fcn m\u00fcnasib\u0259til\u0259 Avmvib r\u0259hb\u0259rliyi v\u0259 Az\u0259rbaycan V\u0259t\u0259n M\u00fcharib\u0259si Veteranlar\u0131 \u0130ctimai Birliyinin s\u0259dr m\u00fcavini polkovnik Salman Musayev ehtiyatda olan polkovnik Abbasov Rizvan Aliyar o\u011flunu dogum g\u00fcn\u00fc m\u00fcnasb\u0259til\u0259 t\u0259brik edir, ona h\u0259yatda insan \u00fc\u00e7\u00fcn \u0259n \u015firin nem\u0259t olan m\u00f6hk\u0259m can sa\u011fl\u0131\u011f\u0131, ail\u0259 s\u0259ad\u0259ti\u00a0 v\u0259 h\u0259yat yollar\u0131nda\u00a0 bitib -t\u00fck\u0259nm\u0259y\u0259n nailiyy\u0259tl\u0259r arzulay\u0131r.<\/strong><\/p>\n\n\n\n<p><strong>&nbsp;&nbsp;&nbsp; Qoy ya\u015f\u0131n\u0131n \u00fcst\u0259 g\u0259l\u0259n&nbsp; bu ya\u015f ona&nbsp; sevinc dolu g\u00fcnl\u0259r b\u0259x\u015f etsin, h\u0259r yeni g\u00fcn\u00fc is\u0259 \u00f6t\u0259n g\u00fcnl\u0259rd\u0259n daha g\u00f6z\u0259l ist\u0259kl\u0259rin\u0259 uy\u011fun onu xo\u015fb\u0259xt ed\u0259c\u0259k \u015f\u0259kild\u0259 ke\u00e7sin. Amin!<\/strong><\/p>\n\n\n\n<p>\u00a0\u00a0\u00a0\u00a0 Ehtiyatda olan polkovnik Abbasov Rizvan Aliyar o\u011flu Daxili \u0130\u015fl\u0259r Nazirliyinin Daxili Qo\u015funlar\u0131n Ba\u015f idar\u0259sinin N\u0259rimanov v\u0259 X\u0259z\u0259r\u00a0 rayonlar\u0131nda yerl\u0259\u015f\u0259n h\u0259rbi hiss\u0259l\u0259rd\u0259 taq\u0131m komandiri, m\u00fch\u0259ndis xidm\u0259t r\u0259isi, Daxili Qo\u015funlar\u0131n Bas \u0130dar\u0259sinin Q\u0259rargah\u0131nda is\u0259 M\u00fch\u0259ndis xidm\u0259t r\u0259isi v\u0259zif\u0259l\u0259rind\u0259 xidm\u0259t etdiyi ill\u0259r \u0259rzind\u0259 \u00fcz\u0259rin\u0259 d\u00fcs\u0259n v\u0259zif\u0259l\u0259rin yerin\u0259 yetirilm\u0259sin\u0259 m\u0259suliyy\u0259tl\u0259 v\u0259 \u015f\u0259r\u0259f hissi il\u0259 yana\u015fm\u0131\u015fd\u0131r.<\/p>\n\n\n\n<figure class=\"wp-block-image size-large is-resized\"><img loading=\"lazy\" decoding=\"async\" src=\"https:\/\/fedai.az\/wp-content\/uploads\/2021\/10\/245685659_116938674081512_3790809484994543699_n.jpg\" alt=\"\" class=\"wp-image-50919\" width=\"1092\" height=\"880\" srcset=\"https:\/\/fedai.az\/wp-content\/uploads\/2021\/10\/245685659_116938674081512_3790809484994543699_n.jpg 640w, https:\/\/fedai.az\/wp-content\/uploads\/2021\/10\/245685659_116938674081512_3790809484994543699_n-300x242.jpg 300w, https:\/\/fedai.az\/wp-content\/uploads\/2021\/10\/245685659_116938674081512_3790809484994543699_n-150x121.jpg 150w\" sizes=\"auto, (max-width: 1092px) 100vw, 1092px\" \/><\/figure>\n\n\n\n<p>&nbsp;&nbsp;&nbsp; Az\u0259rbaycan Respublikas\u0131nda \u0130ctimai qaydan\u0131n v\u0259 ictimai t\u0259hl\u00fck\u0259sizliyin qorunmasnda,\u015f\u0259h\u0259rd\u0259 v\u0259 ya\u015fay\u0131\u015f m\u0259nt\u0259q\u0259l\u0259rind\u0259 ba\u015f vermi\u015f k\u00fctl\u0259vi ixti\u015fa\u015flar\u0131n qar\u015f\u0131s\u0131n\u0131n al\u0131nmas\u0131nda, d\u00f6vl\u0259tin \u0259razi b\u00fct\u00f6vl\u00fcy\u00fcn\u00fcn t\u0259min edilm\u0259sind\u0259 \u00fcz\u0259rin\u0259 d\u00fc\u015f\u0259n v\u0259zif\u0259 v\u0259 tap\u015f\u0131r\u0131qlar\u0131 m\u0259suliyy\u0259t v\u0259 \u015f\u0259r\u0259f hissi il\u0259 yer\u0131n\u0259 yetirmi\u015fdir.<\/p>\n\n\n\n<p>\u00a0\u00a0\u00a0 O, Daxili Qo\u015funlarda xidm\u0259t etdiyi ill\u0259r \u0259rzind\u0259 \u00f6zun\u00fc u\u015faq vaxtlar\u0131ndan, g\u00f6z\u0259l ail\u0259 v\u0259 m\u0259kt\u0259b t\u0259rbiy\u0259si il\u0259 b\u00f6y\u00fcm\u00fc\u015f, \u0259xlaq\u0131 t\u0259rbiy\u0259si yerind\u0259 olan, nizam v\u0259 intizaml\u0131 h\u0259rbi\u00e7i k\u0131m\u0131 g\u00f6st\u0259rmi\u015fdir.O i\u015fl\u0259diyi v\u0259 oxudu\u011fu\u00a0\u00a0 t\u0259hsil m\u00fc\u0259ssis\u0259l\u0259rind\u0259, ya\u015fad\u0131\u011f\u0131 \u0259razid\u0259\u00a0 kolektiv aras\u0131nda h\u0259mi\u015f\u0259 m\u00fcsb\u0259t m\u0259nada se\u00e7il\u0259r\u0259k, ba\u015fqalar\u0131 \u00fc\u00e7\u00fcn\u00a0 n\u00fcmun\u0259 olmu\u015fdur.<\/p>\n\n\n\n<p>&nbsp;&nbsp;&nbsp; O, Az\u0259rbaycan Respublikas\u0131 Konstitusiyas\u0131na v\u0259 qanunlar\u0131na, h\u0259rbi and\u0131n, h\u0259rbi nizamn\u0259m\u0259l\u0259rin, direktivl\u0259rin, t\u0259limatlar\u0131n, \u0259sasnam\u0259 v\u0259 \u0259mirl\u0259rin t\u0259l\u0259bl\u0259rin\u0259 v\u0259 v\u0259zif\u0259 borcuna \u0259m\u0259l etm\u0259kd\u0259 tabeliyind\u0259kil\u0259r \u00fcc\u00fcn n\u00fcm\u00fcn\u0259 olaraq, V\u0259t\u0259n\u0259, D\u00f6vl\u0259t\u0259 v\u0259 Xalqa s\u0259daq\u0259tl\u0259 xidm\u0259t etmi\u015fdir.<\/p>\n\n\n\n<p>&nbsp;&nbsp;&nbsp;&nbsp; Abbasov Rizvan Aliyar o\u011flu Daxili \u0130\u015fl\u0259r Nazirliyinin Daxili Qo\u015funlar\u0131n Ba\u015f \u0130dar\u0259sind\u0259 v\u0259 h\u0259rbi hiss\u0259l\u0259rind\u0259 xidm\u0259t etdiyi ill\u0259r \u0259rzind\u0259 xidm\u0259ti v\u0259zif\u0259l\u0259rin icras\u0131 zaman\u0131 y\u00fcks\u0259k m\u0259n\u0259vi d\u00f6y\u00fc\u015f v\u0259 ictimai s\u0131yas\u0131 haz\u0131rl\u0131\u011f\u0131nda, h\u0259rbi intizam\u0131n m\u00f6hk\u0259ml\u0259ndirilm\u0259sind\u0259 y\u00fcks\u0259k g\u00f6st\u0259ricil\u0259r\u0259 nail oldu\u011funa v\u0259 n\u00fcmun\u0259vi xidm\u0259tin\u0259 v\u0259 h\u0259rbi v\u0259zif\u0259l\u0259rinin yerin\u0259 yetirilm\u0259sin\u0259 m\u0259suliyy\u0259tl\u0259 yana\u015fd\u0131\u011f\u0131na g\u00f6r\u0259, Daxili \u0130\u015fl\u0259r Nazirnin, Daxili Qo\u015funlar Komandan\u0131n v\u0259 onun m\u00fcavinl\u0259rinin, h\u0259rbi hiss\u0259 komandirinin m\u00fcvafiq \u0259mrl\u0259ri il\u0259&nbsp; \u0259la xidm\u0259tl\u0259r\u0259 g\u00f6r\u0259 d\u00f6\u015f v\u0259 yubley nisanlar\u0131 il\u0259, pul m\u00fckafatlar\u0131 il\u0259, f\u0259xri f\u0259rmanlarla, qiym\u0259tli h\u0259diyy\u0259l\u0259rl\u0259 m\u00fckafatland\u0131r\u0131ld\u0131 v\u0259 ona t\u0259\u015f\u0259kk\u00fcr elan edilib.<\/p>\n\n\n\n<p>\u00a0\u00a0\u00a0 O, xidm\u0259td\u0259 f\u0259rql\u0259ndiyin\u0259 g\u00f6r\u0259 Az\u0259rbaycan Respublikas\u0131n\u0131n Prezidenti ad\u0131ndan Daxili \u0130\u015fl\u0259r Nazirnin m\u00fcvaf\u0131q \u0259mrl\u0259ri il\u0259 Az\u0259rbaycan Respublikas\u0131n\u0131n yaranmas\u0131n\u0131n 10- illiyi, 90 -illiyi, 95 -illiyi yubiley, Q\u00fcsursuz Xidm\u0259tl\u0259r\u0259 g\u00f6r\u0259 is\u0259\u00a0 1-ci, 2-ci v\u0259 3-c\u00fc d\u0259r\u0259c\u0259li medalarla il\u0259 t\u0259ltif edilib.<\/p>\n\n\n\n<p><strong>ALLAH H\u018fR ZAMAN Q\u018fLB\u0130N\u0130 SIXINTIDAN, B\u018fDB\u0130NL\u0130KD\u018fN QORUSUN!<\/strong><\/p>\n\n\n\n<p><strong>HEC VAXT D\u018fRD Q\u018fM G\u00d6RM\u018fY\u018fS\u018fN<\/strong>.<\/p>\n\n\n\n<p><strong>100 YA\u015eA, ALLAH S\u018fN\u0130 QORUSUN ! AM\u0130N !<\/strong><\/p>\n\n\n\n<p><strong>H\u018fM\u0130\u015e\u018f \u00dcZ\u00dcN G\u00dcLS\u00dcN, \u00dcR\u018fY\u0130N SEV\u0130NS\u0130N!<\/strong><\/p>\n\n\n\n<p><strong>B\u00dcT\u00dcN ARZULARIN \u00c7\u0130N OLSUN!<\/strong><\/p>\n\n\n\n<p><strong>DA\u0130MA XO\u015eB\u018fXT YA\u015eA, \u00d6MR\u00dcN UZUN OLSUN!<\/strong><\/p>\n\n\n\n<p><strong>D\u0259rin h\u00f6rm\u0259tl\u0259, Az\u0259rbaycan V\u0259t\u0259n M\u00fcharib\u0259si Veteranlar\u0131 \u0130ctimai birliyinin s\u0259dr m\u00fcavini polkovnik Salman Musayev<\/strong><\/p>\n\n\n\n<figure class=\"wp-block-gallery columns-2 is-cropped wp-block-gallery-1 is-layout-flex wp-block-gallery-is-layout-flex\"><ul class=\"blocks-gallery-grid\"><li class=\"blocks-gallery-item\"><figure><img loading=\"lazy\" decoding=\"async\" width=\"310\" height=\"387\" src=\"https:\/\/fedai.az\/wp-content\/uploads\/2021\/10\/i88.jpg\" alt=\"\" data-id=\"50918\" data-full-url=\"https:\/\/fedai.az\/wp-content\/uploads\/2021\/10\/i88.jpg\" data-link=\"https:\/\/fedai.az\/?attachment_id=50918\" class=\"wp-image-50918\" srcset=\"https:\/\/fedai.az\/wp-content\/uploads\/2021\/10\/i88.jpg 310w, https:\/\/fedai.az\/wp-content\/uploads\/2021\/10\/i88-240x300.jpg 240w, https:\/\/fedai.az\/wp-content\/uploads\/2021\/10\/i88-120x150.jpg 120w\" sizes=\"auto, (max-width: 310px) 100vw, 310px\" \/><\/figure><\/li><li class=\"blocks-gallery-item\"><figure><img loading=\"lazy\" decoding=\"async\" width=\"600\" height=\"600\" src=\"https:\/\/fedai.az\/wp-content\/uploads\/2021\/10\/8265a327389da9fe4fdc2714b309120e-2.jpg\" alt=\"\" data-id=\"50548\" data-full-url=\"https:\/\/fedai.az\/wp-content\/uploads\/2021\/10\/8265a327389da9fe4fdc2714b309120e-2.jpg\" data-link=\"https:\/\/fedai.az\/?attachment_id=50548\" class=\"wp-image-50548\" srcset=\"https:\/\/fedai.az\/wp-content\/uploads\/2021\/10\/8265a327389da9fe4fdc2714b309120e-2.jpg 600w, https:\/\/fedai.az\/wp-content\/uploads\/2021\/10\/8265a327389da9fe4fdc2714b309120e-2-300x300.jpg 300w, https:\/\/fedai.az\/wp-content\/uploads\/2021\/10\/8265a327389da9fe4fdc2714b309120e-2-150x150.jpg 150w, https:\/\/fedai.az\/wp-content\/uploads\/2021\/10\/8265a327389da9fe4fdc2714b309120e-2-215x215.jpg 215w\" sizes=\"auto, (max-width: 600px) 100vw, 600px\" \/><\/figure><\/li><\/ul><\/figure>\n","protected":false},"excerpt":{"rendered":"<p>\u00a0\u00a0Pe\u015f\u0259karl\u0131\u011f\u0131 v\u0259 humanistliyi il\u0259, m\u0259n\u0259vi v\u0259 i\u015fg\u00fczar keyfiyy\u0259til\u0259, \u015f\u0259xsi intizam\u0131 il\u0259, n\u0259zak\u0259ti il\u0259, t\u0259\u015fkilatcliq bacar\u0131\u011f\u0131 il\u0259, sad\u0259liyi v\u0259 s\u0259mimiyy\u0259ti il\u0259, d\u0259qiqliyi v\u0259 t\u0259mkinliyi il\u0259<\/p>\n","protected":false},"author":2,"featured_media":50920,"comment_status":"closed","ping_status":"closed","sticky":false,"template":"","format":"standard","meta":{"footnotes":""},"categories":[5],"tags":[],"class_list":["post-50917","post","type-post","status-publish","format-standard","has-post-thumbnail","hentry","category-veteran"],"aioseo_notices":[],"_links":{"self":[{"href":"https:\/\/fedai.az\/index.php?rest_route=\/wp\/v2\/posts\/50917","targetHints":{"allow":["GET"]}}],"collection":[{"href":"https:\/\/fedai.az\/index.php?rest_route=\/wp\/v2\/posts"}],"about":[{"href":"https:\/\/fedai.az\/index.php?rest_route=\/wp\/v2\/types\/post"}],"author":[{"embeddable":true,"href":"https:\/\/fedai.az\/index.php?rest_route=\/wp\/v2\/users\/2"}],"replies":[{"embeddable":true,"href":"https:\/\/fedai.az\/index.php?rest_route=%2Fwp%2Fv2%2Fcomments&post=50917"}],"version-history":[{"count":1,"href":"https:\/\/fedai.az\/index.php?rest_route=\/wp\/v2\/posts\/50917\/revisions"}],"predecessor-version":[{"id":50921,"href":"https:\/\/fedai.az\/index.php?rest_route=\/wp\/v2\/posts\/50917\/revisions\/50921"}],"wp:featuredmedia":[{"embeddable":true,"href":"https:\/\/fedai.az\/index.php?rest_route=\/wp\/v2\/media\/50920"}],"wp:attachment":[{"href":"https:\/\/fedai.az\/index.php?rest_route=%2Fwp%2Fv2%2Fmedia&parent=50917"}],"wp:term":[{"taxonomy":"category","embeddable":true,"href":"https:\/\/fedai.az\/index.php?rest_route=%2Fwp%2Fv2%2Fcategories&post=50917"},{"taxonomy":"post_tag","embeddable":true,"href":"https:\/\/fedai.az\/index.php?rest_route=%2Fwp%2Fv2%2Ftags&post=50917"}],"curies":[{"name":"wp","href":"https:\/\/api.w.org\/{rel}","templated":true}]}}