{"id":50943,"date":"2021-10-14T00:15:17","date_gmt":"2021-10-13T20:15:17","guid":{"rendered":"https:\/\/fedai.az\/?p=50943"},"modified":"2021-10-14T00:15:20","modified_gmt":"2021-10-13T20:15:20","slug":"%c9%99rdogan-az%c9%99rbaycana-g%c9%99l%c9%99c%c9%99yi-tarix-b%c9%99lli-oldu","status":"publish","type":"post","link":"https:\/\/fedai.az\/?p=50943","title":{"rendered":"\u018frdo\u011fan Az\u0259rbaycana g\u0259l\u0259c\u0259yi tarix b\u0259lli oldu"},"content":{"rendered":"\n<p><strong>T\u00fcrkiy\u0259 Prezidenti R\u0259c\u0259b Tayyib \u018frdo\u011fan oktyabr\u0131n 26-da Az\u0259rbaycana birg\u00fcnl\u00fck s\u0259f\u0259r ed\u0259c\u0259k.<\/strong><\/p>\n\n\n\n<p>Bu bar\u0259d\u0259\u00a0Trend-\u0259 T\u00fcrkiy\u0259 Prezident Administrasiyas\u0131ndak\u0131 m\u0259nb\u0259 bildirib.<\/p>\n\n\n\n<p>Xat\u0131rladaq ki, R.T.\u018frdo\u011fan bir ne\u00e7\u0259 g\u00fcn \u00f6nc\u0259 V\u0259t\u0259n m\u00fcharib\u0259sinin bir illiyi \u0259r\u0259f\u0259sind\u0259 Az\u0259rbaycana s\u0259f\u0259r ed\u0259c\u0259yini a\u00e7\u0131qlam\u0131\u015fd\u0131.<\/p>\n","protected":false},"excerpt":{"rendered":"<p>T\u00fcrkiy\u0259 Prezidenti R\u0259c\u0259b Tayyib \u018frdo\u011fan oktyabr\u0131n 26-da Az\u0259rbaycana birg\u00fcnl\u00fck s\u0259f\u0259r ed\u0259c\u0259k. Bu bar\u0259d\u0259\u00a0Trend-\u0259 T\u00fcrkiy\u0259 Prezident Administrasiyas\u0131ndak\u0131 m\u0259nb\u0259 bildirib. Xat\u0131rladaq ki, R.T.\u018frdo\u011fan bir ne\u00e7\u0259 g\u00fcn<\/p>\n","protected":false},"author":2,"featured_media":50944,"comment_status":"closed","ping_status":"closed","sticky":false,"template":"","format":"standard","meta":{"footnotes":""},"categories":[1],"tags":[],"class_list":["post-50943","post","type-post","status-publish","format-standard","has-post-thumbnail","hentry","category-siyast"],"aioseo_notices":[],"_links":{"self":[{"href":"https:\/\/fedai.az\/index.php?rest_route=\/wp\/v2\/posts\/50943","targetHints":{"allow":["GET"]}}],"collection":[{"href":"https:\/\/fedai.az\/index.php?rest_route=\/wp\/v2\/posts"}],"about":[{"href":"https:\/\/fedai.az\/index.php?rest_route=\/wp\/v2\/types\/post"}],"author":[{"embeddable":true,"href":"https:\/\/fedai.az\/index.php?rest_route=\/wp\/v2\/users\/2"}],"replies":[{"embeddable":true,"href":"https:\/\/fedai.az\/index.php?rest_route=%2Fwp%2Fv2%2Fcomments&post=50943"}],"version-history":[{"count":1,"href":"https:\/\/fedai.az\/index.php?rest_route=\/wp\/v2\/posts\/50943\/revisions"}],"predecessor-version":[{"id":50945,"href":"https:\/\/fedai.az\/index.php?rest_route=\/wp\/v2\/posts\/50943\/revisions\/50945"}],"wp:featuredmedia":[{"embeddable":true,"href":"https:\/\/fedai.az\/index.php?rest_route=\/wp\/v2\/media\/50944"}],"wp:attachment":[{"href":"https:\/\/fedai.az\/index.php?rest_route=%2Fwp%2Fv2%2Fmedia&parent=50943"}],"wp:term":[{"taxonomy":"category","embeddable":true,"href":"https:\/\/fedai.az\/index.php?rest_route=%2Fwp%2Fv2%2Fcategories&post=50943"},{"taxonomy":"post_tag","embeddable":true,"href":"https:\/\/fedai.az\/index.php?rest_route=%2Fwp%2Fv2%2Ftags&post=50943"}],"curies":[{"name":"wp","href":"https:\/\/api.w.org\/{rel}","templated":true}]}}