{"id":50949,"date":"2021-10-14T00:33:01","date_gmt":"2021-10-13T20:33:01","guid":{"rendered":"https:\/\/fedai.az\/?p=50949"},"modified":"2021-10-14T00:33:04","modified_gmt":"2021-10-13T20:33:04","slug":"erm%c9%99nil%c9%99r-suqovusandan-k%c9%99lb%c9%99c%c9%99r%c9%99-h%c9%99r%c9%99k%c9%99t-ed%c9%99n-mulki-avtomobil-karvanini-at%c9%99s%c9%99-tutub-quldur-rejim-is%c9%99-t%c9%99kzib-edir","status":"publish","type":"post","link":"https:\/\/fedai.az\/?p=50949","title":{"rendered":"Erm\u0259nil\u0259r Suqovu\u015fandan K\u0259lb\u0259c\u0259r\u0259 h\u0259r\u0259k\u0259t ed\u0259n m\u00fclki avtomobil karvan\u0131n\u0131 at\u0259\u015f\u0259 tutub, quldur rejim is\u0259 t\u0259kzib edir"},"content":{"rendered":"\n<p><strong>Oktyabr\u0131n 13-\u00fc saat 14:00 rad\u0259l\u0259rind\u0259 K\u0259lb\u0259c\u0259r rayonu \u0259razisind\u0259 m\u00fclki infrastrukturun tikintisi m\u0259qs\u0259dil\u0259 T\u0259rt\u0259r rayonunun Suqovu\u015fan q\u0259s\u0259b\u0259sind\u0259n K\u0259lb\u0259c\u0259r rayonu istiqam\u0259tind\u0259 h\u0259r\u0259k\u0259t ed\u0259n v\u0259 qeyri-h\u0259rbi y\u00fckl\u0259ri da\u015f\u0131yan\u00a0 avtomobil karvan\u0131 Qozluk\u00f6rp\u00fc ya\u015fay\u0131\u015f m\u0259nt\u0259q\u0259si yax\u0131nl\u0131\u011f\u0131nda qanunsuz erm\u0259ni silahl\u0131 d\u0259st\u0259l\u0259ri t\u0259r\u0259find\u0259n at\u0259\u015f\u0259 m\u0259ruz qal\u0131b.<\/strong><\/p>\n\n\n\n<p><br>At\u0259\u015f n\u0259tic\u0259sind\u0259 kolonun \u00f6n\u00fcnd\u0259 h\u0259r\u0259k\u0259t ed\u0259n Az\u0259rbaycan Respublikas\u0131 Silahl\u0131 Q\u00fcvv\u0259l\u0259rinin H\u0259rbi Polisinin H\u0259rbi Avtomobil M\u00fcf\u0259tti\u015fliyinin &#171;N\u0130VA\u201d markal\u0131 avtomobilinin \u00f6n, arxa hiss\u0259si, t\u0259k\u0259ri v\u0259 h\u0259r\u0259k\u0259t mexanizml\u0259ri z\u0259d\u0259l\u0259nib.Xo\u015fb\u0259xtlikd\u0259n \u00f6l\u0259n v\u0259 yaralanan yoxdur.<\/p>\n\n\n\n<p><br>Azad olunmu\u015f \u0259razil\u0259rd\u0259 m\u00fclki infrastrukturun b\u0259rpa edilm\u0259si \u00fc\u00e7\u00fcn Rusiya s\u00fclhm\u0259raml\u0131lar\u0131n\u0131n m\u00fc\u015fayi\u0259ti il\u0259 h\u0259r\u0259k\u0259t ed\u0259n m\u00fclki t\u0259yinatl\u0131 avtomobil karvan\u0131n\u0131n qanunsuz erm\u0259ni silahl\u0131 d\u0259st\u0259l\u0259ri t\u0259r\u0259find\u0259n at\u0259\u015f\u0259 tutulmas\u0131 yolverilm\u0259zdir.<\/p>\n\n\n\n<figure class=\"wp-block-gallery columns-3 is-cropped wp-block-gallery-1 is-layout-flex wp-block-gallery-is-layout-flex\"><ul class=\"blocks-gallery-grid\"><li class=\"blocks-gallery-item\"><figure><img loading=\"lazy\" decoding=\"async\" width=\"1000\" height=\"451\" src=\"https:\/\/fedai.az\/wp-content\/uploads\/2021\/10\/1634130074_car_131021_6.jpg\" alt=\"\" data-id=\"50950\" data-link=\"https:\/\/fedai.az\/?attachment_id=50950\" class=\"wp-image-50950\" srcset=\"https:\/\/fedai.az\/wp-content\/uploads\/2021\/10\/1634130074_car_131021_6.jpg 1000w, https:\/\/fedai.az\/wp-content\/uploads\/2021\/10\/1634130074_car_131021_6-300x135.jpg 300w, https:\/\/fedai.az\/wp-content\/uploads\/2021\/10\/1634130074_car_131021_6-150x68.jpg 150w, https:\/\/fedai.az\/wp-content\/uploads\/2021\/10\/1634130074_car_131021_6-768x346.jpg 768w\" sizes=\"auto, (max-width: 1000px) 100vw, 1000px\" \/><\/figure><\/li><li class=\"blocks-gallery-item\"><figure><img loading=\"lazy\" decoding=\"async\" width=\"1000\" height=\"451\" src=\"https:\/\/fedai.az\/wp-content\/uploads\/2021\/10\/1634130064_car_131021_5.jpg\" alt=\"\" data-id=\"50951\" data-link=\"https:\/\/fedai.az\/?attachment_id=50951\" class=\"wp-image-50951\" srcset=\"https:\/\/fedai.az\/wp-content\/uploads\/2021\/10\/1634130064_car_131021_5.jpg 1000w, https:\/\/fedai.az\/wp-content\/uploads\/2021\/10\/1634130064_car_131021_5-300x135.jpg 300w, https:\/\/fedai.az\/wp-content\/uploads\/2021\/10\/1634130064_car_131021_5-150x68.jpg 150w, https:\/\/fedai.az\/wp-content\/uploads\/2021\/10\/1634130064_car_131021_5-768x346.jpg 768w\" sizes=\"auto, (max-width: 1000px) 100vw, 1000px\" \/><\/figure><\/li><li class=\"blocks-gallery-item\"><figure><img loading=\"lazy\" decoding=\"async\" width=\"1000\" height=\"451\" src=\"https:\/\/fedai.az\/wp-content\/uploads\/2021\/10\/1634130035_car_131021_3.jpg\" alt=\"\" data-id=\"50952\" data-full-url=\"https:\/\/fedai.az\/wp-content\/uploads\/2021\/10\/1634130035_car_131021_3.jpg\" data-link=\"https:\/\/fedai.az\/?attachment_id=50952\" class=\"wp-image-50952\" srcset=\"https:\/\/fedai.az\/wp-content\/uploads\/2021\/10\/1634130035_car_131021_3.jpg 1000w, https:\/\/fedai.az\/wp-content\/uploads\/2021\/10\/1634130035_car_131021_3-300x135.jpg 300w, https:\/\/fedai.az\/wp-content\/uploads\/2021\/10\/1634130035_car_131021_3-150x68.jpg 150w, https:\/\/fedai.az\/wp-content\/uploads\/2021\/10\/1634130035_car_131021_3-768x346.jpg 768w\" sizes=\"auto, (max-width: 1000px) 100vw, 1000px\" \/><\/figure><\/li><\/ul><\/figure>\n\n\n\n<p><br>Bu insidentin ara\u015fd\u0131r\u0131lmas\u0131 \u00fc\u00e7\u00fcn Az\u0259rbaycan Respublikas\u0131n\u0131n Qaraba\u011f \u0130qtisadi Rayonunun m\u00fc\u0259yy\u0259n hiss\u0259sind\u0259 m\u00fcv\u0259qq\u0259ti olaraq yerl\u0259\u015fdirilmi\u015f Rusiya s\u00fclhm\u0259raml\u0131 q\u00fcvv\u0259l\u0259rinin komandanl\u0131\u011f\u0131na v\u0259 Rusiya-T\u00fcrkiy\u0259 Birg\u0259 Monitorinq M\u0259rk\u0259zin\u0259 m\u00fcraci\u0259t edilmi\u015fdir.\u00a0<\/p>\n\n\n\n<p>Az\u0259rbaycan M\u00fcdafi\u0259 Nazirliyi t\u0259r\u0259find\u0259n yay\u0131lan x\u0259b\u0259rl\u0259rin iddia edildiyi kimi, oktyabr\u0131n 13-d\u0259 saat 14:00 rad\u0259l\u0259rind\u0259 D\u0131\u011falar\u0131n Quldur rejiminin (dqr-erm\u0259nil\u0259r bu abverviaturan\u0131 xo\u015flay\u0131r-red.) quldur d\u0259st\u0259l\u0259ri &#171;h\u0259rbi olmayan y\u00fck&#187; da\u015f\u0131yan karvan\u0131 m\u00fc\u015fayi\u0259t ed\u0259n Az\u0259rbaycan h\u0259rbi polis ma\u015f\u0131n\u0131na at\u0259\u015f a\u00e7araq onu z\u0259d\u0259l\u0259m\u0259si bar\u0259d\u0259 m\u0259lumat\u0131 dezinformasiya adland\u0131r\u0131b. Bu bar\u0259d\u0259 separat\u00e7\u0131 rejim b\u0259yanat da verilib.<\/p>\n\n\n\n<p>B\u0259yanatda qeyd edil\u0130ib ki, guya burada m\u0259qs\u0259d t\u0259kc\u0259 b\u00f6lg\u0259d\u0259 s\u00fcni g\u0259rginlik yaratmaq deyil, h\u0259m d\u0259 Rusiya s\u00fclhm\u0259raml\u0131 kontingentinin roluna k\u00f6lg\u0259 salmaqd\u0131r.<\/p>\n","protected":false},"excerpt":{"rendered":"<p>Oktyabr\u0131n 13-\u00fc saat 14:00 rad\u0259l\u0259rind\u0259 K\u0259lb\u0259c\u0259r rayonu \u0259razisind\u0259 m\u00fclki infrastrukturun tikintisi m\u0259qs\u0259dil\u0259 T\u0259rt\u0259r rayonunun Suqovu\u015fan q\u0259s\u0259b\u0259sind\u0259n K\u0259lb\u0259c\u0259r rayonu istiqam\u0259tind\u0259 h\u0259r\u0259k\u0259t ed\u0259n v\u0259 qeyri-h\u0259rbi y\u00fckl\u0259ri<\/p>\n","protected":false},"author":2,"featured_media":50953,"comment_status":"closed","ping_status":"closed","sticky":false,"template":"","format":"standard","meta":{"footnotes":""},"categories":[4],"tags":[],"class_list":["post-50949","post","type-post","status-publish","format-standard","has-post-thumbnail","hentry","category-qarabag"],"aioseo_notices":[],"_links":{"self":[{"href":"https:\/\/fedai.az\/index.php?rest_route=\/wp\/v2\/posts\/50949","targetHints":{"allow":["GET"]}}],"collection":[{"href":"https:\/\/fedai.az\/index.php?rest_route=\/wp\/v2\/posts"}],"about":[{"href":"https:\/\/fedai.az\/index.php?rest_route=\/wp\/v2\/types\/post"}],"author":[{"embeddable":true,"href":"https:\/\/fedai.az\/index.php?rest_route=\/wp\/v2\/users\/2"}],"replies":[{"embeddable":true,"href":"https:\/\/fedai.az\/index.php?rest_route=%2Fwp%2Fv2%2Fcomments&post=50949"}],"version-history":[{"count":1,"href":"https:\/\/fedai.az\/index.php?rest_route=\/wp\/v2\/posts\/50949\/revisions"}],"predecessor-version":[{"id":50954,"href":"https:\/\/fedai.az\/index.php?rest_route=\/wp\/v2\/posts\/50949\/revisions\/50954"}],"wp:featuredmedia":[{"embeddable":true,"href":"https:\/\/fedai.az\/index.php?rest_route=\/wp\/v2\/media\/50953"}],"wp:attachment":[{"href":"https:\/\/fedai.az\/index.php?rest_route=%2Fwp%2Fv2%2Fmedia&parent=50949"}],"wp:term":[{"taxonomy":"category","embeddable":true,"href":"https:\/\/fedai.az\/index.php?rest_route=%2Fwp%2Fv2%2Fcategories&post=50949"},{"taxonomy":"post_tag","embeddable":true,"href":"https:\/\/fedai.az\/index.php?rest_route=%2Fwp%2Fv2%2Ftags&post=50949"}],"curies":[{"name":"wp","href":"https:\/\/api.w.org\/{rel}","templated":true}]}}