{"id":50955,"date":"2021-10-14T00:55:20","date_gmt":"2021-10-13T20:55:20","guid":{"rendered":"https:\/\/fedai.az\/?p=50955"},"modified":"2021-10-14T00:55:25","modified_gmt":"2021-10-13T20:55:25","slug":"s%c9%99hid-az%c9%99r-salmanovun-xatir%c9%99sin%c9%99-h%c9%99sr-edilmis-xatir%c9%99-bulaginin-acilisi-olub","status":"publish","type":"post","link":"https:\/\/fedai.az\/?p=50955","title":{"rendered":"\u015e\u0259hid Az\u0259r Salmanovun xatir\u0259sin\u0259 h\u0259sr edilmi\u015f Xatir\u0259 bula\u011f\u0131n\u0131n a\u00e7\u0131l\u0131\u015f\u0131 olub"},"content":{"rendered":"\n<p><strong>Ab\u015feron rayonu, Saray q\u0259s\u0259b\u0259sind\u0259 \u015e\u0259hid Az\u0259r V\u0259fadar o\u011flu Salmanovun ad\u0131na in\u015fa edilmi\u015f xatir\u0259 bula\u011f\u0131n\u0131n t\u0259nt\u0259n\u0259li a\u00e7\u0131l\u0131\u015f\u0131 oldu.<\/strong><\/p>\n\n\n\n<p><strong> T\u0259dbirin r\u0259smi a\u00e7\u0131l\u0131\u015f\u0131n\u0131 Az\u0259rbaycan V\u0259t\u0259n M\u00fcharib\u0259si Veteranlar\u0131 \u0130ctimai Birliyi (AVMV\u0130B) s\u0259drinin s\u0259lahiyy\u0259tli n\u00fcmay\u0259nd\u0259si pokovnik Elmar H\u00fcseynov elan etdi. \u018fvv\u0259lc\u0259 Az\u0259rbaycan\u0131n \u0259razi b\u00fct\u00f6vl\u00fcy\u00fc u\u011frunda h\u0259lak olmu\u015f \u015e\u0259hidl\u0259rin v\u0259 Ulu \u00d6nd\u0259r Heyd\u0259r \u018fliyevin\u00a0 \u0259ziz xatir\u0259si bir d\u0259qiq\u0259lik s\u00fckutla yad edildi v\u0259 Az\u0259rbaycan Respublikas\u0131n\u0131n d\u00f6vl\u0259t himni ifa edildi.<\/strong><\/p>\n\n\n\n<figure class=\"wp-block-image size-large\"><img loading=\"lazy\" decoding=\"async\" width=\"1024\" height=\"484\" src=\"https:\/\/fedai.az\/wp-content\/uploads\/2021\/10\/245561723_218020780414710_1790921408936826832_n-1024x484.jpg\" alt=\"\" class=\"wp-image-50956\" srcset=\"https:\/\/fedai.az\/wp-content\/uploads\/2021\/10\/245561723_218020780414710_1790921408936826832_n-1024x484.jpg 1024w, https:\/\/fedai.az\/wp-content\/uploads\/2021\/10\/245561723_218020780414710_1790921408936826832_n-300x142.jpg 300w, https:\/\/fedai.az\/wp-content\/uploads\/2021\/10\/245561723_218020780414710_1790921408936826832_n-150x71.jpg 150w, https:\/\/fedai.az\/wp-content\/uploads\/2021\/10\/245561723_218020780414710_1790921408936826832_n-768x363.jpg 768w, https:\/\/fedai.az\/wp-content\/uploads\/2021\/10\/245561723_218020780414710_1790921408936826832_n.jpg 1040w\" sizes=\"auto, (max-width: 1024px) 100vw, 1024px\" \/><\/figure>\n\n\n\n<p>G\u0259nc \u015fair Elvin \u018flizad\u0259 t\u0259dbird\u0259 apar\u0131c\u0131l\u0131q etdi. Salmanovlar ail\u0259sinin a\u011fsaqqal\u0131 Arif Salmanov t\u0259r\u0259find\u0259n xatir\u0259 bula\u011f\u0131n\u0131n a\u011f \u00f6rt\u00fcy\u00fcn\u00fc a\u00e7\u0131ld\u0131. O, \u015f\u0259hid Az\u0259r Salmanovun ke\u00e7diyi q\u0131sa, amma c\u0259sur v\u0259 q\u0259hr\u0259manl\u0131qla dolu d\u00f6y\u00fc\u015f yolu haqq\u0131nda m\u0259lumat verdi. Xatir\u0259 bula\u011f\u0131n\u0131n \u015f\u0259hidin do\u011fma \u0259misi o\u011flu Tural Salmanovun \u015f\u0259xsi v\u0259sati hesab\u0131na tikildiyi bildirildi.<\/p>\n\n\n\n<p>T\u0259dbird\u0259 Ab\u015feron rayonunun \u0130cra ba\u015f\u00e7\u0131s\u0131 \u0130rad\u0259 G\u00fclm\u0259mm\u0259dova, m\u00fcharib\u0259 veteran\u0131 Vidadi A\u011fag\u00fclov, \u015f\u0259hidin atas\u0131 V\u0259fadar Salmanov, \u0130TV-nin apar\u0131c\u0131s\u0131 Jal\u0259 H\u0259s\u0259nli, xeyriyy\u0259\u00e7i i\u015f adam\u0131 Kamil Zeynall\u0131, \u015e\u0259hid \u0130zz\u0259tin anas\u0131 V\u0259fa xan\u0131m, Hac\u0131 Ramil, Hac\u0131 \u015eamil H\u0259s\u0259nli, Hac\u0131 Zahir, Az\u0259rbaycan\u0131n Milli Q\u0259hr\u0259man\u0131, \u015e\u0259hid general Polad H\u0259\u015fimovun anas\u0131 S\u0259may\u0259 xan\u0131m H\u0259\u015fimova, \u015e\u0259hid Qadir Heyd\u0259rovun atas\u0131, Qazi R\u00fcf\u0259t H\u0259s\u0259nov, AVMV\u0130B-nin Sumqay\u0131t \u015f\u0259h\u0259r \u015f\u00f6b\u0259sinin s\u0259dri Teymuraz Mansurov, m\u00fcharib\u0259 veteran\u0131 \u0130lham R\u00fcst\u0259mov, m\u00fcharib\u0259 veteran\u0131 Ramazan Qurbanov, m\u00fcharib\u0259 veteran\u0131 Nazim \u018fliyev, Tokio olimpiadas\u0131nda paralimpiya\u00e7\u0131lar\u0131ndan olan Olimpiya \u00e7empionu \u00a0\u015e\u0259han\u0259, Sumqayt \u015f\u0259h\u0259ri YAP G\u0259ncl\u0259r \u015f\u00f6b\u0259sinin s\u0259dri \u00e7\u0131x\u0131\u015f etdil\u0259r.<\/p>\n\n\n\n<figure class=\"wp-block-gallery columns-3 is-cropped wp-block-gallery-1 is-layout-flex wp-block-gallery-is-layout-flex\"><ul class=\"blocks-gallery-grid\"><li class=\"blocks-gallery-item\"><figure><img loading=\"lazy\" decoding=\"async\" width=\"484\" height=\"1024\" src=\"https:\/\/fedai.az\/wp-content\/uploads\/2021\/10\/243101232_388278746332755_4573381385105114205_n-484x1024.jpg\" alt=\"\" data-id=\"50957\" data-link=\"https:\/\/fedai.az\/?attachment_id=50957\" class=\"wp-image-50957\" srcset=\"https:\/\/fedai.az\/wp-content\/uploads\/2021\/10\/243101232_388278746332755_4573381385105114205_n-484x1024.jpg 484w, https:\/\/fedai.az\/wp-content\/uploads\/2021\/10\/243101232_388278746332755_4573381385105114205_n-142x300.jpg 142w, https:\/\/fedai.az\/wp-content\/uploads\/2021\/10\/243101232_388278746332755_4573381385105114205_n-71x150.jpg 71w, https:\/\/fedai.az\/wp-content\/uploads\/2021\/10\/243101232_388278746332755_4573381385105114205_n.jpg 492w\" sizes=\"auto, (max-width: 484px) 100vw, 484px\" \/><\/figure><\/li><li class=\"blocks-gallery-item\"><figure><img loading=\"lazy\" decoding=\"async\" width=\"484\" height=\"1024\" src=\"https:\/\/fedai.az\/wp-content\/uploads\/2021\/10\/245632865_3102613536690738_2342843199426233603_n-484x1024.jpg\" alt=\"\" data-id=\"50958\" data-link=\"https:\/\/fedai.az\/?attachment_id=50958\" class=\"wp-image-50958\" srcset=\"https:\/\/fedai.az\/wp-content\/uploads\/2021\/10\/245632865_3102613536690738_2342843199426233603_n-484x1024.jpg 484w, https:\/\/fedai.az\/wp-content\/uploads\/2021\/10\/245632865_3102613536690738_2342843199426233603_n-142x300.jpg 142w, https:\/\/fedai.az\/wp-content\/uploads\/2021\/10\/245632865_3102613536690738_2342843199426233603_n-71x150.jpg 71w, https:\/\/fedai.az\/wp-content\/uploads\/2021\/10\/245632865_3102613536690738_2342843199426233603_n.jpg 492w\" sizes=\"auto, (max-width: 484px) 100vw, 484px\" \/><\/figure><\/li><li class=\"blocks-gallery-item\"><figure><img loading=\"lazy\" decoding=\"async\" width=\"593\" height=\"965\" src=\"https:\/\/fedai.az\/wp-content\/uploads\/2021\/10\/xx4.jpg\" alt=\"\" data-id=\"50959\" data-full-url=\"https:\/\/fedai.az\/wp-content\/uploads\/2021\/10\/xx4.jpg\" data-link=\"https:\/\/fedai.az\/?attachment_id=50959\" class=\"wp-image-50959\" srcset=\"https:\/\/fedai.az\/wp-content\/uploads\/2021\/10\/xx4.jpg 593w, https:\/\/fedai.az\/wp-content\/uploads\/2021\/10\/xx4-184x300.jpg 184w, https:\/\/fedai.az\/wp-content\/uploads\/2021\/10\/xx4-92x150.jpg 92w\" sizes=\"auto, (max-width: 593px) 100vw, 593px\" \/><\/figure><\/li><\/ul><\/figure>\n\n\n\n<p> 2 sayli orta m\u0259kt\u0259bin m\u00fc\u0259llimi Zemfira xan\u0131m\u0131n v\u0259 \u015fagirdl\u0259rin yadda qalan \u015feirl\u0259ri, m\u0259zmunlu \u00e7\u0131x\u0131\u015flar\u0131 t\u0259dbir i\u015ftirak\u00e7\u0131lar\u0131 t\u0259r\u0259find\u0259n maraqla qar\u015f\u0131land\u0131.<\/p>\n\n\n\n<figure class=\"wp-block-image size-large\"><img loading=\"lazy\" decoding=\"async\" width=\"1024\" height=\"484\" src=\"https:\/\/fedai.az\/wp-content\/uploads\/2021\/10\/243116611_1003078543868960_184641643787403050_n-1024x484.jpg\" alt=\"\" class=\"wp-image-50960\" srcset=\"https:\/\/fedai.az\/wp-content\/uploads\/2021\/10\/243116611_1003078543868960_184641643787403050_n-1024x484.jpg 1024w, https:\/\/fedai.az\/wp-content\/uploads\/2021\/10\/243116611_1003078543868960_184641643787403050_n-300x142.jpg 300w, https:\/\/fedai.az\/wp-content\/uploads\/2021\/10\/243116611_1003078543868960_184641643787403050_n-150x71.jpg 150w, https:\/\/fedai.az\/wp-content\/uploads\/2021\/10\/243116611_1003078543868960_184641643787403050_n-768x363.jpg 768w, https:\/\/fedai.az\/wp-content\/uploads\/2021\/10\/243116611_1003078543868960_184641643787403050_n.jpg 1040w\" sizes=\"auto, (max-width: 1024px) 100vw, 1024px\" \/><\/figure>\n\n\n\n<p>T\u0259dbird\u0259 g\u00f6z\u0259l dini v\u0259 v\u0259t\u0259np\u0259rv\u0259r mahn\u0131lar\u0131 il\u0259 yadda qalan G\u00fcnel M\u0259h\u0259rr\u0259mli, N\u0259f\u0259s xan\u0131m, V\u0259fa xan\u0131m, El\u015f\u0259n X\u0259z\u0259r, Tal\u0131b Taleh, Balab\u0259y, Ya\u015far Qafanl\u0131, Seyid Taleh Boradigahl\u0131, T\u0259rlan Novxan\u0131l\u0131, Elvin Nasir, \u015e\u00f6hr\u0259t, N\u00fc\u015fab\u0259 Musayeva, P\u00fcnhan \u00e7\u0131x\u0131\u015f etdil\u0259r.<\/p>\n\n\n\n<figure class=\"wp-block-image size-large\"><img loading=\"lazy\" decoding=\"async\" width=\"1024\" height=\"484\" src=\"https:\/\/fedai.az\/wp-content\/uploads\/2021\/10\/242999788_583517946031072_7031836536849974927_n-1024x484.jpg\" alt=\"\" class=\"wp-image-50961\" srcset=\"https:\/\/fedai.az\/wp-content\/uploads\/2021\/10\/242999788_583517946031072_7031836536849974927_n-1024x484.jpg 1024w, https:\/\/fedai.az\/wp-content\/uploads\/2021\/10\/242999788_583517946031072_7031836536849974927_n-300x142.jpg 300w, https:\/\/fedai.az\/wp-content\/uploads\/2021\/10\/242999788_583517946031072_7031836536849974927_n-150x71.jpg 150w, https:\/\/fedai.az\/wp-content\/uploads\/2021\/10\/242999788_583517946031072_7031836536849974927_n-768x363.jpg 768w, https:\/\/fedai.az\/wp-content\/uploads\/2021\/10\/242999788_583517946031072_7031836536849974927_n.jpg 1040w\" sizes=\"auto, (max-width: 1024px) 100vw, 1024px\" \/><\/figure>\n\n\n\n<p>T\u0259dbird\u0259 AVMV\u0130B Qubadl\u0131 \u015f\u00f6b\u0259sinin s\u0259dri T\u0259yyar Eminov, Sumqay\u0131t \u015f\u00f6b\u0259sinin s\u0259dri Teymuraz Mansurov, AVMV\u0130B s\u0259drinin s\u0259lahiyy\u0259tli n\u00fcmay\u0259nd\u0259si, AVMV\u0130B Sumqay\u0131t \u015f\u0259h\u0259r \u015f\u00f6b\u0259sinin s\u0259dr m\u00fcavini Z\u0259k\u0259riyya R\u0259himov, AVMV\u0130B N\u0259simi rayon\u015f\u00f6b\u0259sinin s\u0259dri Elmar H\u00fcseynov, m\u00fcharib\u0259 veteranlar\u0131 As\u0259f F\u0259rz\u0259liyev, Vidadi A\u011fag\u00fclov, \u0130lham R\u00fcst\u0259mov, El\u015fad Qafarov \u018fv\u0259z Abdullayev, \u018fb\u00fclf\u0259t K\u0259rimov, Hac\u0131 Surxay v\u0259 ictimaiyy\u0259t n\u00fcmay\u0259nd\u0259l\u0259ri i\u015ftirak etdil\u0259r.<\/p>\n\n\n\n<figure class=\"wp-block-image size-large\"><img loading=\"lazy\" decoding=\"async\" width=\"1024\" height=\"484\" src=\"https:\/\/fedai.az\/wp-content\/uploads\/2021\/10\/245602749_365056338698517_5623746851278471605_n-1024x484.jpg\" alt=\"\" class=\"wp-image-50962\" srcset=\"https:\/\/fedai.az\/wp-content\/uploads\/2021\/10\/245602749_365056338698517_5623746851278471605_n-1024x484.jpg 1024w, https:\/\/fedai.az\/wp-content\/uploads\/2021\/10\/245602749_365056338698517_5623746851278471605_n-300x142.jpg 300w, https:\/\/fedai.az\/wp-content\/uploads\/2021\/10\/245602749_365056338698517_5623746851278471605_n-150x71.jpg 150w, https:\/\/fedai.az\/wp-content\/uploads\/2021\/10\/245602749_365056338698517_5623746851278471605_n-768x363.jpg 768w, https:\/\/fedai.az\/wp-content\/uploads\/2021\/10\/245602749_365056338698517_5623746851278471605_n.jpg 1040w\" sizes=\"auto, (max-width: 1024px) 100vw, 1024px\" \/><\/figure>\n\n\n\n<p>\u00a0Salmanovlar ail\u0259si ad\u0131ndan Tofiq Salmanov \u00e7\u0131x\u0131\u015f ed\u0259r\u0259k, t\u0259dbir i\u015ftirak\u015f\u0131lar\u0131na \u00f6z t\u0259\u015f\u0259kk\u00fcr\u00fcn\u00fc bildirdi. M\u0259rasim evind\u0259 \u015e\u0259hidin ad\u0131na ehsan s\u00fcfr\u0259si t\u0259\u015fkil olundu.<\/p>\n\n\n\n<p><strong>Allah \u015f\u0259hidl\u0259rimiz\u0259 r\u0259hm\u0259t el\u0259sin!<\/strong><\/p>\n\n\n\n<figure class=\"wp-block-image size-large\"><img loading=\"lazy\" decoding=\"async\" width=\"1024\" height=\"484\" src=\"https:\/\/fedai.az\/wp-content\/uploads\/2021\/10\/245794345_1051169875641953_5754964703856361589_n-1024x484.jpg\" alt=\"\" class=\"wp-image-50963\" srcset=\"https:\/\/fedai.az\/wp-content\/uploads\/2021\/10\/245794345_1051169875641953_5754964703856361589_n-1024x484.jpg 1024w, https:\/\/fedai.az\/wp-content\/uploads\/2021\/10\/245794345_1051169875641953_5754964703856361589_n-300x142.jpg 300w, https:\/\/fedai.az\/wp-content\/uploads\/2021\/10\/245794345_1051169875641953_5754964703856361589_n-150x71.jpg 150w, https:\/\/fedai.az\/wp-content\/uploads\/2021\/10\/245794345_1051169875641953_5754964703856361589_n-768x363.jpg 768w, https:\/\/fedai.az\/wp-content\/uploads\/2021\/10\/245794345_1051169875641953_5754964703856361589_n.jpg 1040w\" sizes=\"auto, (max-width: 1024px) 100vw, 1024px\" \/><\/figure>\n","protected":false},"excerpt":{"rendered":"<p>Ab\u015feron rayonu, Saray q\u0259s\u0259b\u0259sind\u0259 \u015e\u0259hid Az\u0259r V\u0259fadar o\u011flu Salmanovun ad\u0131na in\u015fa edilmi\u015f xatir\u0259 bula\u011f\u0131n\u0131n t\u0259nt\u0259n\u0259li a\u00e7\u0131l\u0131\u015f\u0131 oldu. T\u0259dbirin r\u0259smi a\u00e7\u0131l\u0131\u015f\u0131n\u0131 Az\u0259rbaycan V\u0259t\u0259n M\u00fcharib\u0259si Veteranlar\u0131<\/p>\n","protected":false},"author":2,"featured_media":50964,"comment_status":"closed","ping_status":"closed","sticky":false,"template":"","format":"standard","meta":{"footnotes":""},"categories":[5],"tags":[],"class_list":["post-50955","post","type-post","status-publish","format-standard","has-post-thumbnail","hentry","category-veteran"],"aioseo_notices":[],"_links":{"self":[{"href":"https:\/\/fedai.az\/index.php?rest_route=\/wp\/v2\/posts\/50955","targetHints":{"allow":["GET"]}}],"collection":[{"href":"https:\/\/fedai.az\/index.php?rest_route=\/wp\/v2\/posts"}],"about":[{"href":"https:\/\/fedai.az\/index.php?rest_route=\/wp\/v2\/types\/post"}],"author":[{"embeddable":true,"href":"https:\/\/fedai.az\/index.php?rest_route=\/wp\/v2\/users\/2"}],"replies":[{"embeddable":true,"href":"https:\/\/fedai.az\/index.php?rest_route=%2Fwp%2Fv2%2Fcomments&post=50955"}],"version-history":[{"count":1,"href":"https:\/\/fedai.az\/index.php?rest_route=\/wp\/v2\/posts\/50955\/revisions"}],"predecessor-version":[{"id":50965,"href":"https:\/\/fedai.az\/index.php?rest_route=\/wp\/v2\/posts\/50955\/revisions\/50965"}],"wp:featuredmedia":[{"embeddable":true,"href":"https:\/\/fedai.az\/index.php?rest_route=\/wp\/v2\/media\/50964"}],"wp:attachment":[{"href":"https:\/\/fedai.az\/index.php?rest_route=%2Fwp%2Fv2%2Fmedia&parent=50955"}],"wp:term":[{"taxonomy":"category","embeddable":true,"href":"https:\/\/fedai.az\/index.php?rest_route=%2Fwp%2Fv2%2Fcategories&post=50955"},{"taxonomy":"post_tag","embeddable":true,"href":"https:\/\/fedai.az\/index.php?rest_route=%2Fwp%2Fv2%2Ftags&post=50955"}],"curies":[{"name":"wp","href":"https:\/\/api.w.org\/{rel}","templated":true}]}}