{"id":51126,"date":"2021-10-15T19:39:34","date_gmt":"2021-10-15T15:39:34","guid":{"rendered":"https:\/\/fedai.az\/?p=51126"},"modified":"2021-10-15T19:39:38","modified_gmt":"2021-10-15T15:39:38","slug":"erm%c9%99ni-quldur-birl%c9%99sm%c9%99l%c9%99ri-arasinda-qanli-hesablasma","status":"publish","type":"post","link":"https:\/\/fedai.az\/?p=51126","title":{"rendered":"Erm\u0259ni quldur birl\u0259\u015fm\u0259l\u0259ri aras\u0131nda qanl\u0131 &#171;hesabla\u015fma&#187;"},"content":{"rendered":"\n<p class=\"wp-block-paragraph\"><strong>\u201cRusiya s\u00fclhm\u0259raml\u0131lar\u0131n\u0131n m\u00fcv\u0259qq\u0259ti yerl\u0259\u015fdiyi Az\u0259rbaycan \u0259razisind\u0259ki qanunsuz erm\u0259ni silahl\u0131 d\u0259st\u0259l\u0259ri aras\u0131nda at\u0131\u015fma ba\u015f verib\u201d.<\/strong><\/p>\n\n\n\n<p class=\"wp-block-paragraph\">Bu bar\u0259d\u0259 M\u00fcdafi\u0259 Nazirliyi m\u0259lumat yay\u0131b.<\/p>\n\n\n\n<p class=\"wp-block-paragraph\">Bildirilib ki, \u0259vv\u0259lc\u0259 qar\u015f\u0131 t\u0259r\u0259fin bir ne\u00e7\u0259 s\u0259rxo\u015f silahl\u0131s\u0131 dig\u0259r yolda\u015flar\u0131 il\u0259 \u0259lb\u0259yaxa \u00e7\u0131x\u0131b:<\/p>\n\n\n\n<p class=\"wp-block-paragraph\">\u201cSonra onlar\u0131n olduqlar\u0131 yerd\u0259 partlay\u0131\u015f m\u00fc\u015fahid\u0259 edilib. \u0130lkin ehtimala g\u00f6r\u0259, at\u0131\u015fma n\u0259tic\u0259sind\u0259 qar\u015f\u0131 t\u0259r\u0259fd\u0259n \u00f6l\u0259n v\u0259 yaralananlar var. Bildiririk ki, ba\u015f vermi\u015f hadis\u0259y\u0259 Az\u0259rbaycan Ordusunun he\u00e7 bir aidiyy\u0259ti yoxdur\u201d.<\/p>\n\n\n\n<p class=\"wp-block-paragraph\"><strong>Qeyd ed\u0259k ki, Erm\u0259nistan\u0131n ombudsman\u0131 Arman Tatoyan bir ne\u00e7\u0259 d\u0259qiq\u0259 \u00f6nc\u0259 Xocav\u0259nd rayonunun Yenik\u0259nd \u0259razisi yax\u0131nl\u0131\u011f\u0131nda 2 erm\u0259ninin \u00f6ld\u00fcr\u00fcld\u00fcy\u00fcn\u00fc v\u0259 6 n\u0259f\u0259rin d\u0259 yaral\u0131 oldu\u011funu t\u0259sdiq edib. O bildirir ki, \u015fidd\u0259tli at\u0131\u015fmalar davam edir.<\/strong><\/p>\n\n\n\n<p class=\"wp-block-paragraph\">\u201cHaz\u0131rda d\u0259qiq bilin\u0259n odur ki, d\u00f6y\u00fc\u015fl\u0259r \u018fsg\u0259ran qalas\u0131 yax\u0131nl\u0131\u011f\u0131ndak\u0131 postlar\u0131m\u0131z istiqam\u0259tind\u0259 gedir. T\u0259cili yard\u0131m ma\u015f\u0131nlar\u0131 yaral\u0131lar\u0131 x\u0259st\u0259xanaya \u00e7atd\u0131r\u0131r\u201d.<\/p>\n\n\n\n<p class=\"wp-block-paragraph\">\u201cCaliber.az\u201d da bildirir ki, erm\u0259nil\u0259rin \u00f6lm\u0259sin\u0259 v\u0259 yaralanmas\u0131na s\u0259b\u0259b \u00f6z aralar\u0131nda ba\u015f ver\u0259n insidentdir. Az\u0259rbaycan bu hadis\u0259y\u0259 sad\u0259c\u0259 m\u00fc\u015fahid\u0259\u00e7i olaraq qal\u0131b.\u00a0 <\/p>\n\n\n\n<p class=\"wp-block-paragraph\">M\u0259nb\u0259: KONKRET.az<\/p>\n","protected":false},"excerpt":{"rendered":"<p>\u201cRusiya s\u00fclhm\u0259raml\u0131lar\u0131n\u0131n m\u00fcv\u0259qq\u0259ti yerl\u0259\u015fdiyi Az\u0259rbaycan \u0259razisind\u0259ki qanunsuz erm\u0259ni silahl\u0131 d\u0259st\u0259l\u0259ri aras\u0131nda at\u0131\u015fma ba\u015f verib\u201d. Bu bar\u0259d\u0259 M\u00fcdafi\u0259 Nazirliyi m\u0259lumat yay\u0131b. Bildirilib ki, \u0259vv\u0259lc\u0259 qar\u015f\u0131<\/p>\n","protected":false},"author":2,"featured_media":51127,"comment_status":"closed","ping_status":"closed","sticky":false,"template":"","format":"standard","meta":{"footnotes":""},"categories":[4],"tags":[],"class_list":["post-51126","post","type-post","status-publish","format-standard","has-post-thumbnail","hentry","category-qarabag"],"aioseo_notices":[],"aioseo_head":"\n\t\t<!-- All in One SEO 5.0.0.1 - aioseo.com -->\n\t<meta name=\"description\" content=\"\u201cRusiya s\u00fclhm\u0259raml\u0131lar\u0131n\u0131n m\u00fcv\u0259qq\u0259ti yerl\u0259\u015fdiyi Az\u0259rbaycan \u0259razisind\u0259ki qanunsuz erm\u0259ni silahl\u0131 d\u0259st\u0259l\u0259ri aras\u0131nda at\u0131\u015fma ba\u015f verib\u201d. Bu bar\u0259d\u0259 M\u00fcdafi\u0259 Nazirliyi m\u0259lumat yay\u0131b. Bildirilib ki, \u0259vv\u0259lc\u0259 qar\u015f\u0131 t\u0259r\u0259fin bir ne\u00e7\u0259 s\u0259rxo\u015f silahl\u0131s\u0131 dig\u0259r yolda\u015flar\u0131 il\u0259 \u0259lb\u0259yaxa \u00e7\u0131x\u0131b: \u201cSonra onlar\u0131n olduqlar\u0131 yerd\u0259 partlay\u0131\u015f m\u00fc\u015fahid\u0259 edilib. \u0130lkin ehtimala g\u00f6r\u0259, at\u0131\u015fma n\u0259tic\u0259sind\u0259 qar\u015f\u0131 t\u0259r\u0259fd\u0259n \u00f6l\u0259n v\u0259 yaralananlar var. Bildiririk ki, ba\u015f\" \/>\n\t<meta name=\"robots\" content=\"max-image-preview:large\" \/>\n\t<meta name=\"author\" content=\"www.Fedai.az\"\/>\n\t<link rel=\"canonical\" href=\"https:\/\/fedai.az\/?p=51126\" \/>\n\t<meta name=\"generator\" content=\"All in One SEO (AIOSEO) 5.0.0.1\" \/>\n\t\t<meta property=\"og:locale\" content=\"ru_RU\" \/>\n\t\t<meta property=\"og:site_name\" content=\"&quot;F\u0259dai&quot; q\u0259zeti\" \/>\n\t\t<meta property=\"og:type\" content=\"article\" \/>\n\t\t<meta property=\"og:title\" content=\"Erm\u0259ni quldur birl\u0259\u015fm\u0259l\u0259ri aras\u0131nda qanl\u0131 \u00abhesabla\u015fma\u00bb | &quot;F\u0259dai&quot; q\u0259zeti\" \/>\n\t\t<meta property=\"og:description\" content=\"\u201cRusiya s\u00fclhm\u0259raml\u0131lar\u0131n\u0131n m\u00fcv\u0259qq\u0259ti yerl\u0259\u015fdiyi Az\u0259rbaycan \u0259razisind\u0259ki qanunsuz erm\u0259ni silahl\u0131 d\u0259st\u0259l\u0259ri aras\u0131nda at\u0131\u015fma ba\u015f verib\u201d. Bu bar\u0259d\u0259 M\u00fcdafi\u0259 Nazirliyi m\u0259lumat yay\u0131b. Bildirilib ki, \u0259vv\u0259lc\u0259 qar\u015f\u0131 t\u0259r\u0259fin bir ne\u00e7\u0259 s\u0259rxo\u015f silahl\u0131s\u0131 dig\u0259r yolda\u015flar\u0131 il\u0259 \u0259lb\u0259yaxa \u00e7\u0131x\u0131b: \u201cSonra onlar\u0131n olduqlar\u0131 yerd\u0259 partlay\u0131\u015f m\u00fc\u015fahid\u0259 edilib. \u0130lkin ehtimala g\u00f6r\u0259, at\u0131\u015fma n\u0259tic\u0259sind\u0259 qar\u015f\u0131 t\u0259r\u0259fd\u0259n \u00f6l\u0259n v\u0259 yaralananlar var. Bildiririk ki, ba\u015f\" \/>\n\t\t<meta property=\"og:url\" content=\"https:\/\/fedai.az\/?p=51126\" \/>\n\t\t<meta property=\"fb:app_id\" content=\"696809432257740\" \/>\n\t\t<meta property=\"og:image\" content=\"https:\/\/fedai.az\/wp-content\/uploads\/2021\/10\/1629363058_3062958.jpg\" \/>\n\t\t<meta property=\"og:image:secure_url\" content=\"https:\/\/fedai.az\/wp-content\/uploads\/2021\/10\/1629363058_3062958.jpg\" \/>\n\t\t<meta property=\"og:image:width\" content=\"700\" \/>\n\t\t<meta property=\"og:image:height\" content=\"525\" \/>\n\t\t<meta property=\"article:published_time\" content=\"2021-10-15T15:39:34+00:00\" \/>\n\t\t<meta property=\"article:modified_time\" content=\"2021-10-15T15:39:38+00:00\" \/>\n\t\t<meta property=\"article:publisher\" content=\"https:\/\/facebook.com\/fedai.az\" \/>\n\t\t<meta name=\"twitter:card\" content=\"summary\" \/>\n\t\t<meta name=\"twitter:site\" content=\"@fedai.az\" \/>\n\t\t<meta name=\"twitter:title\" content=\"Erm\u0259ni quldur birl\u0259\u015fm\u0259l\u0259ri aras\u0131nda qanl\u0131 \u00abhesabla\u015fma\u00bb | &quot;F\u0259dai&quot; q\u0259zeti\" \/>\n\t\t<meta name=\"twitter:description\" content=\"\u201cRusiya s\u00fclhm\u0259raml\u0131lar\u0131n\u0131n m\u00fcv\u0259qq\u0259ti yerl\u0259\u015fdiyi Az\u0259rbaycan \u0259razisind\u0259ki qanunsuz erm\u0259ni silahl\u0131 d\u0259st\u0259l\u0259ri aras\u0131nda at\u0131\u015fma ba\u015f verib\u201d. Bu bar\u0259d\u0259 M\u00fcdafi\u0259 Nazirliyi m\u0259lumat yay\u0131b. Bildirilib ki, \u0259vv\u0259lc\u0259 qar\u015f\u0131 t\u0259r\u0259fin bir ne\u00e7\u0259 s\u0259rxo\u015f silahl\u0131s\u0131 dig\u0259r yolda\u015flar\u0131 il\u0259 \u0259lb\u0259yaxa \u00e7\u0131x\u0131b: \u201cSonra onlar\u0131n olduqlar\u0131 yerd\u0259 partlay\u0131\u015f m\u00fc\u015fahid\u0259 edilib. \u0130lkin ehtimala g\u00f6r\u0259, at\u0131\u015fma n\u0259tic\u0259sind\u0259 qar\u015f\u0131 t\u0259r\u0259fd\u0259n \u00f6l\u0259n v\u0259 yaralananlar var. Bildiririk ki, ba\u015f\" \/>\n\t\t<meta name=\"twitter:image\" content=\"https:\/\/fedai.az\/wp-content\/uploads\/2021\/10\/1629363058_3062958.jpg\" \/>\n\t\t<script type=\"application\/ld+json\" class=\"aioseo-schema\">\n\t\t\t{\"@context\":\"https:\\\/\\\/schema.org\",\"@graph\":[{\"@type\":\"Article\",\"@id\":\"https:\\\/\\\/fedai.az\\\/?p=51126#article\",\"name\":\"Erm\\u0259ni quldur birl\\u0259\\u015fm\\u0259l\\u0259ri aras\\u0131nda qanl\\u0131 \\u00abhesabla\\u015fma\\u00bb | \\\"F\\u0259dai\\\" q\\u0259zeti\",\"headline\":\"Erm\\u0259ni quldur birl\\u0259\\u015fm\\u0259l\\u0259ri aras\\u0131nda qanl\\u0131 &#171;hesabla\\u015fma&#187;\",\"author\":{\"@id\":\"https:\\\/\\\/fedai.az\\\/?author=2#author\"},\"publisher\":{\"@id\":\"https:\\\/\\\/fedai.az\\\/#organization\"},\"image\":{\"@type\":\"ImageObject\",\"url\":\"https:\\\/\\\/fedai.az\\\/wp-content\\\/uploads\\\/2021\\\/10\\\/1629363058_3062958.jpg\",\"width\":700,\"height\":525},\"datePublished\":\"2021-10-15T19:39:34+04:00\",\"dateModified\":\"2021-10-15T19:39:38+04:00\",\"inLanguage\":\"ru-RU\",\"mainEntityOfPage\":{\"@id\":\"https:\\\/\\\/fedai.az\\\/?p=51126#webpage\"},\"isPartOf\":{\"@id\":\"https:\\\/\\\/fedai.az\\\/?p=51126#webpage\"},\"articleSection\":\"Qaraba\\u011f\"},{\"@type\":\"BreadcrumbList\",\"@id\":\"https:\\\/\\\/fedai.az\\\/?p=51126#breadcrumblist\",\"itemListElement\":[{\"@type\":\"ListItem\",\"@id\":\"https:\\\/\\\/fedai.az#listItem\",\"position\":1,\"name\":\"Home\",\"item\":\"https:\\\/\\\/fedai.az\",\"nextItem\":{\"@type\":\"ListItem\",\"@id\":\"https:\\\/\\\/fedai.az\\\/?cat=4#listItem\",\"name\":\"Qaraba\\u011f\"}},{\"@type\":\"ListItem\",\"@id\":\"https:\\\/\\\/fedai.az\\\/?cat=4#listItem\",\"position\":2,\"name\":\"Qaraba\\u011f\",\"item\":\"https:\\\/\\\/fedai.az\\\/?cat=4\",\"nextItem\":{\"@type\":\"ListItem\",\"@id\":\"https:\\\/\\\/fedai.az\\\/?p=51126#listItem\",\"name\":\"Erm\\u0259ni quldur birl\\u0259\\u015fm\\u0259l\\u0259ri aras\\u0131nda qanl\\u0131 &#171;hesabla\\u015fma&#187;\"},\"previousItem\":{\"@type\":\"ListItem\",\"@id\":\"https:\\\/\\\/fedai.az#listItem\",\"name\":\"Home\"}},{\"@type\":\"ListItem\",\"@id\":\"https:\\\/\\\/fedai.az\\\/?p=51126#listItem\",\"position\":3,\"name\":\"Erm\\u0259ni quldur birl\\u0259\\u015fm\\u0259l\\u0259ri aras\\u0131nda qanl\\u0131 &#171;hesabla\\u015fma&#187;\",\"previousItem\":{\"@type\":\"ListItem\",\"@id\":\"https:\\\/\\\/fedai.az\\\/?cat=4#listItem\",\"name\":\"Qaraba\\u011f\"}}]},{\"@type\":\"Organization\",\"@id\":\"https:\\\/\\\/fedai.az\\\/#organization\",\"name\":\"\\\"F\\u0259dai\\\" q\\u0259zeti\",\"description\":\"Az\\u0259rbaycan V\\u0259t\\u0259n M\\u00fcharib\\u0259si Veteranlar\\u0131 \\u0130ctimai Birliyi\",\"url\":\"https:\\\/\\\/fedai.az\\\/\",\"logo\":{\"@type\":\"ImageObject\",\"url\":\"https:\\\/\\\/fedai.az\\\/wp-content\\\/uploads\\\/2022\\\/09\\\/logo3.png\",\"@id\":\"https:\\\/\\\/fedai.az\\\/?p=51126\\\/#organizationLogo\",\"width\":500,\"height\":100},\"image\":{\"@id\":\"https:\\\/\\\/fedai.az\\\/?p=51126\\\/#organizationLogo\"},\"sameAs\":[\"https:\\\/\\\/instagram.com\\\/fedai.az\",\"https:\\\/\\\/pinterest.com\\\/fedai.az\",\"https:\\\/\\\/youtube.com\\\/fedai.az\",\"https:\\\/\\\/linkedin.com\\\/in\\\/fedai.az\"]},{\"@type\":\"Person\",\"@id\":\"https:\\\/\\\/fedai.az\\\/?author=2#author\",\"url\":\"https:\\\/\\\/fedai.az\\\/?author=2\",\"name\":\"www.Fedai.az\",\"image\":{\"@type\":\"ImageObject\",\"@id\":\"https:\\\/\\\/fedai.az\\\/?p=51126#authorImage\",\"url\":\"https:\\\/\\\/secure.gravatar.com\\\/avatar\\\/d861e138a4bd3ce6812a7aa95e796aa05e165f28ecde9a972c6789a09fcd1daa?s=96&d=mm&r=g\",\"width\":96,\"height\":96,\"caption\":\"www.Fedai.az\"}},{\"@type\":\"WebPage\",\"@id\":\"https:\\\/\\\/fedai.az\\\/?p=51126#webpage\",\"url\":\"https:\\\/\\\/fedai.az\\\/?p=51126\",\"name\":\"Erm\\u0259ni quldur birl\\u0259\\u015fm\\u0259l\\u0259ri aras\\u0131nda qanl\\u0131 \\u00abhesabla\\u015fma\\u00bb | \\\"F\\u0259dai\\\" q\\u0259zeti\",\"description\":\"\\u201cRusiya s\\u00fclhm\\u0259raml\\u0131lar\\u0131n\\u0131n m\\u00fcv\\u0259qq\\u0259ti yerl\\u0259\\u015fdiyi Az\\u0259rbaycan \\u0259razisind\\u0259ki qanunsuz erm\\u0259ni silahl\\u0131 d\\u0259st\\u0259l\\u0259ri aras\\u0131nda at\\u0131\\u015fma ba\\u015f verib\\u201d. Bu bar\\u0259d\\u0259 M\\u00fcdafi\\u0259 Nazirliyi m\\u0259lumat yay\\u0131b. Bildirilib ki, \\u0259vv\\u0259lc\\u0259 qar\\u015f\\u0131 t\\u0259r\\u0259fin bir ne\\u00e7\\u0259 s\\u0259rxo\\u015f silahl\\u0131s\\u0131 dig\\u0259r yolda\\u015flar\\u0131 il\\u0259 \\u0259lb\\u0259yaxa \\u00e7\\u0131x\\u0131b: \\u201cSonra onlar\\u0131n olduqlar\\u0131 yerd\\u0259 partlay\\u0131\\u015f m\\u00fc\\u015fahid\\u0259 edilib. \\u0130lkin ehtimala g\\u00f6r\\u0259, at\\u0131\\u015fma n\\u0259tic\\u0259sind\\u0259 qar\\u015f\\u0131 t\\u0259r\\u0259fd\\u0259n \\u00f6l\\u0259n v\\u0259 yaralananlar var. Bildiririk ki, ba\\u015f\",\"inLanguage\":\"ru-RU\",\"isPartOf\":{\"@id\":\"https:\\\/\\\/fedai.az\\\/#website\"},\"breadcrumb\":{\"@id\":\"https:\\\/\\\/fedai.az\\\/?p=51126#breadcrumblist\"},\"author\":{\"@id\":\"https:\\\/\\\/fedai.az\\\/?author=2#author\"},\"creator\":{\"@id\":\"https:\\\/\\\/fedai.az\\\/?author=2#author\"},\"image\":{\"@type\":\"ImageObject\",\"url\":\"https:\\\/\\\/fedai.az\\\/wp-content\\\/uploads\\\/2021\\\/10\\\/1629363058_3062958.jpg\",\"@id\":\"https:\\\/\\\/fedai.az\\\/?p=51126\\\/#mainImage\",\"width\":700,\"height\":525},\"primaryImageOfPage\":{\"@id\":\"https:\\\/\\\/fedai.az\\\/?p=51126#mainImage\"},\"datePublished\":\"2021-10-15T19:39:34+04:00\",\"dateModified\":\"2021-10-15T19:39:38+04:00\"},{\"@type\":\"WebSite\",\"@id\":\"https:\\\/\\\/fedai.az\\\/#website\",\"url\":\"https:\\\/\\\/fedai.az\\\/\",\"name\":\"\\\"F\\u0259dai\\\" q\\u0259zeti\",\"description\":\"Az\\u0259rbaycan V\\u0259t\\u0259n M\\u00fcharib\\u0259si Veteranlar\\u0131 \\u0130ctimai Birliyi\",\"inLanguage\":\"ru-RU\",\"publisher\":{\"@id\":\"https:\\\/\\\/fedai.az\\\/#organization\"}}]}\n\t\t<\/script>\n\t\t<!-- All in One SEO -->\n\n","aioseo_head_json":{"title":"Erm\u0259ni quldur birl\u0259\u015fm\u0259l\u0259ri aras\u0131nda qanl\u0131 \u00abhesabla\u015fma\u00bb | \"F\u0259dai\" q\u0259zeti","description":"\u201cRusiya s\u00fclhm\u0259raml\u0131lar\u0131n\u0131n m\u00fcv\u0259qq\u0259ti yerl\u0259\u015fdiyi Az\u0259rbaycan \u0259razisind\u0259ki qanunsuz erm\u0259ni silahl\u0131 d\u0259st\u0259l\u0259ri aras\u0131nda at\u0131\u015fma ba\u015f verib\u201d. Bu bar\u0259d\u0259 M\u00fcdafi\u0259 Nazirliyi m\u0259lumat yay\u0131b. Bildirilib ki, \u0259vv\u0259lc\u0259 qar\u015f\u0131 t\u0259r\u0259fin bir ne\u00e7\u0259 s\u0259rxo\u015f silahl\u0131s\u0131 dig\u0259r yolda\u015flar\u0131 il\u0259 \u0259lb\u0259yaxa \u00e7\u0131x\u0131b: \u201cSonra onlar\u0131n olduqlar\u0131 yerd\u0259 partlay\u0131\u015f m\u00fc\u015fahid\u0259 edilib. \u0130lkin ehtimala g\u00f6r\u0259, at\u0131\u015fma n\u0259tic\u0259sind\u0259 qar\u015f\u0131 t\u0259r\u0259fd\u0259n \u00f6l\u0259n v\u0259 yaralananlar var. Bildiririk ki, ba\u015f","canonical_url":"https:\/\/fedai.az\/?p=51126","robots":"max-image-preview:large","keywords":"","webmasterTools":{"miscellaneous":""},"schema":{"@context":"https:\/\/schema.org","@graph":[{"@type":"Article","@id":"https:\/\/fedai.az\/?p=51126#article","name":"Erm\u0259ni quldur birl\u0259\u015fm\u0259l\u0259ri aras\u0131nda qanl\u0131 \u00abhesabla\u015fma\u00bb | \"F\u0259dai\" q\u0259zeti","headline":"Erm\u0259ni quldur birl\u0259\u015fm\u0259l\u0259ri aras\u0131nda qanl\u0131 &#171;hesabla\u015fma&#187;","author":{"@id":"https:\/\/fedai.az\/?author=2#author"},"publisher":{"@id":"https:\/\/fedai.az\/#organization"},"image":{"@type":"ImageObject","url":"https:\/\/fedai.az\/wp-content\/uploads\/2021\/10\/1629363058_3062958.jpg","width":700,"height":525},"datePublished":"2021-10-15T19:39:34+04:00","dateModified":"2021-10-15T19:39:38+04:00","inLanguage":"ru-RU","mainEntityOfPage":{"@id":"https:\/\/fedai.az\/?p=51126#webpage"},"isPartOf":{"@id":"https:\/\/fedai.az\/?p=51126#webpage"},"articleSection":"Qaraba\u011f"},{"@type":"BreadcrumbList","@id":"https:\/\/fedai.az\/?p=51126#breadcrumblist","itemListElement":[{"@type":"ListItem","@id":"https:\/\/fedai.az#listItem","position":1,"name":"Home","item":"https:\/\/fedai.az","nextItem":{"@type":"ListItem","@id":"https:\/\/fedai.az\/?cat=4#listItem","name":"Qaraba\u011f"}},{"@type":"ListItem","@id":"https:\/\/fedai.az\/?cat=4#listItem","position":2,"name":"Qaraba\u011f","item":"https:\/\/fedai.az\/?cat=4","nextItem":{"@type":"ListItem","@id":"https:\/\/fedai.az\/?p=51126#listItem","name":"Erm\u0259ni quldur birl\u0259\u015fm\u0259l\u0259ri aras\u0131nda qanl\u0131 &#171;hesabla\u015fma&#187;"},"previousItem":{"@type":"ListItem","@id":"https:\/\/fedai.az#listItem","name":"Home"}},{"@type":"ListItem","@id":"https:\/\/fedai.az\/?p=51126#listItem","position":3,"name":"Erm\u0259ni quldur birl\u0259\u015fm\u0259l\u0259ri aras\u0131nda qanl\u0131 &#171;hesabla\u015fma&#187;","previousItem":{"@type":"ListItem","@id":"https:\/\/fedai.az\/?cat=4#listItem","name":"Qaraba\u011f"}}]},{"@type":"Organization","@id":"https:\/\/fedai.az\/#organization","name":"\"F\u0259dai\" q\u0259zeti","description":"Az\u0259rbaycan V\u0259t\u0259n M\u00fcharib\u0259si Veteranlar\u0131 \u0130ctimai Birliyi","url":"https:\/\/fedai.az\/","logo":{"@type":"ImageObject","url":"https:\/\/fedai.az\/wp-content\/uploads\/2022\/09\/logo3.png","@id":"https:\/\/fedai.az\/?p=51126\/#organizationLogo","width":500,"height":100},"image":{"@id":"https:\/\/fedai.az\/?p=51126\/#organizationLogo"},"sameAs":["https:\/\/instagram.com\/fedai.az","https:\/\/pinterest.com\/fedai.az","https:\/\/youtube.com\/fedai.az","https:\/\/linkedin.com\/in\/fedai.az"]},{"@type":"Person","@id":"https:\/\/fedai.az\/?author=2#author","url":"https:\/\/fedai.az\/?author=2","name":"www.Fedai.az","image":{"@type":"ImageObject","@id":"https:\/\/fedai.az\/?p=51126#authorImage","url":"https:\/\/secure.gravatar.com\/avatar\/d861e138a4bd3ce6812a7aa95e796aa05e165f28ecde9a972c6789a09fcd1daa?s=96&d=mm&r=g","width":96,"height":96,"caption":"www.Fedai.az"}},{"@type":"WebPage","@id":"https:\/\/fedai.az\/?p=51126#webpage","url":"https:\/\/fedai.az\/?p=51126","name":"Erm\u0259ni quldur birl\u0259\u015fm\u0259l\u0259ri aras\u0131nda qanl\u0131 \u00abhesabla\u015fma\u00bb | \"F\u0259dai\" q\u0259zeti","description":"\u201cRusiya s\u00fclhm\u0259raml\u0131lar\u0131n\u0131n m\u00fcv\u0259qq\u0259ti yerl\u0259\u015fdiyi Az\u0259rbaycan \u0259razisind\u0259ki qanunsuz erm\u0259ni silahl\u0131 d\u0259st\u0259l\u0259ri aras\u0131nda at\u0131\u015fma ba\u015f verib\u201d. Bu bar\u0259d\u0259 M\u00fcdafi\u0259 Nazirliyi m\u0259lumat yay\u0131b. Bildirilib ki, \u0259vv\u0259lc\u0259 qar\u015f\u0131 t\u0259r\u0259fin bir ne\u00e7\u0259 s\u0259rxo\u015f silahl\u0131s\u0131 dig\u0259r yolda\u015flar\u0131 il\u0259 \u0259lb\u0259yaxa \u00e7\u0131x\u0131b: \u201cSonra onlar\u0131n olduqlar\u0131 yerd\u0259 partlay\u0131\u015f m\u00fc\u015fahid\u0259 edilib. \u0130lkin ehtimala g\u00f6r\u0259, at\u0131\u015fma n\u0259tic\u0259sind\u0259 qar\u015f\u0131 t\u0259r\u0259fd\u0259n \u00f6l\u0259n v\u0259 yaralananlar var. Bildiririk ki, ba\u015f","inLanguage":"ru-RU","isPartOf":{"@id":"https:\/\/fedai.az\/#website"},"breadcrumb":{"@id":"https:\/\/fedai.az\/?p=51126#breadcrumblist"},"author":{"@id":"https:\/\/fedai.az\/?author=2#author"},"creator":{"@id":"https:\/\/fedai.az\/?author=2#author"},"image":{"@type":"ImageObject","url":"https:\/\/fedai.az\/wp-content\/uploads\/2021\/10\/1629363058_3062958.jpg","@id":"https:\/\/fedai.az\/?p=51126\/#mainImage","width":700,"height":525},"primaryImageOfPage":{"@id":"https:\/\/fedai.az\/?p=51126#mainImage"},"datePublished":"2021-10-15T19:39:34+04:00","dateModified":"2021-10-15T19:39:38+04:00"},{"@type":"WebSite","@id":"https:\/\/fedai.az\/#website","url":"https:\/\/fedai.az\/","name":"\"F\u0259dai\" q\u0259zeti","description":"Az\u0259rbaycan V\u0259t\u0259n M\u00fcharib\u0259si Veteranlar\u0131 \u0130ctimai Birliyi","inLanguage":"ru-RU","publisher":{"@id":"https:\/\/fedai.az\/#organization"}}]},"og:locale":"ru_RU","og:site_name":"&quot;F\u0259dai&quot; q\u0259zeti","og:type":"article","og:title":"Erm\u0259ni quldur birl\u0259\u015fm\u0259l\u0259ri aras\u0131nda qanl\u0131 \u00abhesabla\u015fma\u00bb | &quot;F\u0259dai&quot; q\u0259zeti","og:description":"\u201cRusiya s\u00fclhm\u0259raml\u0131lar\u0131n\u0131n m\u00fcv\u0259qq\u0259ti yerl\u0259\u015fdiyi Az\u0259rbaycan \u0259razisind\u0259ki qanunsuz erm\u0259ni silahl\u0131 d\u0259st\u0259l\u0259ri aras\u0131nda at\u0131\u015fma ba\u015f verib\u201d. Bu bar\u0259d\u0259 M\u00fcdafi\u0259 Nazirliyi m\u0259lumat yay\u0131b. Bildirilib ki, \u0259vv\u0259lc\u0259 qar\u015f\u0131 t\u0259r\u0259fin bir ne\u00e7\u0259 s\u0259rxo\u015f silahl\u0131s\u0131 dig\u0259r yolda\u015flar\u0131 il\u0259 \u0259lb\u0259yaxa \u00e7\u0131x\u0131b: \u201cSonra onlar\u0131n olduqlar\u0131 yerd\u0259 partlay\u0131\u015f m\u00fc\u015fahid\u0259 edilib. \u0130lkin ehtimala g\u00f6r\u0259, at\u0131\u015fma n\u0259tic\u0259sind\u0259 qar\u015f\u0131 t\u0259r\u0259fd\u0259n \u00f6l\u0259n v\u0259 yaralananlar var. Bildiririk ki, ba\u015f","og:url":"https:\/\/fedai.az\/?p=51126","fb:app_id":"696809432257740","og:image":"https:\/\/fedai.az\/wp-content\/uploads\/2021\/10\/1629363058_3062958.jpg","og:image:secure_url":"https:\/\/fedai.az\/wp-content\/uploads\/2021\/10\/1629363058_3062958.jpg","og:image:width":700,"og:image:height":525,"article:published_time":"2021-10-15T15:39:34+00:00","article:modified_time":"2021-10-15T15:39:38+00:00","article:publisher":"https:\/\/facebook.com\/fedai.az","twitter:card":"summary","twitter:site":"@fedai.az","twitter:title":"Erm\u0259ni quldur birl\u0259\u015fm\u0259l\u0259ri aras\u0131nda qanl\u0131 \u00abhesabla\u015fma\u00bb | &quot;F\u0259dai&quot; q\u0259zeti","twitter:description":"\u201cRusiya s\u00fclhm\u0259raml\u0131lar\u0131n\u0131n m\u00fcv\u0259qq\u0259ti yerl\u0259\u015fdiyi Az\u0259rbaycan \u0259razisind\u0259ki qanunsuz erm\u0259ni silahl\u0131 d\u0259st\u0259l\u0259ri aras\u0131nda at\u0131\u015fma ba\u015f verib\u201d. Bu bar\u0259d\u0259 M\u00fcdafi\u0259 Nazirliyi m\u0259lumat yay\u0131b. Bildirilib ki, \u0259vv\u0259lc\u0259 qar\u015f\u0131 t\u0259r\u0259fin bir ne\u00e7\u0259 s\u0259rxo\u015f silahl\u0131s\u0131 dig\u0259r yolda\u015flar\u0131 il\u0259 \u0259lb\u0259yaxa \u00e7\u0131x\u0131b: \u201cSonra onlar\u0131n olduqlar\u0131 yerd\u0259 partlay\u0131\u015f m\u00fc\u015fahid\u0259 edilib. \u0130lkin ehtimala g\u00f6r\u0259, at\u0131\u015fma n\u0259tic\u0259sind\u0259 qar\u015f\u0131 t\u0259r\u0259fd\u0259n \u00f6l\u0259n v\u0259 yaralananlar var. Bildiririk ki, ba\u015f","twitter:image":"https:\/\/fedai.az\/wp-content\/uploads\/2021\/10\/1629363058_3062958.jpg"},"aioseo_meta_data":{"post_id":"51126","title":null,"description":null,"keywords":[],"keyphrases":{"focus":[],"additional":[]},"primary_term":null,"canonical_url":null,"og_title":null,"og_description":null,"og_object_type":"default","og_image_type":"default","og_image_url":null,"og_image_width":null,"og_image_height":null,"og_image_custom_url":null,"og_image_custom_fields":null,"og_video":"","og_custom_url":null,"og_article_section":null,"og_article_tags":[],"twitter_use_og":false,"twitter_card":"default","twitter_image_type":"default","twitter_image_url":null,"twitter_image_custom_url":null,"twitter_image_custom_fields":null,"twitter_title":null,"twitter_description":null,"schema":{"blockGraphs":[],"customGraphs":[],"default":{"data":{"Article":{"id":"aioseo-article-63bd07902529a","slug":"article","graphName":"Article","label":"\u0421\u0442\u0430\u0442\u044c\u044f","properties":{"type":"BlogPosting","name":"#post_title","headline":"#post_title","description":"#post_excerpt","image":"","keywords":"","author":{"name":"#author_name","url":"#author_url"},"dates":{"include":true,"datePublished":"","dateModified":""}}},"Course":[],"Dataset":[],"FAQPage":[],"Movie":[],"Person":[],"Product":[],"ProductReview":[],"Car":[],"Recipe":[],"Service":[],"SoftwareApplication":[],"WebPage":[]},"graphName":"Article","isEnabled":true},"graphs":[]},"schema_type":"default","schema_type_options":"{\"article\":{\"articleType\":\"BlogPosting\"},\"course\":{\"name\":\"\",\"description\":\"\",\"provider\":\"\"},\"faq\":{\"pages\":[]},\"product\":{\"reviews\":[]},\"recipe\":{\"ingredients\":[],\"instructions\":[],\"keywords\":[]},\"software\":{\"reviews\":[],\"operatingSystems\":[]},\"webPage\":{\"webPageType\":\"WebPage\"}}","pillar_content":false,"robots_default":true,"robots_noindex":false,"robots_noarchive":false,"robots_nosnippet":false,"robots_nofollow":false,"robots_noimageindex":false,"robots_noodp":false,"robots_notranslate":false,"robots_max_snippet":"-1","robots_max_videopreview":"-1","robots_max_imagepreview":"large","priority":null,"frequency":"default","local_seo":{"locations":{"business":{"name":"","businessType":"","image":"","areaServed":"","urls":{"website":"","aboutPage":"","contactPage":""},"address":{"streetLine1":"","streetLine2":"","zipCode":"","city":"","state":"","country":"","addressFormat":"#streetLineOne\n#streetLineTwo\n#city, #state #zipCode"},"contact":{"email":"","phone":"","phoneFormatted":"","fax":"","faxFormatted":""},"ids":{"vat":"","tax":"","chamberOfCommerce":""},"payment":{"priceRange":"","currenciesAccepted":"","methods":""}}},"openingHours":{"useDefaults":true,"show":true,"alwaysOpen":false,"use24hFormat":false,"timezone":"","labels":{"closed":"","alwaysOpen":""},"days":{"monday":{"open24h":false,"closed":false,"openTime":"09:00","closeTime":"17:00"},"tuesday":{"open24h":false,"closed":false,"openTime":"09:00","closeTime":"17:00"},"wednesday":{"open24h":false,"closed":false,"openTime":"09:00","closeTime":"17:00"},"thursday":{"open24h":false,"closed":false,"openTime":"09:00","closeTime":"17:00"},"friday":{"open24h":false,"closed":false,"openTime":"09:00","closeTime":"17:00"},"saturday":{"open24h":false,"closed":false,"openTime":"09:00","closeTime":"17:00"},"sunday":{"open24h":false,"closed":false,"openTime":"09:00","closeTime":"17:00"}}}},"breadcrumb_settings":null,"limit_modified_date":false,"ai":null,"created":"2021-10-15 15:34:48","updated":"2025-06-08 05:47:07","seo_analyzer_scan_date":null,"focus_keyword":null,"additional_keywords":null,"truseo_locale":null},"aioseo_breadcrumb":"<div class=\"aioseo-breadcrumbs\"><span class=\"aioseo-breadcrumb\">\n\t\t\t<a href=\"https:\/\/fedai.az\" title=\"Home\">Home<\/a>\n\t\t<\/span><span class=\"aioseo-breadcrumb-separator\">\u00bb<\/span><span class=\"aioseo-breadcrumb\">\n\t\t\t<a href=\"https:\/\/fedai.az\/?cat=4\" title=\"Qaraba\u011f\">Qaraba\u011f<\/a>\n\t\t<\/span><span class=\"aioseo-breadcrumb-separator\">\u00bb<\/span><span class=\"aioseo-breadcrumb\">\n\t\t\tErm\u0259ni quldur birl\u0259\u015fm\u0259l\u0259ri aras\u0131nda qanl\u0131 \u00abhesabla\u015fma\u00bb\n\t\t<\/span><\/div>","aioseo_breadcrumb_json":[{"label":"Home","link":"https:\/\/fedai.az"},{"label":"Qaraba\u011f","link":"https:\/\/fedai.az\/?cat=4"},{"label":"Erm\u0259ni quldur birl\u0259\u015fm\u0259l\u0259ri aras\u0131nda qanl\u0131 &#171;hesabla\u015fma&#187;","link":"https:\/\/fedai.az\/?p=51126"}],"_links":{"self":[{"href":"https:\/\/fedai.az\/index.php?rest_route=\/wp\/v2\/posts\/51126","targetHints":{"allow":["GET"]}}],"collection":[{"href":"https:\/\/fedai.az\/index.php?rest_route=\/wp\/v2\/posts"}],"about":[{"href":"https:\/\/fedai.az\/index.php?rest_route=\/wp\/v2\/types\/post"}],"author":[{"embeddable":true,"href":"https:\/\/fedai.az\/index.php?rest_route=\/wp\/v2\/users\/2"}],"replies":[{"embeddable":true,"href":"https:\/\/fedai.az\/index.php?rest_route=%2Fwp%2Fv2%2Fcomments&post=51126"}],"version-history":[{"count":1,"href":"https:\/\/fedai.az\/index.php?rest_route=\/wp\/v2\/posts\/51126\/revisions"}],"predecessor-version":[{"id":51128,"href":"https:\/\/fedai.az\/index.php?rest_route=\/wp\/v2\/posts\/51126\/revisions\/51128"}],"wp:featuredmedia":[{"embeddable":true,"href":"https:\/\/fedai.az\/index.php?rest_route=\/wp\/v2\/media\/51127"}],"wp:attachment":[{"href":"https:\/\/fedai.az\/index.php?rest_route=%2Fwp%2Fv2%2Fmedia&parent=51126"}],"wp:term":[{"taxonomy":"category","embeddable":true,"href":"https:\/\/fedai.az\/index.php?rest_route=%2Fwp%2Fv2%2Fcategories&post=51126"},{"taxonomy":"post_tag","embeddable":true,"href":"https:\/\/fedai.az\/index.php?rest_route=%2Fwp%2Fv2%2Ftags&post=51126"}],"curies":[{"name":"wp","href":"https:\/\/api.w.org\/{rel}","templated":true}]}}