{"id":51261,"date":"2021-10-17T02:07:09","date_gmt":"2021-10-16T22:07:09","guid":{"rendered":"https:\/\/fedai.az\/?p=51261"},"modified":"2021-10-17T11:13:39","modified_gmt":"2021-10-17T07:13:39","slug":"tarixd%c9%99-aryan-iran-v%c9%99-turan-dartismasi-5","status":"publish","type":"post","link":"https:\/\/fedai.az\/?p=51261","title":{"rendered":"TAR\u0130XD\u018f ARYAN (\u0130RAN) V\u018f TURAN DARTI\u015eMASI"},"content":{"rendered":"\n<p><strong>Dr. Ahsen BATUR<\/strong><\/p>\n\n\n\n<p><strong><strong>(\u018fvv\u0259li:&nbsp;<a href=\"https:\/\/fedai.az\/?p=50979\">https:\/\/fedai.az\/?p=50979<\/a><\/strong><\/strong>,&nbsp;<a href=\"https:\/\/fedai.az\/?p=51052\"><strong>https:\/\/fedai.az\/?p=51052<\/strong><\/a><strong>, <a href=\"https:\/\/fedai.az\/?p=51190\">https:\/\/fedai.az\/?p=51190<\/a>)<\/strong><\/p>\n\n\n\n<p><strong>H\u0259tta Ellin m\u0259d\u0259niyy\u0259tinin Q\u0259dim Misir v\u0259 Sami m\u0259d\u0259niyy\u0259tinin varisi oldu\u011fu fikirini m\u00fcdafi\u0259 ed\u0259n Herodot bel\u0259 bu u\u011furda he\u00e7 \u00e7\u0259kinm\u0259d\u0259n karalanm\u0131\u015ft\u0131. &#171;Herodots&#187; deyirdi Armand Berardi, &#171;biz\u0259 h\u0259r \u015feyin Finikyadan v\u0259 Misird\u0259n g\u0259ldiyini bihud\u0259 yer\u0259 anlatma\u011fa \u00e7al\u0131\u015f\u0131rd\u0131. Biz, sevimli, ya\u015fl\u0131 Herodots haqq\u0131nda n\u0259 d\u00fc\u015f\u00fcn\u0259c\u0259yimizi bilirik. Amma yen\u0259 d\u0259 onlar\u0131n (Yunanlar\u0131n) t\u0259\u015fkilatlar\u0131n\u0131n, g\u00f6reneklerinin, dinl\u0259rinin, m\u0259rasiml\u0259rinin, fikirl\u0259rinin, edebiyatlar\u0131n\u0131n v\u0259 b\u00fct\u00fcn primitiv sivilizasiyalar\u0131n\u0131n da \u015e\u0259rqd\u0259n al\u0131nm\u0131\u015f oldu\u011fu kimi h\u00f6rm\u0259tsizc\u0259 bir f\u0259rziyy\u0259 qar\u015f\u0131s\u0131nda, bir az da \u015fok olaraq ir\u0259lil\u0259yirik &#171;.<\/strong><\/p>\n\n\n\n<p>Bu xa\u015flamadan pay\u0131n\u0131 alan sad\u0259c\u0259 Herodot deyil, George Tomson v\u0259 Martin Bernal da qararalananlar s\u0131ras\u0131ndayd\u0131. Sonunda h\u0259ddind\u0259n art\u0131q Ari Modeli m\u00fcdafi\u0259\u00e7il\u0259ri, aril\u0259rin kims\u0259d\u0259n bir \u015fey \u0259xz etm\u0259diyini ir\u0259li s\u00fcr\u0259c\u0259k q\u0259d\u0259r \u00e7\u0131lg\u0131nla\u015fm\u0131\u015fd\u0131lar.<\/p>\n\n\n\n<figure class=\"wp-block-image size-large is-resized\"><img loading=\"lazy\" decoding=\"async\" src=\"https:\/\/fedai.az\/wp-content\/uploads\/2021\/10\/aYkBad.png\" alt=\"\" class=\"wp-image-51264\" width=\"924\" height=\"589\" srcset=\"https:\/\/fedai.az\/wp-content\/uploads\/2021\/10\/aYkBad.png 648w, https:\/\/fedai.az\/wp-content\/uploads\/2021\/10\/aYkBad-300x191.png 300w, https:\/\/fedai.az\/wp-content\/uploads\/2021\/10\/aYkBad-150x96.png 150w, https:\/\/fedai.az\/wp-content\/uploads\/2021\/10\/aYkBad-115x73.png 115w\" sizes=\"auto, (max-width: 924px) 100vw, 924px\" \/><\/figure>\n\n\n\n<p>N\u00fcmun\u0259 olaraq Latincadak\u0131 &#171;lapsus qalamus&#187; h\u00fcquq termininin \u0259sas\u0259n \u0259r\u0259b dilind\u0259ki &#171;labisa al-qalame&#187; d\u0259n g\u0259ldiyini iddia ed\u0259n misirli bir hukuk\u00e7uya \u0130talyan h\u0259mkar\u0131n\u0131n verdiyi cavab :&#187;Lat\u0131n dilinin \u0259r\u0259b dilind\u0259n \u00e7ox k\u00f6hn\u0259 oldu\u011fu&#187; \u015f\u0259klind\u0259ydi.<\/p>\n\n\n\n<p>Bir ba\u015fqa n\u00fcmun\u0259: loqarifm (algoritm) s\u00f6z\u00fcn\u00fcn al-Xarazmid\u0259n g\u0259ldiyi V. Bartold t\u0259r\u0259find\u0259n isbat edilm\u0259sin\u0259 baxmayaraq r\u0259dd edilmi\u015fdi.<\/p>\n\n\n\n<p>\u018fslind\u0259, Avropan\u0131n dig\u0259r insanlardan \u00fcst\u00fcn oldu\u011fu ideyas\u0131 \u0259vv\u0259ll\u0259r Montesky\u00f6 v\u0259 Rousseau t\u0259r\u0259find\u0259n \u00f6nc\u0259l\u0259r d\u0259 i\u015fl\u0259nmi\u015fdi.<\/p>\n\n\n\n<p><br>Bundan ba\u015fqa, Avropada xortlayan irq\u00e7ilik m\u0259nb\u0259l\u0259ri Platona \u0259saslan\u0131rd\u0131. \u00c7\u00fcnki o, Yunan\u0131stan\u0131n co\u011frafi v\u0259ziyy\u0259tin\u0259 g\u00f6r\u0259 yunanlar\u0131n \u00fcst\u00fcn oldu\u011funu iddia edirdi.<\/p>\n\n\n\n<p>\u0130ngilt\u0259r\u0259d\u0259 d\u0259rinin r\u0259ngin\u0259 s\u00f6yk\u0259n\u0259n irq\u00e7iliyin inki\u015faf\u0131 d\u0259 k\u00f6kl\u0259rini yen\u0259 \u00dcst\u00fcn Ari modelind\u0259n al\u0131rd\u0131 v\u0259 bu g\u00f6r\u00fc\u015f\u0259 g\u00f6r\u0259 Aril\u0259r, dig\u0259r irql\u0259ri k\u00f6l\u0259l\u0259\u015fdirm\u0259li, h\u0259tta yox etm\u0259liydi. Bu, \u00e7ox &#171;\u00fcst\u00fcn olan\u0131n&#187; &#171;t\u0259b\u0259\u0259sin\u0259&#187; v\u0259 quluna qar\u015f\u0131 t\u0259bii haqq\u0131 say\u0131l\u0131rd\u0131.<\/p>\n\n\n\n<p>Amerika hindil\u0259rinin k\u00f6kl\u00fc d\u0259st\u0259yi d\u0259 bu bax\u0131mdan d\u0259st\u0259k ald\u0131.<\/p>\n\n\n\n<p>Daha sonralar, eyni fikri Rusiyada Bol\u015fevik \u0130nqilab\u0131ndan sonra Markov Vtoroy t\u0259krarlayacaq v\u0259 &#171;Kazax-Q\u0131r\u011f\u0131zlar \u00c7ingiz v\u0259 Temurun n\u0259v\u0259l\u0259ridir&#187;-dey\u0259c\u0259kdi.<\/p>\n\n\n\n<p><strong>Bunun \u00fc\u00e7\u00fcn Amerikada Q\u0131z\u0131ld\u0259rililil\u0259r\u0259 n\u0259 edilmi\u015fs\u0259, biz d\u0259 Kazax-K\u0131r\u011f\u0131zlara el\u0259 r\u0259ftar etm\u0259liyik&#187;- dey\u0259c\u0259k q\u0259d\u0259r ir\u0259li getmi\u015fdi.<\/strong><\/p>\n\n\n\n<p><strong><br>H\u0259tta GY Grumm-Grjimaylo &#171;Zapadnaya Mongoliya i Uranhayski Kray&#187; (Q\u0259rb Monqolustan v\u0259 Uranha B\u00f6lg\u0259l\u0259ri) adl\u0131 \u00fc\u00e7 cildlik \u0259s\u0259rind\u0259, Orta Asiya T\u00fcrk torpaqlar\u0131n\u0131n \u0259sas\u0259n Ari torpaqlar\u0131 oldu\u011funu, Ural-Altaylar aras\u0131ndan \u00e7\u0131xan T\u00fcrkl\u0259rin Ari yurdlar\u0131n\u0131 z\u0259bt v\u0259 onlar\u0131 yox etdikl\u0259rini ir\u0259li s\u00fcr\u0259c\u0259kdi.<\/strong><\/p>\n\n\n\n<p>Onu ard\u0131nca irq\u00e7i Q\u0259rb d\u0259, \u0130rq\u00e7i Ari Modelin\u0259, Orta Asiyan\u0131n, Hindistan v\u0259 \u0259traf\u0131d\u0131r, \u0259sas\u0259n Ari atalar\u0131n\u0131n yurdu oldu\u011funu ir\u0259li s\u00fcr\u0259r\u0259k, buralar\u0131n \u0259l\u0259 ke\u00e7irilm\u0259sinin tabe bir haqq say\u0131ld\u0131\u011f\u0131n\u0131 ifad\u0259 ed\u0259c\u0259kdi.<\/p>\n\n\n\n<p>Bel\u0259likl\u0259, Rusiya, Orta Asiyaya do\u011fru yay\u0131l\u0131rk\u0259n, \u0130taliya, \u0130ngilt\u0259r\u0259, Hollandiya v\u0259 Fransa, Afrikadan \u0130ndoneziyaya do\u011fru eyni \u00fcsulla yayma\u011fa ba\u015flad\u0131lar.<\/p>\n\n\n\n<p>Buna &#171;Aril\u0259rin Ata yurda d\u00f6n\u00fc\u015f\u00fc&#187; ad\u0131 verildi. 18-ci \u0259srd\u0259 B\u00f6y\u00fck Britaniya Sanskrit v\u0259 Avropa dill\u0259ri aras\u0131nda g\u00fccl\u00fc bir \u0259laq\u0259 olmas\u0131n\u0131 b\u0259han\u0259 ed\u0259r\u0259k ingilisl\u0259r Hindistana d\u00f6n\u00fcrd\u00fcl\u0259r.<\/p>\n\n\n\n<p>\u0130rq\u00e7i Ari modelinin t\u0259cav\u00fcz\u00fc bunlarla sona \u00e7atmad\u0131. Frans\u0131z \u0130nqilab\u0131 il\u0259 ba\u015flayan d\u00f6vr xristianl\u0131\u011f\u0131n oyan\u0131\u015f\u0131 d\u00f6vr\u00fc idi. Bundan ba\u015fqa Xristianl\u0131q Avropa t\u0259r\u0259find\u0259n \u00f6z\u00fcn\u00fcnk\u00fcl\u0259\u015fdirildiyi \u00fc\u00e7\u00fcn, &#171;\u0259ski&#187; v\u0259 &#171;kafir&#187; T\u00fcrkl\u0259r\u0259 qar\u015f\u0131 xristian, avropal\u0131 v\u0259 &#171;g\u0259nc&#187; olan yunanlar\u0131n m\u00fcbariz\u0259sini d\u0259st\u0259kl\u0259y\u0259n Ellinsev\u0259r bir h\u0259r\u0259kat ortaya \u00e7\u0131xd\u0131.<\/p>\n\n\n\n<p>Ari m\u0259d\u0259niyy\u0259tinin cocuqlar\u0131 Birl\u0259\u015fmi\u015f \u015etatlardan g\u0259l\u0259n bir qrup \u015fagird bel\u0259, T\u00fcrkl\u0259ri Q\u0259rb sivilizasiyas\u0131n\u0131n atas\u0131 olan Ellinizmin evind\u0259n \u00e7\u0131xarmaq \u00fc\u00e7\u00fcn c\u0259bh\u0259y\u0259 qa\u00e7m\u0131\u015fd\u0131lar.<\/p>\n\n\n\n<p>N\u0259hay\u0259t, Aryanizm tezisinin absurdlu\u011fu, b\u0259zi Q\u0259rb tarix\u00e7il\u0259ri v\u0259 m\u00fct\u0259f\u0259kkirl\u0259ri t\u0259r\u0259find\u0259n r\u0259dd edildi. Ancaq bu, bir az gec ba\u015f verdi.<br>Bu gecikm\u0259, Hitlerin y\u0259hudil\u0259r\u0259, Slavyanlara v\u0259 qara\u00e7\u0131lara qar\u015f\u0131 ba\u015flatd\u0131\u011f\u0131 q\u0131r\u011f\u0131nda 6 milyon Y\u0259hudi, 3-5 milyon Slavyan v\u0259 130-170 min aras\u0131nda qara\u00e7\u0131lar\u0131n ortadan qald\u0131r\u0131lmas\u0131na g\u0259tirib \u00e7\u0131xard\u0131.<\/p>\n\n\n\n<p><br><strong>F\u0259q\u0259t irq\u00e7i Ari modelinin \u0259skik bir t\u0259r\u0259fi var idi.<\/strong><\/p>\n\n\n\n<p><br><strong>\u00c7\u00fcnki bu g\u00f6r\u00fc\u015f, \u018fr\u0259b-b\u0259rb\u0259ril\u0259rinin istilas\u0131na u\u011frayan \u0130spaniya il\u0259 Mo\u011follar\u0131n v\u0259 ondan \u0259vv\u0259l Vareglerin i\u015f\u011fal\u0131na m\u0259ruz qalan Slavyanlar\u0131n k\u0259narda qalm\u0131\u015f Ari xalqlar olduqlar\u0131n\u0131, dura\u011fanl\u0131klar\u0131na g\u00f6r\u0259 m\u00fcv\u0259qq\u0259ti bir istilaya m\u0259ruz qald\u0131qlar\u0131n\u0131 ir\u0259li s\u00fcr\u0259r\u0259k, onlar\u0131 g\u00fcnahland\u0131r\u0131rd\u0131lar; Y\u0259hudiliyi sonradan q\u0259bul e\u0259nl\u0259ri &#171;c\u00fczaml\u0131lar&#187; adland\u0131rd\u0131qlar\u0131 kimi y\u0259hudi olanlar kimi, \u0130span v\u0259 ruslar\u0131 Ari xalq\u0131n\u0131n m\u0259h\u0259ll\u0259 m\u0259d\u0259niyy\u0259tl\u0259rinin ucqar t\u0259msil\u00e7il\u0259ri kimi qiym\u0259tl\u0259ndirdil\u0259r.<\/strong><\/p>\n\n\n\n<p><strong>Tarixl\u0259rd\u0259 xalqlar\u0131n k\u00f6\u00e7\u00fcn\u00fcn Ari modeli il\u0259 \u0259laq\u0259si<\/strong><\/p>\n\n\n\n<p><br>Ari modelini m\u00fcdafi\u0259 ed\u0259n b\u0259zi q\u0259rb n\u0259z\u0259riyy\u0259\u00e7il\u0259rinin fikrinc\u0259, Hunlar d\u00f6vr\u00fcnd\u0259k Xalqlar\u0131n B\u00f6y\u00fck K\u00f6\u00e7\u00fcnd\u0259n \u00f6nc\u0259 xalqlar\u0131n daha b\u00f6y\u00fck bir k\u00f6\u00e7\u00fc olmu\u015fdu. E. \u0259. III-II mininci ill\u0259rd\u0259 bu k\u00f6\u00e7, neolitik q\u00f6vml\u0259rin \u0259traflar\u0131nda ba\u015f verib. 19-cu \u0259srd\u0259 Hind-Avropa adl\u0131 dil qrupunun \u00fczv\u00fc olan v\u0259 Volqan\u0131n o \u00fcz\u00fcnd\u0259n- Q\u0259rbd\u0259n k\u00f6\u00e7 ed\u0259n heyvandarl\u0131q\u00fcla m\u0259\u015f\u011ful olan q\u0259bil\u0259l\u0259r g\u0259lib m\u0259skunla\u015fd\u0131lar. Bu dal\u011fan\u0131n k\u00f6m\u0259yi il\u0259 g\u0259l\u0259nl\u0259r Hind-Avropan\u0131n yaln\u0131z ki\u00e7ik bir hiss\u0259si idi.<\/p>\n\n\n\n<p>Lakin q\u0259bil\u0259l\u0259rin M.\u00d6. ne\u00e7\u0259nci minllikd\u0259 k\u00f6\u00e7m\u0259l\u0259ri m\u00fcbahis\u0259lidir, sad\u0259c\u0259 III-II. Buna g\u00f6r\u0259 Hind-Avropa dil qrupuan Slavyan, Alman, Rum\u0131n, \u0130ran dilind\u0259, \u015eimali Hindistanda v\u0259 bir s\u0131ra b\u00f6lg\u0259l\u0259rd\u0259 istifad\u0259 olunan dill\u0259r daxil edilir. \u0130. M. Dyakonova g\u00f6r\u0259, bu dil ail\u0259si t\u0259xmin\u0259n M.\u00d6. V minillikd\u0259 Dunay, Reyn v\u0259 Volqa aras\u0131nda formala\u015fm\u0131\u015fd\u0131r. III Minillikd\u0259ki y\u00fcks\u0259li\u015f v\u0259 d\u00fc\u015fm\u0259 prosesind\u0259, ilk v\u0259t\u0259n\u0259 do\u011fru, \u015fimal v\u0259 c\u0259nub istiqam\u0259tl\u0259rind\u0259 yay\u0131lma\u011fa ba\u015flam\u0131\u015fd\u0131!<\/p>\n\n\n\n<figure class=\"wp-block-gallery columns-2 is-cropped wp-block-gallery-1 is-layout-flex wp-block-gallery-is-layout-flex\"><ul class=\"blocks-gallery-grid\"><li class=\"blocks-gallery-item\"><figure><img loading=\"lazy\" decoding=\"async\" width=\"200\" height=\"160\" src=\"https:\/\/fedai.az\/wp-content\/uploads\/2021\/10\/zMdEDg.png\" alt=\"\" data-id=\"51262\" data-link=\"https:\/\/fedai.az\/?attachment_id=51262\" class=\"wp-image-51262\" srcset=\"https:\/\/fedai.az\/wp-content\/uploads\/2021\/10\/zMdEDg.png 200w, https:\/\/fedai.az\/wp-content\/uploads\/2021\/10\/zMdEDg-150x120.png 150w\" sizes=\"auto, (max-width: 200px) 100vw, 200px\" \/><\/figure><\/li><li class=\"blocks-gallery-item\"><figure><img loading=\"lazy\" decoding=\"async\" width=\"291\" height=\"173\" src=\"https:\/\/fedai.az\/wp-content\/uploads\/2021\/10\/images-2-3.jpg\" alt=\"\" data-id=\"51263\" data-full-url=\"https:\/\/fedai.az\/wp-content\/uploads\/2021\/10\/images-2-3.jpg\" data-link=\"https:\/\/fedai.az\/?attachment_id=51263\" class=\"wp-image-51263\" srcset=\"https:\/\/fedai.az\/wp-content\/uploads\/2021\/10\/images-2-3.jpg 291w, https:\/\/fedai.az\/wp-content\/uploads\/2021\/10\/images-2-3-150x89.jpg 150w, https:\/\/fedai.az\/wp-content\/uploads\/2021\/10\/images-2-3-184x109.jpg 184w\" sizes=\"auto, (max-width: 291px) 100vw, 291px\" \/><\/figure><\/li><\/ul><\/figure>\n\n\n\n<p>Yen\u0259 d\u0259, Dyakonova g\u00f6r\u0259, q\u0259dim \u015f\u0259rq sivilizasiyas\u0131ndan (Qafqaz v\u0259 Dunay b\u00f6lg\u0259si vasit\u0259siyl\u0259) heyvandarl\u0131\u011f\u0131n inki\u015faf\u0131 v\u0259 t\u0259k\u0259rli araba y\u00fck arabalar\u0131n\u0131 \u015f\u0259rq m\u0259d\u0259niyy\u0259tind\u0259n \u0259xz ed\u0259r\u0259k hind-avropal\u0131lar\u0131n \u015f\u0259rq k\u00f6\u00e7\u00fc ba\u015flad\u0131.<\/p>\n\n\n\n<p>Ancaq Rusiya tarix\u00e7isi, etnoloq, co\u011frafiya\u00e7\u0131 v\u0259 Rusiyada etnogenez, tezisinin yarad\u0131c\u0131lar\u0131ndan olan L. N. Qumilyev, ilk d\u0259f\u0259 olaraq, t\u0259k\u0259rli arabalar, y\u0259h\u0259r, \u00fcz\u0259ngi v minik vasit\u0259l\u0259ri d\u0259stl\u0259ri Hunlar v\u0259 onlarla r\u0259qab\u0259td\u0259 olan G\u00f6kt\u00fcrkl\u0259r t\u0259r\u0259find\u0259n icad edildiyini q\u0259dim m\u0259nb\u0259l\u0259r \u0259\u0259sas\u0131nda iddia edir.<\/p>\n\n\n\n<p><br>Bundan ba\u015fqa, \u0130ran dilinin Q\u0259rb dill\u0259ri il\u0259 he\u00e7 bir \u0259laq\u0259si yoxdur v\u0259 h\u0259r \u015feyd\u0259n \u0259vv\u0259l sintaktika bir-birind\u0259n tam f\u0259rqlidir. \u018fslind\u0259 hindlil\u0259r v\u0259 iranl\u0131lar deyirl\u0259r: &#171;Biz \u0259sl aril\u0259rik, avropal\u0131lar n\u0259 vaxtdan ari olmu\u015flar?&#187;<\/p>\n\n\n\n<p>Yen\u0259 iddiaya g\u00f6r\u0259, Hind-Avropal\u0131 q\u0259bil\u0259l\u0259rin, x\u00fcsus\u0259n &#171;Yamnaya&#187; (Pit-grave) m\u0259d\u0259niyy\u0259tin\u0259 m\u0259nsub olan k\u00f6\u00e7 dal\u011falar\u0131 t\u0259dric\u0259n \u015f\u0259rqd\u0259n uzaqla\u015fd\u0131lar.<\/p>\n\n\n\n<p>Arxeoloji qaz\u0131nt\u0131lar, t\u0259kc\u0259 Qazax\u0131standa deyil (bug\u00fcnk\u00fc Qarakanda b\u00f6lg\u0259si), h\u0259m Yenisey, h\u0259m d\u0259 Q\u0259rbi Monqolustanda (Afanasevo m\u0259d\u0259niyy\u0259ti) bunu g\u00f6st\u0259rir. Povoljye v\u0259 Qara d\u0259nizin \u015f\u0259rqind\u0259ki \u0259n b\u00f6y\u00fck q\u0259bil\u0259 k\u00f6\u00e7\u0259ri \u00e7\u00f6ld\u0259 iki yeni q\u0259bil\u0259nin m\u00fchacir\u0259ti e.\u0259. 1800-1600-ci ill\u0259rd\u0259 ba\u015f verdiyi a\u015fkarlan\u0131b.<br><\/p>\n\n\n\n<p><strong>Ard\u0131 var<\/strong><\/p>\n","protected":false},"excerpt":{"rendered":"<p>Dr. Ahsen BATUR (\u018fvv\u0259li:&nbsp;https:\/\/fedai.az\/?p=50979,&nbsp;https:\/\/fedai.az\/?p=51052, https:\/\/fedai.az\/?p=51190) H\u0259tta Ellin m\u0259d\u0259niyy\u0259tinin Q\u0259dim Misir v\u0259 Sami m\u0259d\u0259niyy\u0259tinin varisi oldu\u011fu fikirini m\u00fcdafi\u0259 ed\u0259n Herodot bel\u0259 bu u\u011furda he\u00e7 \u00e7\u0259kinm\u0259d\u0259n<\/p>\n","protected":false},"author":2,"featured_media":51265,"comment_status":"closed","ping_status":"closed","sticky":false,"template":"","format":"standard","meta":{"footnotes":""},"categories":[7],"tags":[],"class_list":["post-51261","post","type-post","status-publish","format-standard","has-post-thumbnail","hentry","category-tarix"],"aioseo_notices":[],"_links":{"self":[{"href":"https:\/\/fedai.az\/index.php?rest_route=\/wp\/v2\/posts\/51261","targetHints":{"allow":["GET"]}}],"collection":[{"href":"https:\/\/fedai.az\/index.php?rest_route=\/wp\/v2\/posts"}],"about":[{"href":"https:\/\/fedai.az\/index.php?rest_route=\/wp\/v2\/types\/post"}],"author":[{"embeddable":true,"href":"https:\/\/fedai.az\/index.php?rest_route=\/wp\/v2\/users\/2"}],"replies":[{"embeddable":true,"href":"https:\/\/fedai.az\/index.php?rest_route=%2Fwp%2Fv2%2Fcomments&post=51261"}],"version-history":[{"count":3,"href":"https:\/\/fedai.az\/index.php?rest_route=\/wp\/v2\/posts\/51261\/revisions"}],"predecessor-version":[{"id":51268,"href":"https:\/\/fedai.az\/index.php?rest_route=\/wp\/v2\/posts\/51261\/revisions\/51268"}],"wp:featuredmedia":[{"embeddable":true,"href":"https:\/\/fedai.az\/index.php?rest_route=\/wp\/v2\/media\/51265"}],"wp:attachment":[{"href":"https:\/\/fedai.az\/index.php?rest_route=%2Fwp%2Fv2%2Fmedia&parent=51261"}],"wp:term":[{"taxonomy":"category","embeddable":true,"href":"https:\/\/fedai.az\/index.php?rest_route=%2Fwp%2Fv2%2Fcategories&post=51261"},{"taxonomy":"post_tag","embeddable":true,"href":"https:\/\/fedai.az\/index.php?rest_route=%2Fwp%2Fv2%2Ftags&post=51261"}],"curies":[{"name":"wp","href":"https:\/\/api.w.org\/{rel}","templated":true}]}}