{"id":51290,"date":"2021-10-17T15:48:09","date_gmt":"2021-10-17T11:48:09","guid":{"rendered":"https:\/\/fedai.az\/?p=51290"},"modified":"2021-10-17T15:48:13","modified_gmt":"2021-10-17T11:48:13","slug":"qaz-isiq-pulu-bu-il-t%c9%99qaudl%c9%99r-g%c9%99l%c9%99n-il-artacaq","status":"publish","type":"post","link":"https:\/\/fedai.az\/?p=51290","title":{"rendered":"Qaz, i\u015f\u0131q pulu bu il, t\u0259qa\u00fcdl\u0259r g\u0259l\u0259n il artacaq"},"content":{"rendered":"\n<p><strong>&#171;\u018fm\u0259khaqlar\u0131, pensiya v\u0259 m\u00fcavin\u0259tl\u0259rin art\u0131r\u0131lmas\u0131n\u0131n g\u0259l\u0259n ilin d\u00f6vl\u0259t b\u00fcdc\u0259sind\u0259 \u0259ks etdirilm\u0259si \u00fc\u00e7\u00fcn i\u015fl\u0259r\u0259 ba\u015flan\u0131l\u0131b&#187;.<\/strong><\/p>\n\n\n\n<p>Bu bar\u0259d\u0259 Maliyy\u0259 Nazirliyi m\u0259lumat yay\u0131b.<\/p>\n\n\n\n<p>Bildirilib ki, Az\u0259rbaycan Respublikas\u0131 Maliyy\u0259 Nazirliyi t\u0259r\u0259find\u0259n aidiyy\u0259ti d\u00f6vl\u0259t qurumlar\u0131 il\u0259 \u0259laq\u0259l\u0259ndirilmi\u015f \u015f\u0259kild\u0259 Az\u0259rbaycan Prezidenti c\u0259nab \u0130lham \u018fliyevin imzalad\u0131\u011f\u0131 16 oktyabr 2021-ci il tarixli \u201c\u018fhalinin sosial rifah\u0131n\u0131n qorunmas\u0131 sah\u0259sind\u0259 \u0259lav\u0259 t\u0259dbirl\u0259r haqq\u0131nda\u201d S\u0259r\u0259ncam\u0131ndan ir\u0259li g\u0259l\u0259n tap\u015f\u0131r\u0131qlar\u0131n 2022-ci ilin d\u00f6vl\u0259t b\u00fcdc\u0259si layih\u0259sind\u0259 \u0259ks etdirilm\u0259si \u00fc\u00e7\u00fcn m\u00fcvafiq t\u0259klifl\u0259rin haz\u0131rlanmas\u0131 \u00fczr\u0259 i\u015fl\u0259r\u0259 art\u0131q ba\u015flan\u0131l\u0131b.<\/p>\n\n\n\n<p>Bununla \u0259laq\u0259dar 2022-ci ilin d\u00f6vl\u0259t b\u00fcdc\u0259sinin g\u0259lir v\u0259 x\u0259rcl\u0259rin\u0259 bax\u0131l\u0131r, \u0259m\u0259khaqlar\u0131n\u0131n, \u0259m\u0259k pensiyalar\u0131n\u0131n v\u0259 sosial m\u00fcavin\u0259tl\u0259rin, t\u0259qa\u00fcdl\u0259rin v\u0259 dig\u0259r sosial \u00f6d\u0259ni\u015fl\u0259rin m\u0259bl\u0259\u011fl\u0259rinin art\u0131r\u0131lmas\u0131n\u0131n maliyy\u0259 t\u0259minat\u0131n\u0131n yarad\u0131lmas\u0131 il\u0259 ba\u011fl\u0131 m\u0259s\u0259l\u0259l\u0259r n\u0259z\u0259rd\u0259n ke\u00e7irilir&#187;.<\/p>\n\n\n\n<p>M\u0259lumata \u0259sas\u0259n, d\u00f6vl\u0259t b\u00fcdc\u0259si layih\u0259sin\u0259 m\u00fcvafiq d\u00fcz\u0259li\u015fl\u0259rin edilm\u0259si il\u0259 ba\u011fl\u0131 t\u0259klifl\u0259r \u0259n q\u0131sa m\u00fcdd\u0259td\u0259 Nazirl\u0259r Kabinetin\u0259 t\u0259qdim olunacaqd\u0131r.<\/p>\n","protected":false},"excerpt":{"rendered":"<p>&#171;\u018fm\u0259khaqlar\u0131, pensiya v\u0259 m\u00fcavin\u0259tl\u0259rin art\u0131r\u0131lmas\u0131n\u0131n g\u0259l\u0259n ilin d\u00f6vl\u0259t b\u00fcdc\u0259sind\u0259 \u0259ks etdirilm\u0259si \u00fc\u00e7\u00fcn i\u015fl\u0259r\u0259 ba\u015flan\u0131l\u0131b&#187;. Bu bar\u0259d\u0259 Maliyy\u0259 Nazirliyi m\u0259lumat yay\u0131b. Bildirilib ki, Az\u0259rbaycan Respublikas\u0131<\/p>\n","protected":false},"author":2,"featured_media":51291,"comment_status":"closed","ping_status":"closed","sticky":false,"template":"","format":"standard","meta":{"footnotes":""},"categories":[12],"tags":[],"class_list":["post-51290","post","type-post","status-publish","format-standard","has-post-thumbnail","hentry","category-sosial"],"aioseo_notices":[],"_links":{"self":[{"href":"https:\/\/fedai.az\/index.php?rest_route=\/wp\/v2\/posts\/51290","targetHints":{"allow":["GET"]}}],"collection":[{"href":"https:\/\/fedai.az\/index.php?rest_route=\/wp\/v2\/posts"}],"about":[{"href":"https:\/\/fedai.az\/index.php?rest_route=\/wp\/v2\/types\/post"}],"author":[{"embeddable":true,"href":"https:\/\/fedai.az\/index.php?rest_route=\/wp\/v2\/users\/2"}],"replies":[{"embeddable":true,"href":"https:\/\/fedai.az\/index.php?rest_route=%2Fwp%2Fv2%2Fcomments&post=51290"}],"version-history":[{"count":1,"href":"https:\/\/fedai.az\/index.php?rest_route=\/wp\/v2\/posts\/51290\/revisions"}],"predecessor-version":[{"id":51292,"href":"https:\/\/fedai.az\/index.php?rest_route=\/wp\/v2\/posts\/51290\/revisions\/51292"}],"wp:featuredmedia":[{"embeddable":true,"href":"https:\/\/fedai.az\/index.php?rest_route=\/wp\/v2\/media\/51291"}],"wp:attachment":[{"href":"https:\/\/fedai.az\/index.php?rest_route=%2Fwp%2Fv2%2Fmedia&parent=51290"}],"wp:term":[{"taxonomy":"category","embeddable":true,"href":"https:\/\/fedai.az\/index.php?rest_route=%2Fwp%2Fv2%2Fcategories&post=51290"},{"taxonomy":"post_tag","embeddable":true,"href":"https:\/\/fedai.az\/index.php?rest_route=%2Fwp%2Fv2%2Ftags&post=51290"}],"curies":[{"name":"wp","href":"https:\/\/api.w.org\/{rel}","templated":true}]}}