{"id":51296,"date":"2021-10-17T16:10:02","date_gmt":"2021-10-17T12:10:02","guid":{"rendered":"https:\/\/fedai.az\/?p=51296"},"modified":"2021-10-17T16:10:28","modified_gmt":"2021-10-17T12:10:28","slug":"putind%c9%99n-ona-qarsi-cixan-deputatla-bagli-sok-q%c9%99rar-41-yasli-natalyanin-drami","status":"publish","type":"post","link":"https:\/\/fedai.az\/?p=51296","title":{"rendered":"Putind\u0259n ona qar\u015f\u0131 \u00e7\u0131xan deputatla ba\u011fl\u0131 \u015eOK Q\u018fRAR &#8212; 41 ya\u015fl\u0131 Natalyan\u0131n DRAMI"},"content":{"rendered":"\n<p><strong>Prezident Vladimir Putinin partiyas\u0131 \u201cVahid Rusiya\u201ddan olan deputat Natalya Poklonskaya m\u00fcxalif \u00e7\u0131x\u0131\u015flar\u0131ndan sonra Afrika \u00f6lk\u0259si Kabo-Verdey\u0259 s\u0259fir t\u0259yin edilib.<\/strong><\/p>\n\n\n\n<p>Yaponiyada animasiya personaj\u0131na \u00e7evril\u0259n Poklonskaya il\u0259 ba\u011fl\u0131 q\u0259rar \u201cs\u00fcrg\u00fcn\u201d adland\u0131r\u0131l\u0131b.<\/p>\n\n\n\n<p>2018-ci ild\u0259 Putinin t\u0259qa\u00fcdl\u0259 ba\u011fl\u0131 ir\u0259li s\u00fcrd\u00fcy\u00fc qanun layih\u0259sin\u0259 etiraz etmi\u015f yegan\u0259 \u015f\u0259xs olan 41 ya\u015fl\u0131 Poklonskaya \u00f6z \u00e7\u0131x\u0131\u015f\u0131 il\u0259 \u201cVahid Rusiya\u201d daxilind\u0259 b\u00f6y\u00fck g\u0259rginlik yarad\u0131b. Putin\u0259 etirazla diqq\u0259t \u00e7\u0259k\u0259n Poklonskaya Afrika \u00f6lk\u0259si Kabo-Verdey\u0259 s\u0259fir t\u0259yin olunub.<\/p>\n\n\n\n<p>\u201cThe Times\u201d Poklonskaya il\u0259 ba\u011fl\u0131 q\u0259rar\u0131 \u201cs\u00fcrg\u00fcn\u201d adland\u0131r\u0131b. Rusiyan\u0131n Kr\u0131m\u0131 ilhaq etm\u0259sind\u0259n \u0259vv\u0259l s\u00f6z\u00fcged\u0259n b\u00f6lg\u0259d\u0259 ba\u015f prokuror v\u0259zif\u0259sind\u0259 i\u015fl\u0259y\u0259n Poklonskaya Yaponiyada animasiya personajlar\u0131na da ilham verib.<\/p>\n\n\n\n<p>M\u0259nb\u0259: Teleqraf.com<\/p>\n","protected":false},"excerpt":{"rendered":"<p>Prezident Vladimir Putinin partiyas\u0131 \u201cVahid Rusiya\u201ddan olan deputat Natalya Poklonskaya m\u00fcxalif \u00e7\u0131x\u0131\u015flar\u0131ndan sonra Afrika \u00f6lk\u0259si Kabo-Verdey\u0259 s\u0259fir t\u0259yin edilib. Yaponiyada animasiya personaj\u0131na \u00e7evril\u0259n Poklonskaya<\/p>\n","protected":false},"author":2,"featured_media":51297,"comment_status":"closed","ping_status":"closed","sticky":false,"template":"","format":"standard","meta":{"footnotes":""},"categories":[13],"tags":[],"class_list":["post-51296","post","type-post","status-publish","format-standard","has-post-thumbnail","hentry","category-xarici"],"aioseo_notices":[],"_links":{"self":[{"href":"https:\/\/fedai.az\/index.php?rest_route=\/wp\/v2\/posts\/51296","targetHints":{"allow":["GET"]}}],"collection":[{"href":"https:\/\/fedai.az\/index.php?rest_route=\/wp\/v2\/posts"}],"about":[{"href":"https:\/\/fedai.az\/index.php?rest_route=\/wp\/v2\/types\/post"}],"author":[{"embeddable":true,"href":"https:\/\/fedai.az\/index.php?rest_route=\/wp\/v2\/users\/2"}],"replies":[{"embeddable":true,"href":"https:\/\/fedai.az\/index.php?rest_route=%2Fwp%2Fv2%2Fcomments&post=51296"}],"version-history":[{"count":1,"href":"https:\/\/fedai.az\/index.php?rest_route=\/wp\/v2\/posts\/51296\/revisions"}],"predecessor-version":[{"id":51298,"href":"https:\/\/fedai.az\/index.php?rest_route=\/wp\/v2\/posts\/51296\/revisions\/51298"}],"wp:featuredmedia":[{"embeddable":true,"href":"https:\/\/fedai.az\/index.php?rest_route=\/wp\/v2\/media\/51297"}],"wp:attachment":[{"href":"https:\/\/fedai.az\/index.php?rest_route=%2Fwp%2Fv2%2Fmedia&parent=51296"}],"wp:term":[{"taxonomy":"category","embeddable":true,"href":"https:\/\/fedai.az\/index.php?rest_route=%2Fwp%2Fv2%2Fcategories&post=51296"},{"taxonomy":"post_tag","embeddable":true,"href":"https:\/\/fedai.az\/index.php?rest_route=%2Fwp%2Fv2%2Ftags&post=51296"}],"curies":[{"name":"wp","href":"https:\/\/api.w.org\/{rel}","templated":true}]}}