{"id":51336,"date":"2021-10-18T11:26:19","date_gmt":"2021-10-18T07:26:19","guid":{"rendered":"https:\/\/fedai.az\/?p=51336"},"modified":"2021-10-18T11:26:22","modified_gmt":"2021-10-18T07:26:22","slug":"z%c9%99ngilanda-qurulan-agilli-k%c9%99ndd%c9%99n-video","status":"publish","type":"post","link":"https:\/\/fedai.az\/?p=51336","title":{"rendered":"Z\u0259ngilanda qurulan \u201cA\u011f\u0131ll\u0131 k\u0259nd\u201dd\u0259n &#8212; V\u0130DEO"},"content":{"rendered":"\n<p><strong>&#171;TRT Haber\u201d kanal\u0131n\u0131n \u00e7\u0259kili\u015f hey\u0259ti Az\u0259rbaycan\u0131n i\u015f\u011faldan azad etdiyi Z\u0259ngilan rayonundan reportaj haz\u0131rlay\u0131b.<\/strong><\/p>\n\n\n\n<p><br>Sfera.az-\u0131n m\u0259lumat\u0131na g\u00f6r\u0259, reportajda Z\u0259ngilanda ilk &#171;A\u011f\u0131ll\u0131 k\u0259nd&#187; layih\u0259sinin h\u0259yata ke\u00e7irilm\u0259 i\u015fl\u0259ri t\u0259qdim edilib.<\/p>\n\n\n\n<p><br>200 evd\u0259n ibar\u0259t olacaq &#171;A\u011f\u0131ll\u0131 k\u0259nd\u201dd\u0259 sakinl\u0259r \u00fc\u00e7\u00fcn po\u00e7t \u015f\u00f6b\u0259l\u0259ri, sa\u011flaml\u0131q m\u0259rk\u0259zl\u0259ri, polis \u015f\u00f6b\u0259si, k\u0259nd t\u0259s\u0259rr\u00fcfat\u0131 torpaqlar\u0131 n\u0259z\u0259rd\u0259 tutulub.<\/p>\n\n\n\n<p><br>Bundan ba\u015fqa, k\u0259nd G\u00fcn\u0259\u015f enerjisi vasit\u0259sil\u0259 elektrikl\u0259 t\u0259min olunacaq.<\/p>\n\n\n\n<p>Layih\u0259 \u0259sas\u0131nda 4 \u0259sas yol qurulacaq, q\u0259hr\u0259manlar\u0131n xatir\u0259sin\u0259 Z\u0259f\u0259r meydan\u0131 tikil\u0259c\u0259k.<\/p>\n\n\n\n<p><br>&#171;A\u011f\u0131ll\u0131 k\u0259nd\u201d\u0259 5 kilometr m\u0259saf\u0259d\u0259 Z\u0259ngilan Hava Liman\u0131 tikilir. \u0130\u015fl\u0259rin il sonunda yekunla\u015fmas\u0131 n\u0259z\u0259rd\u0259 tutulur.\u00a0<\/p>\n\n\n\n<figure class=\"wp-block-embed is-type-video is-provider-youtube wp-block-embed-youtube wp-embed-aspect-16-9 wp-has-aspect-ratio\"><div class=\"wp-block-embed__wrapper\">\n<iframe loading=\"lazy\" title=\"Azerbaycan i\u015fgalden kurtard\u0131\u011f\u0131 Zengilan&#039;da &quot;ak\u0131ll\u0131 k\u00f6y&quot; kuruyor\" width=\"715\" height=\"402\" src=\"https:\/\/www.youtube.com\/embed\/PVsmWl9u_OY?feature=oembed\" frameborder=\"0\" allow=\"accelerometer; autoplay; clipboard-write; encrypted-media; gyroscope; picture-in-picture\" allowfullscreen><\/iframe>\n<\/div><\/figure>\n","protected":false},"excerpt":{"rendered":"<p>&#171;TRT Haber\u201d kanal\u0131n\u0131n \u00e7\u0259kili\u015f hey\u0259ti Az\u0259rbaycan\u0131n i\u015f\u011faldan azad etdiyi Z\u0259ngilan rayonundan reportaj haz\u0131rlay\u0131b. Sfera.az-\u0131n m\u0259lumat\u0131na g\u00f6r\u0259, reportajda Z\u0259ngilanda ilk &#171;A\u011f\u0131ll\u0131 k\u0259nd&#187; layih\u0259sinin h\u0259yata ke\u00e7irilm\u0259<\/p>\n","protected":false},"author":2,"featured_media":51337,"comment_status":"closed","ping_status":"closed","sticky":false,"template":"","format":"standard","meta":{"footnotes":""},"categories":[4],"tags":[],"class_list":["post-51336","post","type-post","status-publish","format-standard","has-post-thumbnail","hentry","category-qarabag"],"aioseo_notices":[],"_links":{"self":[{"href":"https:\/\/fedai.az\/index.php?rest_route=\/wp\/v2\/posts\/51336","targetHints":{"allow":["GET"]}}],"collection":[{"href":"https:\/\/fedai.az\/index.php?rest_route=\/wp\/v2\/posts"}],"about":[{"href":"https:\/\/fedai.az\/index.php?rest_route=\/wp\/v2\/types\/post"}],"author":[{"embeddable":true,"href":"https:\/\/fedai.az\/index.php?rest_route=\/wp\/v2\/users\/2"}],"replies":[{"embeddable":true,"href":"https:\/\/fedai.az\/index.php?rest_route=%2Fwp%2Fv2%2Fcomments&post=51336"}],"version-history":[{"count":1,"href":"https:\/\/fedai.az\/index.php?rest_route=\/wp\/v2\/posts\/51336\/revisions"}],"predecessor-version":[{"id":51338,"href":"https:\/\/fedai.az\/index.php?rest_route=\/wp\/v2\/posts\/51336\/revisions\/51338"}],"wp:featuredmedia":[{"embeddable":true,"href":"https:\/\/fedai.az\/index.php?rest_route=\/wp\/v2\/media\/51337"}],"wp:attachment":[{"href":"https:\/\/fedai.az\/index.php?rest_route=%2Fwp%2Fv2%2Fmedia&parent=51336"}],"wp:term":[{"taxonomy":"category","embeddable":true,"href":"https:\/\/fedai.az\/index.php?rest_route=%2Fwp%2Fv2%2Fcategories&post=51336"},{"taxonomy":"post_tag","embeddable":true,"href":"https:\/\/fedai.az\/index.php?rest_route=%2Fwp%2Fv2%2Ftags&post=51336"}],"curies":[{"name":"wp","href":"https:\/\/api.w.org\/{rel}","templated":true}]}}