{"id":51342,"date":"2021-10-18T11:41:19","date_gmt":"2021-10-18T07:41:19","guid":{"rendered":"https:\/\/fedai.az\/?p=51342"},"modified":"2021-10-18T11:41:24","modified_gmt":"2021-10-18T07:41:24","slug":"maas-v%c9%99-pensiyalarin-artimi-il%c9%99-bagli-t%c9%99klifl%c9%99r-oktyabrin-21-d%c9%99k-t%c9%99qdim-edil%c9%99c%c9%99k","status":"publish","type":"post","link":"https:\/\/fedai.az\/?p=51342","title":{"rendered":"Maa\u015f v\u0259 pensiyalar\u0131n art\u0131m\u0131 il\u0259 ba\u011fl\u0131 t\u0259klifl\u0259r oktyabr\u0131n 21-d\u0259k t\u0259qdim edil\u0259c\u0259k"},"content":{"rendered":"\n<p><strong>Nazirl\u0259r Kabineti maa\u015f, pensiya v\u0259 m\u00fcavin\u0259tl\u0259rin art\u0131r\u0131lmas\u0131 il\u0259 ba\u011fl\u0131 t\u0259klifl\u0259ri oktyabr\u0131n 21-d\u0259k t\u0259qdim ed\u0259c\u0259k.<\/strong><\/p>\n\n\n\n<p>Bunu Nazirl\u0259r Kabinetinin m\u0259tbuat xidm\u0259tinin r\u0259hb\u0259ri \u0130brahim M\u0259mm\u0259dov bildirib.<\/p>\n\n\n\n<p>Onun s\u00f6zl\u0259rin\u0259 g\u00f6r\u0259, Prezident \u0130lham \u018fliyevin imzalad\u0131\u011f\u0131 \u201c\u018fhalinin sosial rifah\u0131n\u0131n qorunmas\u0131 sah\u0259sind\u0259 \u0259lav\u0259 t\u0259dbirl\u0259r haqq\u0131nda\u201d S\u0259r\u0259ncam\u0131na il\u0259 \u0259laq\u0259dar Nazirl\u0259r Kabineti t\u0259klifl\u0259rini bu h\u0259ft\u0259 haz\u0131rlayacaq v\u0259 oktyabr\u0131n 21-d\u0259k t\u0259qdim ed\u0259c\u0259k.<\/p>\n\n\n\n<p>Qeyd ed\u0259k ki, Prezident \u0130lham \u018fliyev \u018fhalinin sosial rifah\u0131n\u0131n qorunmas\u0131 sah\u0259sind\u0259 \u0259lav\u0259 t\u0259dbirl\u0259r haqq\u0131nda s\u0259r\u0259ncam imzalay\u0131b. S\u0259r\u0259ncama \u0259sas\u0259n, Nazirl\u0259r Kabineti \u0259m\u0259khaqlar\u0131n\u0131n, \u0259m\u0259k pensiyalar\u0131n\u0131n v\u0259 sosial m\u00fcavin\u0259tl\u0259rin, t\u0259qa\u00fcdl\u0259rin v\u0259 dig\u0259r sosial \u00f6d\u0259ni\u015fl\u0259rin m\u0259bl\u0259\u011fl\u0259rinin art\u0131r\u0131lmas\u0131n\u0131n t\u0259min edilm\u0259si il\u0259 ba\u011fl\u0131 Az\u0259rbaycan Respublikas\u0131n\u0131n 2022-ci il d\u00f6vl\u0259t b\u00fcdc\u0259si layih\u0259sind\u0259 m\u00fcvafiq t\u0259dbirl\u0259rin \u0259ks etdirilm\u0259si \u00fc\u00e7\u00fcn t\u0259klifl\u0259rini haz\u0131rlay\u0131b Az\u0259rbaycan Respublikas\u0131n\u0131n Prezidentin\u0259 t\u0259qdim etm\u0259lidir.<\/p>\n","protected":false},"excerpt":{"rendered":"<p>Nazirl\u0259r Kabineti maa\u015f, pensiya v\u0259 m\u00fcavin\u0259tl\u0259rin art\u0131r\u0131lmas\u0131 il\u0259 ba\u011fl\u0131 t\u0259klifl\u0259ri oktyabr\u0131n 21-d\u0259k t\u0259qdim ed\u0259c\u0259k. Bunu Nazirl\u0259r Kabinetinin m\u0259tbuat xidm\u0259tinin r\u0259hb\u0259ri \u0130brahim M\u0259mm\u0259dov bildirib. Onun<\/p>\n","protected":false},"author":2,"featured_media":51343,"comment_status":"closed","ping_status":"closed","sticky":false,"template":"","format":"standard","meta":{"footnotes":""},"categories":[12],"tags":[],"class_list":["post-51342","post","type-post","status-publish","format-standard","has-post-thumbnail","hentry","category-sosial"],"aioseo_notices":[],"_links":{"self":[{"href":"https:\/\/fedai.az\/index.php?rest_route=\/wp\/v2\/posts\/51342","targetHints":{"allow":["GET"]}}],"collection":[{"href":"https:\/\/fedai.az\/index.php?rest_route=\/wp\/v2\/posts"}],"about":[{"href":"https:\/\/fedai.az\/index.php?rest_route=\/wp\/v2\/types\/post"}],"author":[{"embeddable":true,"href":"https:\/\/fedai.az\/index.php?rest_route=\/wp\/v2\/users\/2"}],"replies":[{"embeddable":true,"href":"https:\/\/fedai.az\/index.php?rest_route=%2Fwp%2Fv2%2Fcomments&post=51342"}],"version-history":[{"count":1,"href":"https:\/\/fedai.az\/index.php?rest_route=\/wp\/v2\/posts\/51342\/revisions"}],"predecessor-version":[{"id":51344,"href":"https:\/\/fedai.az\/index.php?rest_route=\/wp\/v2\/posts\/51342\/revisions\/51344"}],"wp:featuredmedia":[{"embeddable":true,"href":"https:\/\/fedai.az\/index.php?rest_route=\/wp\/v2\/media\/51343"}],"wp:attachment":[{"href":"https:\/\/fedai.az\/index.php?rest_route=%2Fwp%2Fv2%2Fmedia&parent=51342"}],"wp:term":[{"taxonomy":"category","embeddable":true,"href":"https:\/\/fedai.az\/index.php?rest_route=%2Fwp%2Fv2%2Fcategories&post=51342"},{"taxonomy":"post_tag","embeddable":true,"href":"https:\/\/fedai.az\/index.php?rest_route=%2Fwp%2Fv2%2Ftags&post=51342"}],"curies":[{"name":"wp","href":"https:\/\/api.w.org\/{rel}","templated":true}]}}