{"id":51361,"date":"2021-10-18T12:24:24","date_gmt":"2021-10-18T08:24:24","guid":{"rendered":"https:\/\/fedai.az\/?p=51361"},"modified":"2021-10-18T12:24:27","modified_gmt":"2021-10-18T08:24:27","slug":"erm%c9%99nil%c9%99rin-qarabagdan-kocm%c9%99l%c9%99ri-ruslari-narahat-edir","status":"publish","type":"post","link":"https:\/\/fedai.az\/?p=51361","title":{"rendered":"ERM\u018fN\u0130L\u018fR\u0130N QARABA\u011eDAN K\u00d6\u00c7M\u018fL\u018fR\u0130 RUSLARI NARAHAT ED\u0130R"},"content":{"rendered":"\n<p><strong>Erm\u0259nil\u0259rin Qaraba\u011fdan k\u00f6\u00e7m\u0259l\u0259ri Rusiya s\u00fclhm\u0259raml\u0131lar\u0131n\u0131 ciddi sur\u0259td\u0259 narahat edir.<\/strong><\/p>\n\n\n\n<p>Bu bar\u0259d\u0259 &#171;Hraparak&#187; q\u0259zeti yaz\u0131r:<\/p>\n\n\n\n<p> &#171;\u018fld\u0259 etdiyimiz m\u0259lumata g\u00f6r\u0259, Rusiya hakimiyy\u0259ti v\u0259 Qaraba\u011fda yerl\u0259\u015f\u0259n rus s\u00fclhm\u0259raml\u0131lar\u0131 Qaraba\u011fdan erm\u0259nil\u0259rin m\u00fchacir\u0259t etm\u0259sind\u0259n \u00e7ox narahatd\u0131rlar. Ruslar m\u00fchacir\u0259tin Qaraba\u011f\u0131n demoqrafik m\u0259nz\u0259r\u0259sini d\u0259yi\u015f\u0259 bil\u0259c\u0259yin\u0259 v\u0259 erm\u0259nil\u0259rin ya\u015famad\u0131\u011f\u0131 torpaqlarqa art\u0131q onlara ehtiyac qalmayaca\u011f\u0131na inan\u0131rlar. X\u00fcsusil\u0259 d\u0259, Az\u0259rbaycanl\u0131lar\u0131n &#171;\u00e7\u0259yirtk\u0259&#187; kimi artmaq v\u0259rdi\u015fl\u0259ri oldu\u011fundan q\u0259l\u0259c\u0259kd\u0259 v\u0259ziyy\u0259tin t\u0259hl\u00fck\u0259li ola bil\u0259c\u0259yini deyirl\u0259r. S\u00fclhm\u0259raml\u0131lar\u0131n 5 illik yerl\u0259\u015fm\u0259 m\u00fcdd\u0259ti ba\u015fa \u00e7atd\u0131qda v\u0259 bu gedi\u015fl\u0259 Qaraba\u011fdak\u0131 erm\u0259nil\u0259rin say\u0131n\u0131n k\u0259skin \u015f\u0259kild\u0259 azald\u0131qda, ruslar\u0131n g\u0259l\u0259c\u0259kd\u0259 burada qalmas\u0131 m\u0259s\u0259l\u0259si sual alt\u0131nda ola bil\u0259r&#187;.<\/p>\n\n\n\n<p> Bel\u0259likl\u0259, prosesl\u0259rin inki\u015faf\u0131 bu c\u00fcr davam ed\u0259rs\u0259, ruslar\u0131n narahat olmalar\u0131 t\u0259biidir. <\/p>\n\n\n\n<p><strong>\u0130SMAYIL TANRIVERD\u0130<\/strong><br><strong><em>BDU-nun Erm\u0259ni Ara\u015fd\u0131rmalar\u0131 v\u0259 T\u0259lim M\u0259rk\u0259zinin direktoru<\/em><\/strong><\/p>\n","protected":false},"excerpt":{"rendered":"<p>Erm\u0259nil\u0259rin Qaraba\u011fdan k\u00f6\u00e7m\u0259l\u0259ri Rusiya s\u00fclhm\u0259raml\u0131lar\u0131n\u0131 ciddi sur\u0259td\u0259 narahat edir. Bu bar\u0259d\u0259 &#171;Hraparak&#187; q\u0259zeti yaz\u0131r: &#171;\u018fld\u0259 etdiyimiz m\u0259lumata g\u00f6r\u0259, Rusiya hakimiyy\u0259ti v\u0259 Qaraba\u011fda yerl\u0259\u015f\u0259n rus<\/p>\n","protected":false},"author":2,"featured_media":51362,"comment_status":"closed","ping_status":"closed","sticky":false,"template":"","format":"standard","meta":{"footnotes":""},"categories":[4],"tags":[],"class_list":["post-51361","post","type-post","status-publish","format-standard","has-post-thumbnail","hentry","category-qarabag"],"aioseo_notices":[],"_links":{"self":[{"href":"https:\/\/fedai.az\/index.php?rest_route=\/wp\/v2\/posts\/51361","targetHints":{"allow":["GET"]}}],"collection":[{"href":"https:\/\/fedai.az\/index.php?rest_route=\/wp\/v2\/posts"}],"about":[{"href":"https:\/\/fedai.az\/index.php?rest_route=\/wp\/v2\/types\/post"}],"author":[{"embeddable":true,"href":"https:\/\/fedai.az\/index.php?rest_route=\/wp\/v2\/users\/2"}],"replies":[{"embeddable":true,"href":"https:\/\/fedai.az\/index.php?rest_route=%2Fwp%2Fv2%2Fcomments&post=51361"}],"version-history":[{"count":1,"href":"https:\/\/fedai.az\/index.php?rest_route=\/wp\/v2\/posts\/51361\/revisions"}],"predecessor-version":[{"id":51363,"href":"https:\/\/fedai.az\/index.php?rest_route=\/wp\/v2\/posts\/51361\/revisions\/51363"}],"wp:featuredmedia":[{"embeddable":true,"href":"https:\/\/fedai.az\/index.php?rest_route=\/wp\/v2\/media\/51362"}],"wp:attachment":[{"href":"https:\/\/fedai.az\/index.php?rest_route=%2Fwp%2Fv2%2Fmedia&parent=51361"}],"wp:term":[{"taxonomy":"category","embeddable":true,"href":"https:\/\/fedai.az\/index.php?rest_route=%2Fwp%2Fv2%2Fcategories&post=51361"},{"taxonomy":"post_tag","embeddable":true,"href":"https:\/\/fedai.az\/index.php?rest_route=%2Fwp%2Fv2%2Ftags&post=51361"}],"curies":[{"name":"wp","href":"https:\/\/api.w.org\/{rel}","templated":true}]}}