{"id":51370,"date":"2021-10-18T14:14:30","date_gmt":"2021-10-18T10:14:30","guid":{"rendered":"https:\/\/fedai.az\/?p=51370"},"modified":"2021-10-18T14:14:33","modified_gmt":"2021-10-18T10:14:33","slug":"beyl%c9%99qan-v%c9%99-xocav%c9%99nd-veteranlari-birg%c9%99-t%c9%99dbirl%c9%99ri-davam-etdirir","status":"publish","type":"post","link":"https:\/\/fedai.az\/?p=51370","title":{"rendered":"Beyl\u0259qan v\u0259 Xocav\u0259nd veteranlar\u0131 birg\u0259 t\u0259dbirl\u0259ri davam etdirir"},"content":{"rendered":"\n<p><strong>Az\u0259rbaycan V\u0259t\u0259n M\u00fcharib\u0259si Veteranlar\u0131 \u0130ctimai Birliyi (AVMV\u0130B) Xocav\u0259nd v\u0259 Az\u0259rbaycan V\u0259t\u0259n M\u00fcharib\u0259si Veteranlar\u0131 \u0130ctimai Birliyi (AVMV\u0130B) Beyl\u0259qan rayon \u015f\u00f6b\u0259l\u0259ri birg\u0259 silsil\u0259 t\u0259dbirl\u0259rini davam etdiribl\u0259r.<\/strong><\/p>\n\n\n\n<p><br>Rayon \u015f\u00f6b\u0259l\u0259rinin r\u0259hb\u0259rl\u0259ri \u00f6nc\u0259 Beyl\u0259qan rayonu D\u00fcnyamal\u0131lar k\u0259ndind\u0259 \u015f\u0259hid k\u0259\u015ffiyyat\u00e7\u0131m\u0131z Hasil Miryusifo\u011flunun ild\u00f6n\u00fcm\u00fc m\u0259rasimind\u0259 i\u015ftirak edibl\u0259r.<\/p>\n\n\n\n<figure class=\"wp-block-gallery columns-2 is-cropped wp-block-gallery-1 is-layout-flex wp-block-gallery-is-layout-flex\"><ul class=\"blocks-gallery-grid\"><li class=\"blocks-gallery-item\"><figure><img loading=\"lazy\" decoding=\"async\" width=\"960\" height=\"540\" src=\"https:\/\/fedai.az\/wp-content\/uploads\/2021\/10\/245874105_118472757261437_5657606595913962428_n.jpg\" alt=\"\" data-id=\"51371\" data-link=\"https:\/\/fedai.az\/?attachment_id=51371\" class=\"wp-image-51371\" srcset=\"https:\/\/fedai.az\/wp-content\/uploads\/2021\/10\/245874105_118472757261437_5657606595913962428_n.jpg 960w, https:\/\/fedai.az\/wp-content\/uploads\/2021\/10\/245874105_118472757261437_5657606595913962428_n-300x169.jpg 300w, https:\/\/fedai.az\/wp-content\/uploads\/2021\/10\/245874105_118472757261437_5657606595913962428_n-150x84.jpg 150w, https:\/\/fedai.az\/wp-content\/uploads\/2021\/10\/245874105_118472757261437_5657606595913962428_n-768x432.jpg 768w\" sizes=\"auto, (max-width: 960px) 100vw, 960px\" \/><\/figure><\/li><li class=\"blocks-gallery-item\"><figure><img loading=\"lazy\" decoding=\"async\" width=\"720\" height=\"540\" src=\"https:\/\/fedai.az\/wp-content\/uploads\/2021\/10\/245794331_118472840594762_6689334079929763799_n.jpg\" alt=\"\" data-id=\"51372\" data-full-url=\"https:\/\/fedai.az\/wp-content\/uploads\/2021\/10\/245794331_118472840594762_6689334079929763799_n.jpg\" data-link=\"https:\/\/fedai.az\/?attachment_id=51372\" class=\"wp-image-51372\" srcset=\"https:\/\/fedai.az\/wp-content\/uploads\/2021\/10\/245794331_118472840594762_6689334079929763799_n.jpg 720w, https:\/\/fedai.az\/wp-content\/uploads\/2021\/10\/245794331_118472840594762_6689334079929763799_n-300x225.jpg 300w, https:\/\/fedai.az\/wp-content\/uploads\/2021\/10\/245794331_118472840594762_6689334079929763799_n-150x113.jpg 150w\" sizes=\"auto, (max-width: 720px) 100vw, 720px\" \/><\/figure><\/li><\/ul><\/figure>\n\n\n\n<p><br>Az\u0259rbaycan V\u0259t\u0259n M\u00fcharib\u0259si Veteranlar\u0131 \u0130ctimai Birliyi (AVMV\u0130B) Beyl\u0259qan rayon \u015f\u00f6b\u0259sinin s\u0259dri \u018fl\u00f6vs\u0259t M\u0259mm\u0259dov bildirib ki, AVMV\u0130B s\u0259dri F. Rzaquliyevin ad\u0131ndan \u015f\u0259hid Hasil Miryusifo\u011flu F\u0259xri f\u0259rmanla t\u0259ltif olundu v\u0259 F\u0259xri f\u0259rman Az\u0259rbaycan V\u0259t\u0259n M\u00fcharib\u0259si Veteranlar\u0131 \u0130ctimai Birliyi (AVMV\u0130B) s\u0259drinin s\u0259lahiyy\u0259tli n\u00fcmay\u0259nd\u0259si Akif H\u0259s\u0259nov t\u0259r\u0259find\u0259n t\u0259qdim edilib.<\/p>\n\n\n\n<p><br><strong>Allah \u015f\u0259hidl\u0259rimiz\u0259 r\u0259hm\u0259t el\u0259sin!<\/strong><\/p>\n\n\n\n<p><br><strong>Az\u0259rbaycan V\u0259t\u0259n M\u00fcharib\u0259si Veteranlar\u0131 \u0130ctimai Birliyi (AVMV\u0130B) Beyl\u0259qan rayon \u015f\u00f6b\u0259sinin s\u0259dri \u018fl\u00f6vs\u0259t M\u0259mm\u0259dovun bildirdiyin\u0259 g\u00f6r\u0259, rayonun Binn\u0259tli k\u0259ndind\u0259 m\u00fcharib\u0259 veteranlar\u0131 qazi Qiyas \u018fliyevin toy m\u0259rasimind\u0259 i\u015ftirak edibl\u0259r.<\/strong><\/p>\n\n\n\n<p><br>Az\u0259rbaycan V\u0259t\u0259n M\u00fcharib\u0259si Veteranlar\u0131 \u0130ctimai Birliyi (AVMV\u0130B) s\u0259drinin s\u0259lahiyy\u0259tli n\u00fcmay\u0259nd\u0259si Akif H\u0259s\u0259nov qazi Qiyas \u018fliyevi v\u0259 AVMV\u0130B-nin f\u0259xri \u00fczv\u00fc Bulud Aslanovu Birliyin t\u0259sis etdiyi Xatir\u0259 medal\u0131yla t\u0259ltif edib. Akif H\u0259s\u0259nov qeyd edib ki, biz daim veteranlar\u0131m\u0131z\u0131n v\u0259 \u015f\u0259hid ail\u0259l\u0259rinin yan\u0131nday\u0131q. Bundan sonra da bu c\u00fcr t\u0259dbirl\u0259r davam etdiril\u0259c\u0259k.<\/p>\n\n\n\n<figure class=\"wp-block-image size-large\"><img loading=\"lazy\" decoding=\"async\" width=\"960\" height=\"540\" src=\"https:\/\/fedai.az\/wp-content\/uploads\/2021\/10\/245788487_118473170594729_7190526301508303265_n.jpg\" alt=\"\" class=\"wp-image-51373\" srcset=\"https:\/\/fedai.az\/wp-content\/uploads\/2021\/10\/245788487_118473170594729_7190526301508303265_n.jpg 960w, https:\/\/fedai.az\/wp-content\/uploads\/2021\/10\/245788487_118473170594729_7190526301508303265_n-300x169.jpg 300w, https:\/\/fedai.az\/wp-content\/uploads\/2021\/10\/245788487_118473170594729_7190526301508303265_n-150x84.jpg 150w, https:\/\/fedai.az\/wp-content\/uploads\/2021\/10\/245788487_118473170594729_7190526301508303265_n-768x432.jpg 768w\" sizes=\"auto, (max-width: 960px) 100vw, 960px\" \/><\/figure>\n\n\n\n<figure class=\"wp-block-image size-large is-resized\"><img loading=\"lazy\" decoding=\"async\" src=\"https:\/\/fedai.az\/wp-content\/uploads\/2021\/10\/245723559_118472893928090_8557757577199331998_n.jpg\" alt=\"\" class=\"wp-image-51374\" width=\"935\" height=\"701\" srcset=\"https:\/\/fedai.az\/wp-content\/uploads\/2021\/10\/245723559_118472893928090_8557757577199331998_n.jpg 720w, https:\/\/fedai.az\/wp-content\/uploads\/2021\/10\/245723559_118472893928090_8557757577199331998_n-300x225.jpg 300w, https:\/\/fedai.az\/wp-content\/uploads\/2021\/10\/245723559_118472893928090_8557757577199331998_n-150x113.jpg 150w\" sizes=\"auto, (max-width: 935px) 100vw, 935px\" \/><\/figure>\n","protected":false},"excerpt":{"rendered":"<p>Az\u0259rbaycan V\u0259t\u0259n M\u00fcharib\u0259si Veteranlar\u0131 \u0130ctimai Birliyi (AVMV\u0130B) Xocav\u0259nd v\u0259 Az\u0259rbaycan V\u0259t\u0259n M\u00fcharib\u0259si Veteranlar\u0131 \u0130ctimai Birliyi (AVMV\u0130B) Beyl\u0259qan rayon \u015f\u00f6b\u0259l\u0259ri birg\u0259 silsil\u0259 t\u0259dbirl\u0259rini davam etdiribl\u0259r.<\/p>\n","protected":false},"author":2,"featured_media":51375,"comment_status":"closed","ping_status":"closed","sticky":false,"template":"","format":"standard","meta":{"footnotes":""},"categories":[5],"tags":[],"class_list":["post-51370","post","type-post","status-publish","format-standard","has-post-thumbnail","hentry","category-veteran"],"aioseo_notices":[],"_links":{"self":[{"href":"https:\/\/fedai.az\/index.php?rest_route=\/wp\/v2\/posts\/51370","targetHints":{"allow":["GET"]}}],"collection":[{"href":"https:\/\/fedai.az\/index.php?rest_route=\/wp\/v2\/posts"}],"about":[{"href":"https:\/\/fedai.az\/index.php?rest_route=\/wp\/v2\/types\/post"}],"author":[{"embeddable":true,"href":"https:\/\/fedai.az\/index.php?rest_route=\/wp\/v2\/users\/2"}],"replies":[{"embeddable":true,"href":"https:\/\/fedai.az\/index.php?rest_route=%2Fwp%2Fv2%2Fcomments&post=51370"}],"version-history":[{"count":1,"href":"https:\/\/fedai.az\/index.php?rest_route=\/wp\/v2\/posts\/51370\/revisions"}],"predecessor-version":[{"id":51376,"href":"https:\/\/fedai.az\/index.php?rest_route=\/wp\/v2\/posts\/51370\/revisions\/51376"}],"wp:featuredmedia":[{"embeddable":true,"href":"https:\/\/fedai.az\/index.php?rest_route=\/wp\/v2\/media\/51375"}],"wp:attachment":[{"href":"https:\/\/fedai.az\/index.php?rest_route=%2Fwp%2Fv2%2Fmedia&parent=51370"}],"wp:term":[{"taxonomy":"category","embeddable":true,"href":"https:\/\/fedai.az\/index.php?rest_route=%2Fwp%2Fv2%2Fcategories&post=51370"},{"taxonomy":"post_tag","embeddable":true,"href":"https:\/\/fedai.az\/index.php?rest_route=%2Fwp%2Fv2%2Ftags&post=51370"}],"curies":[{"name":"wp","href":"https:\/\/api.w.org\/{rel}","templated":true}]}}