{"id":51377,"date":"2021-10-18T15:01:14","date_gmt":"2021-10-18T11:01:14","guid":{"rendered":"https:\/\/fedai.az\/?p=51377"},"modified":"2021-10-18T15:01:17","modified_gmt":"2021-10-18T11:01:17","slug":"az%c9%99rbaycanli-v%c9%99-erm%c9%99ni-m%c9%99cburi-kockunl%c9%99r-evl%c9%99rin%c9%99-qayitmalidir-lavrov","status":"publish","type":"post","link":"https:\/\/fedai.az\/?p=51377","title":{"rendered":"&#171;Az\u0259rbaycanl\u0131 v\u0259 erm\u0259ni m\u0259cburi k\u00f6\u00e7k\u00fcnl\u0259r evl\u0259rin\u0259 qay\u0131tmal\u0131d\u0131r&#187; &#8212; Lavrov"},"content":{"rendered":"\n<p><strong>Rusiya xarici i\u015fl\u0259r naziri Sergey Lavrovla Beyn\u0259lxalq Q\u0131rm\u0131z\u0131 Xa\u00e7 Komit\u0259sinin (BQXK) prezidenti Peter Maurer aras\u0131ndak\u0131 telefon s\u00f6hb\u0259ti zaman\u0131 Qaraba\u011fdak\u0131 humanitar v\u0259ziyy\u0259t\u0259 dair m\u00fczakir\u0259 apar\u0131l\u0131b.<\/strong><\/p>\n\n\n\n<p>Bu bar\u0259d\u0259 Rusiya X\u0130N-in sayt\u0131nda bildirilir.<\/p>\n\n\n\n<p>Rusiyal\u0131 nazir deyib&nbsp;ki, az\u0259rbaycanl\u0131 v\u0259 erm\u0259ni m\u0259cburi k\u00f6\u00e7k\u00fcnl\u0259r beyn\u0259lxalq humanitar h\u00fcququn m\u00fcdd\u0259alar\u0131na tam uy\u011fun \u015f\u0259kild\u0259 k\u00f6n\u00fcll\u00fc v\u0259 t\u0259hl\u00fck\u0259siz \u015f\u0259kild\u0259 \u00f6z ev-e\u015fikl\u0259rin\u0259 qay\u0131tmal\u0131d\u0131rlar: \u201c\u018flb\u0259tt\u0259, \u0259vv\u0259lki ya\u015fay\u0131\u015f yerl\u0259rind\u0259 m\u0259skunla\u015fmaqda, x\u00fcsusil\u0259 d\u0259 h\u0259min yerl\u0259rd\u0259 h\u0259rbi \u0259m\u0259liyyatlar gedibs\u0259 v\u0259 orada b\u0259rpa i\u015fl\u0259rin\u0259 ehtiyac varsa, m\u00fcvafiq yard\u0131mlar g\u00f6st\u0259rilm\u0259lidir. Bu g\u00fcn bu bar\u0259d\u0259 s\u00f6hb\u0259timiz oldu. Beyn\u0259lxalq t\u0259\u015fkilatlar bu m\u0259s\u0259l\u0259y\u0259 t\u00f6hf\u0259 ver\u0259 bil\u0259r\u201d.<\/p>\n\n\n\n<p>B\u00fct\u00fcn t\u0259r\u0259fl\u0259rl\u0259 t\u0259masda olduqlar\u0131n\u0131 s\u00f6yl\u0259y\u0259n\u00a0BQXK\u00a0r\u0259hb\u0259ri maksimum d\u0259r\u0259c\u0259d\u0259 s\u0259m\u0259r\u0259li \u0259m\u0259kda\u015fl\u0131q qurulaca\u011f\u0131na \u00fcmidvar oldu\u011funu s\u00f6yl\u0259yib. <\/p>\n\n\n\n<p>M\u0259nb\u0259: Report<\/p>\n","protected":false},"excerpt":{"rendered":"<p>Rusiya xarici i\u015fl\u0259r naziri Sergey Lavrovla Beyn\u0259lxalq Q\u0131rm\u0131z\u0131 Xa\u00e7 Komit\u0259sinin (BQXK) prezidenti Peter Maurer aras\u0131ndak\u0131 telefon s\u00f6hb\u0259ti zaman\u0131 Qaraba\u011fdak\u0131 humanitar v\u0259ziyy\u0259t\u0259 dair m\u00fczakir\u0259 apar\u0131l\u0131b.<\/p>\n","protected":false},"author":2,"featured_media":51378,"comment_status":"closed","ping_status":"closed","sticky":false,"template":"","format":"standard","meta":{"footnotes":""},"categories":[1],"tags":[],"class_list":["post-51377","post","type-post","status-publish","format-standard","has-post-thumbnail","hentry","category-siyast"],"aioseo_notices":[],"_links":{"self":[{"href":"https:\/\/fedai.az\/index.php?rest_route=\/wp\/v2\/posts\/51377","targetHints":{"allow":["GET"]}}],"collection":[{"href":"https:\/\/fedai.az\/index.php?rest_route=\/wp\/v2\/posts"}],"about":[{"href":"https:\/\/fedai.az\/index.php?rest_route=\/wp\/v2\/types\/post"}],"author":[{"embeddable":true,"href":"https:\/\/fedai.az\/index.php?rest_route=\/wp\/v2\/users\/2"}],"replies":[{"embeddable":true,"href":"https:\/\/fedai.az\/index.php?rest_route=%2Fwp%2Fv2%2Fcomments&post=51377"}],"version-history":[{"count":1,"href":"https:\/\/fedai.az\/index.php?rest_route=\/wp\/v2\/posts\/51377\/revisions"}],"predecessor-version":[{"id":51379,"href":"https:\/\/fedai.az\/index.php?rest_route=\/wp\/v2\/posts\/51377\/revisions\/51379"}],"wp:featuredmedia":[{"embeddable":true,"href":"https:\/\/fedai.az\/index.php?rest_route=\/wp\/v2\/media\/51378"}],"wp:attachment":[{"href":"https:\/\/fedai.az\/index.php?rest_route=%2Fwp%2Fv2%2Fmedia&parent=51377"}],"wp:term":[{"taxonomy":"category","embeddable":true,"href":"https:\/\/fedai.az\/index.php?rest_route=%2Fwp%2Fv2%2Fcategories&post=51377"},{"taxonomy":"post_tag","embeddable":true,"href":"https:\/\/fedai.az\/index.php?rest_route=%2Fwp%2Fv2%2Ftags&post=51377"}],"curies":[{"name":"wp","href":"https:\/\/api.w.org\/{rel}","templated":true}]}}