{"id":51381,"date":"2021-10-18T15:09:07","date_gmt":"2021-10-18T11:09:07","guid":{"rendered":"https:\/\/fedai.az\/?p=51381"},"modified":"2021-10-18T15:16:36","modified_gmt":"2021-10-18T11:16:36","slug":"selcuk-bayraktarin-atasi-v%c9%99fat-edib","status":"publish","type":"post","link":"https:\/\/fedai.az\/?p=51381","title":{"rendered":"Sel\u00e7uk Bayraktar\u0131n atas\u0131 v\u0259fat edib"},"content":{"rendered":"\n<p><strong>T\u00fcrkiy\u0259nin &#171;Baykar&#187; \u015firk\u0259tinin texniki direktoru, &#171;Bayraktar TB-2&#187;-l\u0259rin yarad\u0131c\u0131s\u0131 Sel\u00e7uk Bayraktar\u0131n atas\u0131 v\u0259fat edib.<\/strong><\/p>\n\n\n\n<p>Bu bar\u0259d\u0259 Tvitter s\u0259hif\u0259sind\u0259 payla\u015f\u0131m edib.<\/p>\n\n\n\n<p>&#171;Atam, \u0259zizim, dostum, r\u0259hb\u0259rim, silahda\u015f\u0131m Allah\u0131n r\u0259hm\u0259tin\u0259 qovu\u015fdu. O, qan\u0131n\u0131, can\u0131n\u0131, sa\u011flaml\u0131\u011f\u0131n\u0131 v\u0259 varl\u0131\u011f\u0131n\u0131 mill\u0259timizin tam m\u00fcst\u0259qillik m\u00fcbariz\u0259sin\u0259 h\u0259sr etmi\u015fdir&#187;, &#8212; S.Bayraktar qeyd edib.<\/p>\n\n\n\n<figure class=\"wp-block-image size-large\"><img loading=\"lazy\" decoding=\"async\" width=\"677\" height=\"395\" src=\"https:\/\/fedai.az\/wp-content\/uploads\/2021\/10\/Snimok-3.png\" alt=\"\" class=\"wp-image-51384\" srcset=\"https:\/\/fedai.az\/wp-content\/uploads\/2021\/10\/Snimok-3.png 677w, https:\/\/fedai.az\/wp-content\/uploads\/2021\/10\/Snimok-3-300x175.png 300w, https:\/\/fedai.az\/wp-content\/uploads\/2021\/10\/Snimok-3-150x88.png 150w\" sizes=\"auto, (max-width: 677px) 100vw, 677px\" \/><\/figure>\n\n\n\n<p><strong>&nbsp;Az\u0259rbaycan V\u0259t\u0259n M\u00fcharib\u0259si Veteranlar\u0131 \u0130ctimai Birliyi (AVMV\u0130B) R\u0259hb\u0259rliyi Selcuk Bayraktara atas\u0131n\u0131n&nbsp;v\u0259fat\u0131ndan k\u0259d\u0259rl\u0259ndikl\u0259rini bildirir v\u0259 d\u0259rin h\u00fcznl\u0259 ba\u015fsa\u011fl\u0131\u011f\u0131 verirl\u0259r.<\/strong><\/p>\n\n\n\n<p><strong>Allah r\u0259hm\u0259t el\u0259sin!<\/strong><\/p>\n\n\n\n<p><strong>M\u0259kan\u0131 c\u0259nn\u0259t olsun!<\/strong><\/p>\n\n\n\n<figure class=\"wp-block-embed is-type-rich is-provider-twitter wp-block-embed-twitter\"><div class=\"wp-block-embed__wrapper\">\n<blockquote class=\"twitter-tweet\" data-width=\"550\" data-dnt=\"true\"><p lang=\"tr\" dir=\"ltr\">Babam, can\u0131m, arkada\u015f\u0131m, rehberim, dava yolda\u015f\u0131m Hakk&#39;\u0131n rahmetine y\u00fcr\u00fcd\u00fc..<br><br>Kan\u0131n\u0131, can\u0131n\u0131, sa\u011fl\u0131\u011f\u0131n\u0131, varl\u0131\u011f\u0131n\u0131 milletimizin tam ba\u011f\u0131ms\u0131zl\u0131k m\u00fccadelesine vakfetti.. <br><br>\u0130nna Lill\u00e2hi ve \u0130nn\u00e2 \u0130leyhi Raci\u00fbn<br><br>O&#39;ndan geldik O&#39;na d\u00f6nece\u011fiz..<a href=\"https:\/\/t.co\/E1yyyOW8Ip\">https:\/\/t.co\/E1yyyOW8Ip<\/a> <a href=\"https:\/\/t.co\/aeXh8v44Vc\">pic.twitter.com\/aeXh8v44Vc<\/a><\/p>&mdash; Sel\u00e7uk Bayraktar (@Selcuk) <a href=\"https:\/\/twitter.com\/Selcuk\/status\/1450045480008826886?ref_src=twsrc%5Etfw\">October 18, 2021<\/a><\/blockquote><script async src=\"https:\/\/platform.twitter.com\/widgets.js\" charset=\"utf-8\"><\/script>\n<\/div><\/figure>\n","protected":false},"excerpt":{"rendered":"<p>T\u00fcrkiy\u0259nin &#171;Baykar&#187; \u015firk\u0259tinin texniki direktoru, &#171;Bayraktar TB-2&#187;-l\u0259rin yarad\u0131c\u0131s\u0131 Sel\u00e7uk Bayraktar\u0131n atas\u0131 v\u0259fat edib. Bu bar\u0259d\u0259 Tvitter s\u0259hif\u0259sind\u0259 payla\u015f\u0131m edib. &#171;Atam, \u0259zizim, dostum, r\u0259hb\u0259rim, silahda\u015f\u0131m<\/p>\n","protected":false},"author":2,"featured_media":51382,"comment_status":"closed","ping_status":"closed","sticky":false,"template":"","format":"standard","meta":{"footnotes":""},"categories":[5],"tags":[],"class_list":["post-51381","post","type-post","status-publish","format-standard","has-post-thumbnail","hentry","category-veteran"],"aioseo_notices":[],"_links":{"self":[{"href":"https:\/\/fedai.az\/index.php?rest_route=\/wp\/v2\/posts\/51381","targetHints":{"allow":["GET"]}}],"collection":[{"href":"https:\/\/fedai.az\/index.php?rest_route=\/wp\/v2\/posts"}],"about":[{"href":"https:\/\/fedai.az\/index.php?rest_route=\/wp\/v2\/types\/post"}],"author":[{"embeddable":true,"href":"https:\/\/fedai.az\/index.php?rest_route=\/wp\/v2\/users\/2"}],"replies":[{"embeddable":true,"href":"https:\/\/fedai.az\/index.php?rest_route=%2Fwp%2Fv2%2Fcomments&post=51381"}],"version-history":[{"count":2,"href":"https:\/\/fedai.az\/index.php?rest_route=\/wp\/v2\/posts\/51381\/revisions"}],"predecessor-version":[{"id":51385,"href":"https:\/\/fedai.az\/index.php?rest_route=\/wp\/v2\/posts\/51381\/revisions\/51385"}],"wp:featuredmedia":[{"embeddable":true,"href":"https:\/\/fedai.az\/index.php?rest_route=\/wp\/v2\/media\/51382"}],"wp:attachment":[{"href":"https:\/\/fedai.az\/index.php?rest_route=%2Fwp%2Fv2%2Fmedia&parent=51381"}],"wp:term":[{"taxonomy":"category","embeddable":true,"href":"https:\/\/fedai.az\/index.php?rest_route=%2Fwp%2Fv2%2Fcategories&post=51381"},{"taxonomy":"post_tag","embeddable":true,"href":"https:\/\/fedai.az\/index.php?rest_route=%2Fwp%2Fv2%2Ftags&post=51381"}],"curies":[{"name":"wp","href":"https:\/\/api.w.org\/{rel}","templated":true}]}}