{"id":51386,"date":"2021-10-18T18:45:29","date_gmt":"2021-10-18T14:45:29","guid":{"rendered":"https:\/\/fedai.az\/?p=51386"},"modified":"2021-10-18T18:45:32","modified_gmt":"2021-10-18T14:45:32","slug":"erm%c9%99ni-n%c9%99srind%c9%99n-moskvaya-ittiham-rusiya-bizi-alcaldir","status":"publish","type":"post","link":"https:\/\/fedai.az\/?p=51386","title":{"rendered":"Erm\u0259ni n\u0259\u015frind\u0259n Moskvaya ittiham: \u201cRusiya bizi al\u00e7ald\u0131r\u201d"},"content":{"rendered":"\n<p><strong>&#171;Armenian Report\u201d n\u0259\u015frind\u0259 Rusiya bar\u0259d\u0259 t\u0259nqidi m\u0259qal\u0259 d\u0259rc edilib.\u00a0<\/strong><\/p>\n\n\n\n<p><br>Qaynarinfo-nun m\u0259lumat\u0131na g\u00f6r\u0259, m\u0259qal\u0259 m\u00fc\u0259llifi Samvel Ovannisyan yaz\u0131r ki, Erm\u0259nistanda rus dilli m\u0259kt\u0259bl\u0259rinin a\u00e7\u0131lmas\u0131 il\u0259 ba\u011fl\u0131 Moskvan\u0131n t\u0259\u015f\u0259bb\u00fcs\u00fc Kremlin \u0130r\u0259van\u0131 al\u00e7atmas\u0131d\u0131r.\u00a0<\/p>\n\n\n\n<p><br>&#171;A\u00e7\u0131q deyir\u0259m, Rusiya bununla bizi al\u00e7ald\u0131r. Onu qon\u015fu d\u00f6vl\u0259tl\u0259rin c\u0259miyy\u0259tl\u0259ri maraqland\u0131rm\u0131r. M\u0259n yen\u0259 d\u0259 bu m\u0259s\u0259l\u0259ni udard\u0131m. Lakin bir il \u00f6nc\u0259y\u0259 baxaq\u201d, dey\u0259 jurnalist m\u0259qal\u0259d\u0259 qeyd edib.<\/p>\n\n\n\n<p><br>Ovannisyan yaz\u0131r ki, Rusiya indiy\u0259 q\u0259d\u0259r Az\u0259rbaycan\u0131n 44 g\u00fcnl\u00fck m\u00fcharib\u0259d\u0259 \u0259ld\u0259 etdiyi n\u0259tic\u0259l\u0259r\u0259 he\u00e7 bir h\u0259rbi-h\u00fcquqi v\u0259 siyasi qiym\u0259t verm\u0259yib:\u00a0&#171;H\u0259min m\u00fcharib\u0259d\u0259 G\u00fcmr\u00fcd\u0259ki rus h\u0259rbi bazas\u0131n\u0131n \u0259sg\u0259rl\u0259ri Erm\u0259nistan\u0131n m\u00fcdafi\u0259sin\u0259 qalxmad\u0131lar. B\u0259s, bir il \u0259vv\u0259l hardayd\u0131n\u0131z? Az\u0259rbaycana qar\u015f\u0131 niy\u0259 sanksiyalar t\u0259tbiq edilm\u0259di? B\u0259lk\u0259, s\u0259fir B\u00fclb\u00fclo\u011flu Smolenski meydan\u0131na \u00e7a\u011f\u0131r\u0131ld\u0131? He\u00e7 olmasa Rusiya X\u0130N-i Az\u0259rbaycan\u0131 q\u0131nayacaq bir a\u00e7\u0131qlama ver\u0259rdi? Bunlar\u0131n he\u00e7 biri olmad\u0131. Eyni v\u0259ziyy\u0259t indi d\u0259 davam edir\u201d.<\/p>\n\n\n\n<p>Jurnalist daha sonra Qaraba\u011fda ba\u015f ver\u0259n son hadis\u0259l\u0259r\u0259 diqq\u0259t \u00e7\u0259k\u0259r\u0259k Rusiya s\u00fclhm\u0259raml\u0131lar\u0131n\u0131 ittiham edib:\u00a0<\/p>\n\n\n\n<p><br>&#171;H\u0259min vaxt s\u00fclhm\u0259raml\u0131lar\u0131n\u0131z haradayd\u0131? Qaraba\u011fda yediyiniz kababdan, i\u00e7diyini tut ara\u011f\u0131ndan z\u00f6vq ald\u0131n\u0131zm\u0131? KTMT \u00fczv Erm\u0259nistan\u0131 qorumal\u0131yd\u0131, k\u00f6m\u0259k etm\u0259liydi. B\u0259s, o hardad\u0131r?\u201d<\/p>\n\n\n\n<p><br>M\u00fc\u0259llif m\u0259qal\u0259sind\u0259 qeyd edib ki, Qaraba\u011fda ya\u015fayan erm\u0259nil\u0259r k\u00fctl\u0259vi \u015f\u0259kild\u0259 ya\u015fad\u0131qlar\u0131 yeri t\u0259rk edirl\u0259r:\u00a0<\/p>\n\n\n\n<p>&#171;Qaraba\u011f s\u00fcr\u0259tl\u0259 bo\u015fal\u0131r. Bunu rus s\u00fclhm\u0259raml\u0131lar\u0131 da t\u0259sdiql\u0259yirl\u0259r. Bir q\u0259d\u0259r \u0259vv\u0259l d\u0259 yazm\u0131\u015fd\u0131m. \u00c7ox gizli ke\u00e7iril\u0259n &#171;Vyana Konqresi\u201dnd\u0259 n\u0259l\u0259r m\u00fczakir\u0259 olunub? Rusiyan\u0131n Qaraba\u011f v\u0259 Erm\u0259nistanla ba\u011fl\u0131 hans\u0131 planlar\u0131 var? Biz\u0259 n\u0259 t\u0259klif edirsiniz? Rus dilini \u00f6yr\u0259nib, Qaraba\u011f\u0131 v\u0259 Erm\u0259nistan\u0131 t\u0259rk ed\u0259k, sonra da Rusiyaya m\u00fchacir\u0259t\u0259 yollanaq? Torpaqlar\u0131m\u0131z\u0131 t\u00fcrkl\u0259r\u0259 buraxaq? Kim\u0259s\u0259 cavab versin, C\u0259nab Kop\u0131rkin, Lavrov, Putin! Hans\u0131 g\u0259l\u0259c\u0259y\u0259 haz\u0131rla\u015fmal\u0131y\u0131q? \u00c7antalar\u0131m\u0131z\u0131 n\u0259 vaxt y\u0131\u011fmal\u0131y\u0131q?\u201d<\/p>\n","protected":false},"excerpt":{"rendered":"<p>&#171;Armenian Report\u201d n\u0259\u015frind\u0259 Rusiya bar\u0259d\u0259 t\u0259nqidi m\u0259qal\u0259 d\u0259rc edilib.\u00a0 Qaynarinfo-nun m\u0259lumat\u0131na g\u00f6r\u0259, m\u0259qal\u0259 m\u00fc\u0259llifi Samvel Ovannisyan yaz\u0131r ki, Erm\u0259nistanda rus dilli m\u0259kt\u0259bl\u0259rinin a\u00e7\u0131lmas\u0131 il\u0259<\/p>\n","protected":false},"author":2,"featured_media":51387,"comment_status":"closed","ping_status":"closed","sticky":false,"template":"","format":"standard","meta":{"footnotes":""},"categories":[4],"tags":[],"class_list":["post-51386","post","type-post","status-publish","format-standard","has-post-thumbnail","hentry","category-qarabag"],"aioseo_notices":[],"_links":{"self":[{"href":"https:\/\/fedai.az\/index.php?rest_route=\/wp\/v2\/posts\/51386","targetHints":{"allow":["GET"]}}],"collection":[{"href":"https:\/\/fedai.az\/index.php?rest_route=\/wp\/v2\/posts"}],"about":[{"href":"https:\/\/fedai.az\/index.php?rest_route=\/wp\/v2\/types\/post"}],"author":[{"embeddable":true,"href":"https:\/\/fedai.az\/index.php?rest_route=\/wp\/v2\/users\/2"}],"replies":[{"embeddable":true,"href":"https:\/\/fedai.az\/index.php?rest_route=%2Fwp%2Fv2%2Fcomments&post=51386"}],"version-history":[{"count":1,"href":"https:\/\/fedai.az\/index.php?rest_route=\/wp\/v2\/posts\/51386\/revisions"}],"predecessor-version":[{"id":51388,"href":"https:\/\/fedai.az\/index.php?rest_route=\/wp\/v2\/posts\/51386\/revisions\/51388"}],"wp:featuredmedia":[{"embeddable":true,"href":"https:\/\/fedai.az\/index.php?rest_route=\/wp\/v2\/media\/51387"}],"wp:attachment":[{"href":"https:\/\/fedai.az\/index.php?rest_route=%2Fwp%2Fv2%2Fmedia&parent=51386"}],"wp:term":[{"taxonomy":"category","embeddable":true,"href":"https:\/\/fedai.az\/index.php?rest_route=%2Fwp%2Fv2%2Fcategories&post=51386"},{"taxonomy":"post_tag","embeddable":true,"href":"https:\/\/fedai.az\/index.php?rest_route=%2Fwp%2Fv2%2Ftags&post=51386"}],"curies":[{"name":"wp","href":"https:\/\/api.w.org\/{rel}","templated":true}]}}