{"id":51393,"date":"2021-10-18T18:55:44","date_gmt":"2021-10-18T14:55:44","guid":{"rendered":"https:\/\/fedai.az\/?p=51393"},"modified":"2021-10-18T18:55:47","modified_gmt":"2021-10-18T14:55:47","slug":"ilham-%c9%99liyev-%c9%99sas-v%c9%99zif%c9%99miz-g%c9%99ncl%c9%99ri-v%c9%99t%c9%99np%c9%99rv%c9%99rlik-ruhunda-boyutm%c9%99kdir","status":"publish","type":"post","link":"https:\/\/fedai.az\/?p=51393","title":{"rendered":"\u0130lham \u018fliyev: &#171;\u018fsas v\u0259zif\u0259miz g\u0259ncl\u0259ri v\u0259t\u0259np\u0259rv\u0259rlik ruhunda b\u00f6y\u00fctm\u0259kdir&#187;"},"content":{"rendered":"\n<p><strong>\u018fsas v\u0259zif\u0259miz g\u0259ncl\u0259ri v\u0259t\u0259np\u0259rv\u0259rlik ruhunda b\u00f6y\u00fctm\u0259kdir. \u00c7\u00fcnki bu olmasa, bizim arzular\u0131m\u0131z yar\u0131m\u00e7\u0131q olacaq. V\u0259t\u0259np\u0259rv\u0259rlik olsa, V\u0259t\u0259n\u0259 ba\u011fl\u0131l\u0131q olsa, he\u00e7 bir q\u00fcvv\u0259 bizim qaba\u011f\u0131m\u0131zda dura bilm\u0259z.<\/strong><\/p>\n\n\n\n<p>Bu fikirl\u0259ri Prezident \u0130lham \u018fliyev F\u00fczuli rayon ictimaiyy\u0259tinin n\u00fcmay\u0259nd\u0259l\u0259ri il\u0259 g\u00f6r\u00fc\u015f\u00fcnd\u0259 s\u00f6yl\u0259yib.<\/p>\n\n\n\n<p>D\u00f6vl\u0259timizin ba\u015f\u00e7\u0131s\u0131 deyib:<\/p>\n\n\n\n<p>\u201cBizi h\u0259m m\u00fcharib\u0259d\u0259n \u0259vv\u0259l, h\u0259m m\u00fcharib\u0259 zaman\u0131, h\u0259m d\u0259 b\u0259zil\u0259ri m\u00fcharib\u0259d\u0259n sonra h\u0259d\u0259l\u0259m\u0259y\u0259 \u00e7al\u0131\u015f\u0131rd\u0131lar v\u0259 \u00e7al\u0131\u015f\u0131rlar. Amma b\u00fct\u00fcn bu s\u0259yl\u0259r pu\u00e7a \u00e7\u0131xd\u0131. \u00c7\u00fcnki he\u00e7 kim bizim irad\u0259mizi \u0259y\u0259 bilm\u0259z. Biz qeyri-b\u0259rab\u0259r sava\u015fa, qeyri-b\u0259rab\u0259r m\u00fcbariz\u0259y\u0259 h\u0259r an haz\u0131r\u0131q, \u00f6l\u00fcm\u0259 getm\u0259y\u0259 haz\u0131r\u0131q, amma \u00f6z l\u0259yaq\u0259timizi, \u00f6z q\u00fcrurumuzu, \u00f6z m\u00fcst\u0259qilliyimizi he\u00e7 kim\u0259 g\u00fcz\u0259\u015ft\u0259 getm\u0259y\u0259c\u0259yik. Bunu h\u0259r k\u0259s bilsin\u201d.<\/p>\n","protected":false},"excerpt":{"rendered":"<p>\u018fsas v\u0259zif\u0259miz g\u0259ncl\u0259ri v\u0259t\u0259np\u0259rv\u0259rlik ruhunda b\u00f6y\u00fctm\u0259kdir. \u00c7\u00fcnki bu olmasa, bizim arzular\u0131m\u0131z yar\u0131m\u00e7\u0131q olacaq. V\u0259t\u0259np\u0259rv\u0259rlik olsa, V\u0259t\u0259n\u0259 ba\u011fl\u0131l\u0131q olsa, he\u00e7 bir q\u00fcvv\u0259 bizim qaba\u011f\u0131m\u0131zda dura<\/p>\n","protected":false},"author":2,"featured_media":51394,"comment_status":"closed","ping_status":"closed","sticky":false,"template":"","format":"standard","meta":{"footnotes":""},"categories":[3],"tags":[],"class_list":["post-51393","post","type-post","status-publish","format-standard","has-post-thumbnail","hentry","category-gundm"],"aioseo_notices":[],"_links":{"self":[{"href":"https:\/\/fedai.az\/index.php?rest_route=\/wp\/v2\/posts\/51393","targetHints":{"allow":["GET"]}}],"collection":[{"href":"https:\/\/fedai.az\/index.php?rest_route=\/wp\/v2\/posts"}],"about":[{"href":"https:\/\/fedai.az\/index.php?rest_route=\/wp\/v2\/types\/post"}],"author":[{"embeddable":true,"href":"https:\/\/fedai.az\/index.php?rest_route=\/wp\/v2\/users\/2"}],"replies":[{"embeddable":true,"href":"https:\/\/fedai.az\/index.php?rest_route=%2Fwp%2Fv2%2Fcomments&post=51393"}],"version-history":[{"count":1,"href":"https:\/\/fedai.az\/index.php?rest_route=\/wp\/v2\/posts\/51393\/revisions"}],"predecessor-version":[{"id":51395,"href":"https:\/\/fedai.az\/index.php?rest_route=\/wp\/v2\/posts\/51393\/revisions\/51395"}],"wp:featuredmedia":[{"embeddable":true,"href":"https:\/\/fedai.az\/index.php?rest_route=\/wp\/v2\/media\/51394"}],"wp:attachment":[{"href":"https:\/\/fedai.az\/index.php?rest_route=%2Fwp%2Fv2%2Fmedia&parent=51393"}],"wp:term":[{"taxonomy":"category","embeddable":true,"href":"https:\/\/fedai.az\/index.php?rest_route=%2Fwp%2Fv2%2Fcategories&post=51393"},{"taxonomy":"post_tag","embeddable":true,"href":"https:\/\/fedai.az\/index.php?rest_route=%2Fwp%2Fv2%2Ftags&post=51393"}],"curies":[{"name":"wp","href":"https:\/\/api.w.org\/{rel}","templated":true}]}}